{"id":90811,"date":"2023-02-17T07:47:43","date_gmt":"2023-02-17T12:47:43","guid":{"rendered":"https:\/\/futbolhoy.co\/?p=90811"},"modified":"2023-02-18T08:25:33","modified_gmt":"2023-02-18T13:25:33","slug":"zidane-quiere-volver-a-entrenar","status":"publish","type":"post","link":"https:\/\/futbolhoy.co\/index.php\/2023\/02\/17\/zidane-quiere-volver-a-entrenar\/","title":{"rendered":"Zidane quiere volver a entrenar"},"content":{"rendered":"<p style=\"text-align: justify;\"><span lang=\"ES-MX\" style=\"font-family: helvetica, arial, sans-serif;\">El franc\u00e9s\u00a0<b>Zinedine Zidane<\/b>, quien no ha dirigido a ning\u00fan equipo desde que abandon\u00f3 el\u00a0<b>Real Madrid en 2021<\/b>, se\u00f1al\u00f3 en\u00a0<b>Londres<\/b>\u00a0que tiene \u00abganas de volver y tener un proyecto\u00bb.<\/span><\/p>\n<p style=\"text-align: justify;\"><span lang=\"ES-MX\" style=\"font-family: helvetica, arial, sans-serif;\">\u00ab<b>Tengo ganas de volver, de tener un proyecto.<\/b>\u00a0Hoy tengo tiempo, pero no s\u00e9 hasta cu\u00e1ndo. Puedo tener tiempo y de repente todo puede cambiar r\u00e1pido\u00bb, declar\u00f3\u00a0<b>\u2018Zizou\u2019<\/b>\u00a0en la presentaci\u00f3n del monoplaza de la escuder\u00eda\u00a0<b>Alpine<\/b>\u00a0de\u00a0<b>F\u00f3rmula Uno<\/b>, de la que fue nombrado embajador de programas para la igualdad de oportunidades.<\/span><\/p>\n<p style=\"text-align: justify;\"><span lang=\"ES-MX\" style=\"font-family: helvetica, arial, sans-serif;\">\u00abTengo ganas de estar ocupado\u00bb, insisti\u00f3 el ex volante, quien fue descartado para dirigir la selecci\u00f3n de su pa\u00eds, ante la renovaci\u00f3n hasta 2026 de\u00a0<b>Didier Deschamps.<\/b><\/span><\/p>\n<p style=\"text-align: justify;\"><span lang=\"ES-MX\" style=\"font-family: helvetica, arial, sans-serif;\">Zidane tambi\u00e9n ha sido vinculado con el\u00a0<b>PSG<\/b>, ante los discretos resultados del equipo bajo las \u00f3rdenes de<b>\u00a0Christophe Galtier.<\/b><\/span><\/p>\n","protected":false},"excerpt":{"rendered":"<p>El franc\u00e9s\u00a0Zinedine Zidane, quien no ha dirigido a ning\u00fan equipo desde que abandon\u00f3 el\u00a0Real Madrid en 2021, se\u00f1al\u00f3 en\u00a0Londres\u00a0que tiene \u00abganas de volver y tener un proyecto\u00bb. \u00abTengo ganas de volver, de tener un proyecto.\u00a0Hoy tengo tiempo, pero no s\u00e9 hasta cu\u00e1ndo. Puedo tener tiempo y de repente todo puede cambiar r\u00e1pido\u00bb, declar\u00f3\u00a0\u2018Zizou\u2019\u00a0en la presentaci\u00f3n [&hellip;]<\/p>\n","protected":false},"author":5,"featured_media":90813,"comment_status":"open","ping_status":"closed","sticky":false,"template":"","format":"standard","meta":{"_acf_changed":false,"footnotes":""},"categories":[152],"tags":[],"class_list":{"0":"post-90811","1":"post","2":"type-post","3":"status-publish","4":"format-standard","5":"has-post-thumbnail","7":"category-mundo-futbol"},"acf":[],"_links":{"self":[{"href":"https:\/\/futbolhoy.co\/index.php\/wp-json\/wp\/v2\/posts\/90811","targetHints":{"allow":["GET"]}}],"collection":[{"href":"https:\/\/futbolhoy.co\/index.php\/wp-json\/wp\/v2\/posts"}],"about":[{"href":"https:\/\/futbolhoy.co\/index.php\/wp-json\/wp\/v2\/types\/post"}],"author":[{"embeddable":true,"href":"https:\/\/futbolhoy.co\/index.php\/wp-json\/wp\/v2\/users\/5"}],"replies":[{"embeddable":true,"href":"https:\/\/futbolhoy.co\/index.php\/wp-json\/wp\/v2\/comments?post=90811"}],"version-history":[{"count":1,"href":"https:\/\/futbolhoy.co\/index.php\/wp-json\/wp\/v2\/posts\/90811\/revisions"}],"predecessor-version":[{"id":90814,"href":"https:\/\/futbolhoy.co\/index.php\/wp-json\/wp\/v2\/posts\/90811\/revisions\/90814"}],"wp:featuredmedia":[{"embeddable":true,"href":"https:\/\/futbolhoy.co\/index.php\/wp-json\/wp\/v2\/media\/90813"}],"wp:attachment":[{"href":"https:\/\/futbolhoy.co\/index.php\/wp-json\/wp\/v2\/media?parent=90811"}],"wp:term":[{"taxonomy":"category","embeddable":true,"href":"https:\/\/futbolhoy.co\/index.php\/wp-json\/wp\/v2\/categories?post=90811"},{"taxonomy":"post_tag","embeddable":true,"href":"https:\/\/futbolhoy.co\/index.php\/wp-json\/wp\/v2\/tags?post=90811"}],"curies":[{"name":"wp","href":"https:\/\/api.w.org\/{rel}","templated":true}]}}