{"id":90824,"date":"2023-02-17T17:26:00","date_gmt":"2023-02-17T22:26:00","guid":{"rendered":"https:\/\/futbolhoy.co\/?p=90824"},"modified":"2023-02-18T10:54:28","modified_gmt":"2023-02-18T15:54:28","slug":"definidos-los-arbitros-de-la-copa-libertadores","status":"publish","type":"post","link":"https:\/\/futbolhoy.co\/index.php\/2023\/02\/17\/definidos-los-arbitros-de-la-copa-libertadores\/","title":{"rendered":"Definidos los \u00e1rbitros de la Copa Libertadores"},"content":{"rendered":"<div id=\"m#msg-f:1758118049325816727\" class=\"mail-message expanded\">\n<div class=\"mail-message-content collapsible zoom-normal mail-show-images \">\n<div class=\"clear\">\n<div>\n<div>\n<div dir=\"ltr\">\n<div>\n<p style=\"text-align: justify;\"><span style=\"font-family: helvetica, arial, sans-serif;\"><b><span lang=\"ES-MX\">Millonarios y Medell\u00edn\u00a0<\/span><\/b><span lang=\"ES-MX\">debutar\u00e1n la pr\u00f3xima semana en la\u00a0<\/span><b><span lang=\"ES-MX\">Copa Libertadores,\u00a0<\/span><\/b><span lang=\"ES-MX\">en el marco de la segunda fase, y la\u00a0<\/span><b><span lang=\"ES-MX\">Conmebol<\/span><\/b><span lang=\"ES-MX\">\u00a0ya design\u00f3 los cuerpos arbitrales para los juegos de esta instancia.<\/span><\/span><\/p>\n<p style=\"text-align: justify;\"><span style=\"font-family: helvetica, arial, sans-serif;\"><b><span lang=\"ES-MX\">\u2018El Embajador\u2019<\/span><\/b><span lang=\"ES-MX\">\u00a0visitar\u00e1 el jueves (7PM) a la\u00a0<\/span><b><span lang=\"ES-MX\">Universidad Cat\u00f3lica de Ecuador<\/span><\/b><span lang=\"ES-MX\">\u00a0y el compromiso tendr\u00e1 la conducci\u00f3n del juez brasile\u00f1o\u00a0<\/span><b><span lang=\"ES-MX\">Braulio Machado<\/span><\/b><span lang=\"ES-MX\">; mientras que para el duelo de\u00a0<\/span><b><span lang=\"ES-MX\">\u2018El Poderoso\u2019 ante El Nacional de Quito<\/span><\/b><span lang=\"ES-MX\">\u00a0el mi\u00e9rcoles(5PM) fue nombrado el uruguayo\u00a0<\/span><b><span lang=\"ES-MX\">Gustavo Tejera<\/span><\/b><span lang=\"ES-MX\">.<\/span><\/span><\/p>\n<p style=\"text-align: justify;\"><span style=\"font-family: helvetica, arial, sans-serif;\"><span lang=\"ES-MX\">En cuanto a los \u00e1rbitros colombianos,\u00a0<\/span><b><span lang=\"ES-MX\">Wilmar Rold\u00e1n<\/span><\/b><span lang=\"ES-MX\">\u00a0estar\u00e1 en el partido de\u00a0<\/span><b><span lang=\"ES-MX\">Boston River de Uruguay y Hurac\u00e1n de Argentina<\/span><\/b><span lang=\"ES-MX\">, con el\u00a0<\/span><b><span lang=\"ES-MX\">VAR de Jhon Perdomo.<\/span><\/b><\/span><\/p>\n<p style=\"text-align: justify;\"><span style=\"font-family: helvetica, arial, sans-serif;\"><b><span lang=\"ES-MX\">Carlos Betancur<\/span><\/b><span lang=\"ES-MX\">\u00a0conducir\u00e1 el duelo\u00a0<\/span><b><span lang=\"ES-MX\">Deportivo Maldonado (URU)-Fortaleza (BRA)<\/span><\/b><span lang=\"ES-MX\">\u00a0(VAR de Perdomo); y\u00a0<b>Nicol\u00e1s Gallo<\/b>\u00a0ser\u00e1 VAR en<\/span><b><span lang=\"ES-MX\"> Carabobo (VEN)-Atl\u00e9tico Mineiro.<\/span><\/b><\/span><\/p>\n<\/div>\n<\/div>\n<\/div>\n<\/div>\n<\/div>\n<\/div>\n<\/div>\n","protected":false},"excerpt":{"rendered":"<p>Millonarios y Medell\u00edn\u00a0debutar\u00e1n la pr\u00f3xima semana en la\u00a0Copa Libertadores,\u00a0en el marco de la segunda fase, y la\u00a0Conmebol\u00a0ya design\u00f3 los cuerpos arbitrales para los juegos de esta instancia. \u2018El Embajador\u2019\u00a0visitar\u00e1 el jueves (7PM) a la\u00a0Universidad Cat\u00f3lica de Ecuador\u00a0y el compromiso tendr\u00e1 la conducci\u00f3n del juez brasile\u00f1o\u00a0Braulio Machado; mientras que para el duelo de\u00a0\u2018El Poderoso\u2019 ante El [&hellip;]<\/p>\n","protected":false},"author":5,"featured_media":90825,"comment_status":"open","ping_status":"closed","sticky":false,"template":"","format":"standard","meta":{"_acf_changed":false,"footnotes":""},"categories":[152],"tags":[],"class_list":{"0":"post-90824","1":"post","2":"type-post","3":"status-publish","4":"format-standard","5":"has-post-thumbnail","7":"category-mundo-futbol"},"acf":[],"_links":{"self":[{"href":"https:\/\/futbolhoy.co\/index.php\/wp-json\/wp\/v2\/posts\/90824","targetHints":{"allow":["GET"]}}],"collection":[{"href":"https:\/\/futbolhoy.co\/index.php\/wp-json\/wp\/v2\/posts"}],"about":[{"href":"https:\/\/futbolhoy.co\/index.php\/wp-json\/wp\/v2\/types\/post"}],"author":[{"embeddable":true,"href":"https:\/\/futbolhoy.co\/index.php\/wp-json\/wp\/v2\/users\/5"}],"replies":[{"embeddable":true,"href":"https:\/\/futbolhoy.co\/index.php\/wp-json\/wp\/v2\/comments?post=90824"}],"version-history":[{"count":1,"href":"https:\/\/futbolhoy.co\/index.php\/wp-json\/wp\/v2\/posts\/90824\/revisions"}],"predecessor-version":[{"id":90826,"href":"https:\/\/futbolhoy.co\/index.php\/wp-json\/wp\/v2\/posts\/90824\/revisions\/90826"}],"wp:featuredmedia":[{"embeddable":true,"href":"https:\/\/futbolhoy.co\/index.php\/wp-json\/wp\/v2\/media\/90825"}],"wp:attachment":[{"href":"https:\/\/futbolhoy.co\/index.php\/wp-json\/wp\/v2\/media?parent=90824"}],"wp:term":[{"taxonomy":"category","embeddable":true,"href":"https:\/\/futbolhoy.co\/index.php\/wp-json\/wp\/v2\/categories?post=90824"},{"taxonomy":"post_tag","embeddable":true,"href":"https:\/\/futbolhoy.co\/index.php\/wp-json\/wp\/v2\/tags?post=90824"}],"curies":[{"name":"wp","href":"https:\/\/api.w.org\/{rel}","templated":true}]}}