{"id":90880,"date":"2023-02-18T08:22:19","date_gmt":"2023-02-18T13:22:19","guid":{"rendered":"https:\/\/futbolhoy.co\/?p=90880"},"modified":"2023-02-18T17:35:33","modified_gmt":"2023-02-18T22:35:33","slug":"marcelo-dejo-el-olympiacos","status":"publish","type":"post","link":"https:\/\/futbolhoy.co\/index.php\/2023\/02\/18\/marcelo-dejo-el-olympiacos\/","title":{"rendered":"Marcelo dej\u00f3 el Olympiacos"},"content":{"rendered":"<p style=\"text-align: justify;\"><span style=\"font-family: helvetica, arial, sans-serif;\">El defensa brasile\u00f1o\u00a0<b>Marcelo rescindi\u00f3 su contrato con Olympiacos<\/b>\u00a0despu\u00e9s de llegar a un acuerdo con la c\u00fapula del equipo griego.<\/span><\/p>\n<p style=\"text-align: justify;\"><span style=\"font-family: helvetica, arial, sans-serif;\">Tan solo cinco meses tras su adquisici\u00f3n por\u00a0<b>el campe\u00f3n de<\/b>\u00a0<b>Grecia<\/b>, el lateral\u00a0<b>brasile\u00f1o de 34 a\u00f1os<\/b>\u00a0ya no ser\u00e1 parte del equipo, donde era compa\u00f1ero del volante colombiano\u00a0<b>James Rodr\u00edguez<\/b>.<\/span><\/p>\n<p style=\"text-align: justify;\"><span style=\"font-family: helvetica, arial, sans-serif;\">Marcelo solo alcanz\u00f3 a disputar\u00a0<b>332 minutos en 10 partidos<\/b>\u00a0y convirti\u00f3 tres goles.<\/span><\/p>\n<p style=\"text-align: justify;\"><span style=\"font-family: helvetica, arial, sans-serif;\">Seg\u00fan el portal griego\u00a0<b>Sport24.gr,<\/b>\u00a0Marcelo tiene una oferta de otro equipo, que lo cubre tanto competitiva como econ\u00f3micamente, aunque no se especifica cu\u00e1l es ese club.<\/span><\/p>\n<p style=\"text-align: justify;\"><span style=\"font-family: helvetica, arial, sans-serif;\">Olympiacos figura en el tercer puesto de la liga hel\u00e9nica, detr\u00e1s\u00a0<b>del Panathinaikos y AEK.<\/b><\/span><\/p>\n","protected":false},"excerpt":{"rendered":"<p>El defensa brasile\u00f1o\u00a0Marcelo rescindi\u00f3 su contrato con Olympiacos\u00a0despu\u00e9s de llegar a un acuerdo con la c\u00fapula del equipo griego. Tan solo cinco meses tras su adquisici\u00f3n por\u00a0el campe\u00f3n de\u00a0Grecia, el lateral\u00a0brasile\u00f1o de 34 a\u00f1os\u00a0ya no ser\u00e1 parte del equipo, donde era compa\u00f1ero del volante colombiano\u00a0James Rodr\u00edguez. Marcelo solo alcanz\u00f3 a disputar\u00a0332 minutos en 10 partidos\u00a0y [&hellip;]<\/p>\n","protected":false},"author":5,"featured_media":90881,"comment_status":"open","ping_status":"closed","sticky":false,"template":"","format":"standard","meta":{"_acf_changed":false,"footnotes":""},"categories":[152],"tags":[],"class_list":{"0":"post-90880","1":"post","2":"type-post","3":"status-publish","4":"format-standard","5":"has-post-thumbnail","7":"category-mundo-futbol"},"acf":[],"_links":{"self":[{"href":"https:\/\/futbolhoy.co\/index.php\/wp-json\/wp\/v2\/posts\/90880","targetHints":{"allow":["GET"]}}],"collection":[{"href":"https:\/\/futbolhoy.co\/index.php\/wp-json\/wp\/v2\/posts"}],"about":[{"href":"https:\/\/futbolhoy.co\/index.php\/wp-json\/wp\/v2\/types\/post"}],"author":[{"embeddable":true,"href":"https:\/\/futbolhoy.co\/index.php\/wp-json\/wp\/v2\/users\/5"}],"replies":[{"embeddable":true,"href":"https:\/\/futbolhoy.co\/index.php\/wp-json\/wp\/v2\/comments?post=90880"}],"version-history":[{"count":1,"href":"https:\/\/futbolhoy.co\/index.php\/wp-json\/wp\/v2\/posts\/90880\/revisions"}],"predecessor-version":[{"id":90882,"href":"https:\/\/futbolhoy.co\/index.php\/wp-json\/wp\/v2\/posts\/90880\/revisions\/90882"}],"wp:featuredmedia":[{"embeddable":true,"href":"https:\/\/futbolhoy.co\/index.php\/wp-json\/wp\/v2\/media\/90881"}],"wp:attachment":[{"href":"https:\/\/futbolhoy.co\/index.php\/wp-json\/wp\/v2\/media?parent=90880"}],"wp:term":[{"taxonomy":"category","embeddable":true,"href":"https:\/\/futbolhoy.co\/index.php\/wp-json\/wp\/v2\/categories?post=90880"},{"taxonomy":"post_tag","embeddable":true,"href":"https:\/\/futbolhoy.co\/index.php\/wp-json\/wp\/v2\/tags?post=90880"}],"curies":[{"name":"wp","href":"https:\/\/api.w.org\/{rel}","templated":true}]}}