{"id":91052,"date":"2023-02-20T06:34:33","date_gmt":"2023-02-20T11:34:33","guid":{"rendered":"https:\/\/futbolhoy.co\/?p=91052"},"modified":"2023-02-20T15:05:01","modified_gmt":"2023-02-20T20:05:01","slug":"bucaramanga-y-nacional-empataron-en-el-debut-de-teo","status":"publish","type":"post","link":"https:\/\/futbolhoy.co\/index.php\/2023\/02\/20\/bucaramanga-y-nacional-empataron-en-el-debut-de-teo\/","title":{"rendered":"Bucaramanga y Nacional empataron en el debut de Teo"},"content":{"rendered":"<p style=\"text-align: justify;\"><span style=\"font-family: helvetica, arial, sans-serif;\"><b><span lang=\"ES-MX\">Atl\u00e9tico Bucaramanga igual\u00f3 1-1 con Nacional\u00a0<\/span><\/b><span lang=\"ES-MX\">en el partido que marc\u00f3 el debut de\u00a0<\/span><b><span lang=\"ES-MX\">Te\u00f3filo Guti\u00e9rrez<\/span><\/b><span lang=\"ES-MX\">\u00a0con la camiseta del\u00a0<\/span><b><span lang=\"ES-MX\">\u2018Leopardo\u2019<\/span><\/b><span lang=\"ES-MX\">\u00a0en la\u00a0<\/span><b><span lang=\"ES-MX\">Liga BetPlay Dimayor I-2023.<\/span><\/b><\/span><\/p>\n<p style=\"text-align: justify;\"><span style=\"font-family: helvetica, arial, sans-serif;\"><span lang=\"ES-MX\">El visitante se fue en ventaja con gol de penalti de\u00a0<\/span><b><span lang=\"ES-MX\">Tom\u00e1s \u00c1ngel<\/span><\/b><span lang=\"ES-MX\">, por una infracci\u00f3n sobre\u00a0<\/span><b><span lang=\"ES-MX\">Brahian Palacios<\/span><\/b><span lang=\"ES-MX\">\u00a0a los 45\u2019+1\u2019. El atacante que sufri\u00f3 la falta hab\u00eda ingresado a los 33 minutos por el volante\u00a0<\/span><b><span lang=\"ES-MX\">Jhon Duque<\/span><\/b><span lang=\"ES-MX\">, quien sali\u00f3 con problemas en la pierna derecha.<\/span><\/span><\/p>\n<p style=\"text-align: justify;\"><span style=\"font-family: helvetica, arial, sans-serif;\"><span lang=\"ES-MX\">El empate del Bucaramanga fue obra del goleador\u00a0<\/span><b><span lang=\"ES-MX\">Gonzalo Lencina<\/span><\/b><span lang=\"ES-MX\">\u00a0a los 48 minutos, luego de una gran jugada colectiva por derecha que inici\u00f3\u00a0<\/span><b><span lang=\"ES-MX\">Teo<\/span><\/b><span lang=\"ES-MX\">, centr\u00f3\u00a0<\/span><b><span lang=\"ES-MX\">Gustavo Torres<\/span><\/b><span lang=\"ES-MX\">\u00a0y cabece\u00f3 el atacante argentino.<\/span><\/span><\/p>\n<p style=\"text-align: justify;\"><span style=\"font-family: helvetica, arial, sans-serif;\"><b><span lang=\"ES-MX\">Lencina complet\u00f3 4 tantos<\/span><\/b><span lang=\"ES-MX\">\u00a0y es el m\u00e1ximo artillero del campeonato.<\/span><\/span><\/p>\n<p style=\"text-align: justify;\"><span style=\"font-family: helvetica, arial, sans-serif;\"><span lang=\"ES-MX\">El partido result\u00f3 muy entretenido, con buenas opciones ofensivas e intervenciones acertadas de los porteros,\u00a0<\/span><b><span lang=\"ES-MX\">James Aguirre<\/span><\/b><span lang=\"ES-MX\">\u00a0por el elenco de la Ciudad Bonita y\u00a0<\/span><b><span lang=\"ES-MX\">Kevin Mier por el \u2018Verde antioque\u00f1o\u2019.<\/span><\/b><\/span><\/p>\n<p style=\"text-align: justify;\"><span style=\"font-family: helvetica, arial, sans-serif;\"><span lang=\"ES-MX\">El \u00e1rbitro\u00a0<\/span><b><span lang=\"ES-MX\">Carlos Betancur<\/span><\/b><span lang=\"ES-MX\">, por llamado del VAR, anul\u00f3 un gol de Palacios, ya que \u00c1ngel intervino en la trayectoria del remate y obstruy\u00f3 la visi\u00f3n de Aguirre.<\/span><\/span><\/p>\n<p style=\"text-align: justify;\"><span style=\"font-family: helvetica, arial, sans-serif;\"><span lang=\"ES-MX\">En el segundo tiempo se present\u00f3 una jugada pol\u00e9mica, donde dos remates de los santandereanos golpearon el brazo del capit\u00e1n nacionalista\u00a0<\/span><b><span lang=\"ES-MX\">Cristian Zapata<\/span><\/b><span lang=\"ES-MX\">, sin que el juez y el\u00a0<\/span><b><span lang=\"ES-MX\">VAR<\/span><\/b><span lang=\"ES-MX\">\u00a0intervinieran.<\/span><\/span><\/p>\n<p style=\"text-align: justify;\"><span style=\"font-family: helvetica, arial, sans-serif;\"><span lang=\"ES-MX\">Acudieron\u00a0<\/span><b><span lang=\"ES-MX\">16.422 aficionados al estadio Alfonso L\u00f3pez.<\/span><\/b><\/span><\/p>\n<p style=\"text-align: justify;\"><span style=\"font-family: helvetica, arial, sans-serif;\"><span lang=\"ES-MX\">Bucaramanga jugar\u00e1 el viernes en campo de\u00a0<\/span><b><span lang=\"ES-MX\">\u00c1guilas Doradas<\/span><\/b><span lang=\"ES-MX\">\u00a0y Nacional el lunes 27 de febrero recibir\u00e1 al colero<\/span><b><span lang=\"ES-MX\">\u00a0Huila<\/span><\/b><span lang=\"ES-MX\">\u00a0en la sexta fecha.<\/span><b><span lang=\"ES-MX\">\u00a0\u00a0<\/span><\/b><\/span><\/p>\n","protected":false},"excerpt":{"rendered":"<p>Atl\u00e9tico Bucaramanga igual\u00f3 1-1 con Nacional\u00a0en el partido que marc\u00f3 el debut de\u00a0Te\u00f3filo Guti\u00e9rrez\u00a0con la camiseta del\u00a0\u2018Leopardo\u2019\u00a0en la\u00a0Liga BetPlay Dimayor I-2023. El visitante se fue en ventaja con gol de penalti de\u00a0Tom\u00e1s \u00c1ngel, por una infracci\u00f3n sobre\u00a0Brahian Palacios\u00a0a los 45\u2019+1\u2019. El atacante que sufri\u00f3 la falta hab\u00eda ingresado a los 33 minutos por el volante\u00a0Jhon [&hellip;]<\/p>\n","protected":false},"author":5,"featured_media":91053,"comment_status":"open","ping_status":"closed","sticky":false,"template":"","format":"standard","meta":{"_acf_changed":false,"footnotes":""},"categories":[7],"tags":[],"class_list":{"0":"post-91052","1":"post","2":"type-post","3":"status-publish","4":"format-standard","5":"has-post-thumbnail","7":"category-liga-betplay"},"acf":[],"_links":{"self":[{"href":"https:\/\/futbolhoy.co\/index.php\/wp-json\/wp\/v2\/posts\/91052","targetHints":{"allow":["GET"]}}],"collection":[{"href":"https:\/\/futbolhoy.co\/index.php\/wp-json\/wp\/v2\/posts"}],"about":[{"href":"https:\/\/futbolhoy.co\/index.php\/wp-json\/wp\/v2\/types\/post"}],"author":[{"embeddable":true,"href":"https:\/\/futbolhoy.co\/index.php\/wp-json\/wp\/v2\/users\/5"}],"replies":[{"embeddable":true,"href":"https:\/\/futbolhoy.co\/index.php\/wp-json\/wp\/v2\/comments?post=91052"}],"version-history":[{"count":1,"href":"https:\/\/futbolhoy.co\/index.php\/wp-json\/wp\/v2\/posts\/91052\/revisions"}],"predecessor-version":[{"id":91054,"href":"https:\/\/futbolhoy.co\/index.php\/wp-json\/wp\/v2\/posts\/91052\/revisions\/91054"}],"wp:featuredmedia":[{"embeddable":true,"href":"https:\/\/futbolhoy.co\/index.php\/wp-json\/wp\/v2\/media\/91053"}],"wp:attachment":[{"href":"https:\/\/futbolhoy.co\/index.php\/wp-json\/wp\/v2\/media?parent=91052"}],"wp:term":[{"taxonomy":"category","embeddable":true,"href":"https:\/\/futbolhoy.co\/index.php\/wp-json\/wp\/v2\/categories?post=91052"},{"taxonomy":"post_tag","embeddable":true,"href":"https:\/\/futbolhoy.co\/index.php\/wp-json\/wp\/v2\/tags?post=91052"}],"curies":[{"name":"wp","href":"https:\/\/api.w.org\/{rel}","templated":true}]}}