{"id":9260,"date":"2017-11-06T09:55:39","date_gmt":"2017-11-06T14:55:39","guid":{"rendered":"http:\/\/futbolhoy.co\/?p=9260"},"modified":"2017-11-09T10:57:56","modified_gmt":"2017-11-09T15:57:56","slug":"los-jugadores-de-la-seleccion-colombia-lucen-la-nueva-camiseta","status":"publish","type":"post","link":"https:\/\/futbolhoy.co\/index.php\/2017\/11\/06\/los-jugadores-de-la-seleccion-colombia-lucen-la-nueva-camiseta\/","title":{"rendered":"Los jugadores de la Selecci\u00f3n Colombia lucen la nueva camiseta"},"content":{"rendered":"<blockquote class=\"instagram-media\" style=\"background: #FFF; border: 0; border-radius: 3px; box-shadow: 0 0 1px 0 rgba(0,0,0,0.5),0 1px 10px 0 rgba(0,0,0,0.15); margin: 1px; max-width: 658px; padding: 0; width: calc(100% - 2px);\" data-instgrm-captioned=\"\" data-instgrm-version=\"7\">\n<div style=\"padding: 8px;\">\n<div style=\"background: #F8F8F8; line-height: 0; margin-top: 40px; padding: 33.33333333333333% 0; text-align: center; width: 100%;\"><\/div>\n<p style=\"margin: 8px 0 0 0; padding: 0 4px;\"><a style=\"color: #000; font-family: Arial,sans-serif; font-size: 14px; font-style: normal; font-weight: normal; line-height: 17px; text-decoration: none; word-wrap: break-word;\" href=\"https:\/\/www.instagram.com\/p\/BbJdh8CFOck\/\" target=\"_blank\">\u00a1Lleva nuestros colores bien cerca al coraz\u00f3n! \ud83c\udde8\ud83c\uddf4 Esta es la nueva camiseta de la Selecci\u00f3n Colombia con la que iremos a Rusia 2018. #HereToCreate @adidasco @adidasfootball<\/a><\/p>\n<p style=\"color: #c9c8cd; font-family: Arial,sans-serif; font-size: 14px; line-height: 17px; margin-bottom: 0; margin-top: 8px; overflow: hidden; padding: 8px 0 7px; text-align: center; text-overflow: ellipsis; white-space: nowrap;\">Una publicaci\u00f3n compartida de James Rodr\u00edguez (@jamesrodriguez10) el <time style=\"font-family: Arial,sans-serif; font-size: 14px; line-height: 17px;\" datetime=\"2017-11-06T08:55:05+00:00\">6 de Nov de 2017 a la(s) 12:55 PST<\/time><\/p>\n<\/div>\n<\/blockquote>\n<p><script async defer src=\"\/\/platform.instagram.com\/en_US\/embeds.js\"><\/script><\/p>\n<blockquote class=\"instagram-media\" style=\"background: #FFF; border: 0; border-radius: 3px; box-shadow: 0 0 1px 0 rgba(0,0,0,0.5),0 1px 10px 0 rgba(0,0,0,0.15); margin: 1px; max-width: 658px; padding: 0; width: calc(100% - 2px);\" data-instgrm-captioned=\"\" data-instgrm-version=\"7\">\n<div style=\"padding: 8px;\">\n<div style=\"background: #F8F8F8; line-height: 0; margin-top: 40px; padding: 50% 0; text-align: center; width: 100%;\"><\/div>\n<p style=\"margin: 8px 0 0 0; padding: 0 4px;\"><a style=\"color: #000; font-family: Arial,sans-serif; font-size: 14px; font-style: normal; font-weight: normal; line-height: 17px; text-decoration: none; word-wrap: break-word;\" href=\"https:\/\/www.instagram.com\/p\/BbJ9B3BFreo\/\" target=\"_blank\">Un orgullo ser llamado nuevamente a mi #Selecci\u00f3n \ud83d\udc9b\ud83d\udc99\u2764\ufe0f Gracias a Dios\ud83d\ude4f\ud83c\udffe Nuestra nueva camiseta \ud83d\udc4c\ud83c\udffe #HereToCreate @adidasco<\/a><\/p>\n<p style=\"color: #c9c8cd; font-family: Arial,sans-serif; font-size: 14px; line-height: 17px; margin-bottom: 0; margin-top: 8px; overflow: hidden; padding: 8px 0 7px; text-align: center; text-overflow: ellipsis; white-space: nowrap;\">Una publicaci\u00f3n compartida de Juan Cuadrado (@cuadrado) el <time style=\"font-family: Arial,sans-serif; font-size: 14px; line-height: 17px;\" datetime=\"2017-11-06T13:30:20+00:00\">6 de Nov de 2017 a la(s) 5:30 PST<\/time><\/p>\n<\/div>\n<\/blockquote>\n<p><script async defer src=\"\/\/platform.instagram.com\/en_US\/embeds.js\"><\/script><\/p>\n<blockquote class=\"instagram-media\" style=\"background: #FFF; border: 0; border-radius: 3px; box-shadow: 0 0 1px 0 rgba(0,0,0,0.5),0 1px 10px 0 rgba(0,0,0,0.15); margin: 1px; max-width: 658px; padding: 0; width: calc(100% - 2px);\" data-instgrm-captioned=\"\" data-instgrm-version=\"7\">\n<div style=\"padding: 8px;\">\n<div style=\"background: #F8F8F8; line-height: 0; margin-top: 40px; padding: 33.98148148148148% 0; text-align: center; width: 100%;\"><\/div>\n<p style=\"margin: 8px 0 0 0; padding: 0 4px;\"><a style=\"color: #000; font-family: Arial,sans-serif; font-size: 14px; font-style: normal; font-weight: normal; line-height: 17px; text-decoration: none; word-wrap: break-word;\" href=\"https:\/\/www.instagram.com\/p\/BbKA0nDBUoq\/\" target=\"_blank\">Nuestra nueva piel \ud83d\udc9b\ud83d\udc99\u2764\ufe0f Nueva camiseta de la selecci\u00f3n de Colombia! #HereToCreate @adidasco<\/a><\/p>\n<p style=\"color: #c9c8cd; font-family: Arial,sans-serif; font-size: 14px; line-height: 17px; margin-bottom: 0; margin-top: 8px; overflow: hidden; padding: 8px 0 7px; text-align: center; text-overflow: ellipsis; white-space: nowrap;\">Una publicaci\u00f3n compartida de David Ospina (@d_ospina1) el <time style=\"font-family: Arial,sans-serif; font-size: 14px; line-height: 17px;\" datetime=\"2017-11-06T14:03:28+00:00\">6 de Nov de 2017 a la(s) 6:03 PST<\/time><\/p>\n<\/div>\n<\/blockquote>\n","protected":false},"excerpt":{"rendered":"<p>\u00a1Lleva nuestros colores bien cerca al coraz\u00f3n! \ud83c\udde8\ud83c\uddf4 Esta es la nueva camiseta de la Selecci\u00f3n Colombia con la que iremos a Rusia 2018. #HereToCreate @adidasco @adidasfootball Una publicaci\u00f3n compartida de James Rodr\u00edguez (@jamesrodriguez10) el 6 de Nov de 2017 a la(s) 12:55 PST Un orgullo ser llamado nuevamente a mi #Selecci\u00f3n \ud83d\udc9b\ud83d\udc99\u2764\ufe0f Gracias a [&hellip;]<\/p>\n","protected":false},"author":5,"featured_media":9261,"comment_status":"open","ping_status":"closed","sticky":false,"template":"","format":"standard","meta":{"_acf_changed":false,"footnotes":""},"categories":[153],"tags":[265,119,127],"class_list":{"0":"post-9260","1":"post","2":"type-post","3":"status-publish","4":"format-standard","5":"has-post-thumbnail","7":"category-selecion-colombia","8":"tag-mundial-2018","9":"tag-mundial-rusia-2018","10":"tag-seleccion-colombia"},"acf":[],"_links":{"self":[{"href":"https:\/\/futbolhoy.co\/index.php\/wp-json\/wp\/v2\/posts\/9260","targetHints":{"allow":["GET"]}}],"collection":[{"href":"https:\/\/futbolhoy.co\/index.php\/wp-json\/wp\/v2\/posts"}],"about":[{"href":"https:\/\/futbolhoy.co\/index.php\/wp-json\/wp\/v2\/types\/post"}],"author":[{"embeddable":true,"href":"https:\/\/futbolhoy.co\/index.php\/wp-json\/wp\/v2\/users\/5"}],"replies":[{"embeddable":true,"href":"https:\/\/futbolhoy.co\/index.php\/wp-json\/wp\/v2\/comments?post=9260"}],"version-history":[{"count":3,"href":"https:\/\/futbolhoy.co\/index.php\/wp-json\/wp\/v2\/posts\/9260\/revisions"}],"predecessor-version":[{"id":9487,"href":"https:\/\/futbolhoy.co\/index.php\/wp-json\/wp\/v2\/posts\/9260\/revisions\/9487"}],"wp:featuredmedia":[{"embeddable":true,"href":"https:\/\/futbolhoy.co\/index.php\/wp-json\/wp\/v2\/media\/9261"}],"wp:attachment":[{"href":"https:\/\/futbolhoy.co\/index.php\/wp-json\/wp\/v2\/media?parent=9260"}],"wp:term":[{"taxonomy":"category","embeddable":true,"href":"https:\/\/futbolhoy.co\/index.php\/wp-json\/wp\/v2\/categories?post=9260"},{"taxonomy":"post_tag","embeddable":true,"href":"https:\/\/futbolhoy.co\/index.php\/wp-json\/wp\/v2\/tags?post=9260"}],"curies":[{"name":"wp","href":"https:\/\/api.w.org\/{rel}","templated":true}]}}