{"id":9496,"date":"2017-11-09T19:50:42","date_gmt":"2017-11-10T00:50:42","guid":{"rendered":"http:\/\/futbolhoy.co\/?p=9496"},"modified":"2018-07-02T11:32:44","modified_gmt":"2018-07-02T16:32:44","slug":"panama-perdio-amistoso-con-iran","status":"publish","type":"post","link":"https:\/\/futbolhoy.co\/index.php\/2017\/11\/09\/panama-perdio-amistoso-con-iran\/","title":{"rendered":"Panam\u00e1 perdi\u00f3 amistoso con Ir\u00e1n"},"content":{"rendered":"<p>La selecci\u00f3n de Ir\u00e1n venci\u00f3 2-1 a Panam\u00e1, equipo dirigido por el t\u00e9cnico colombiano <strong>Hern\u00e1n Dar\u00edo \u2018Bolillo\u2019 G\u00f3mez<\/strong>, y que tuvo muchas caras nuevas por los m\u00faltiples lesionados de la plantilla habitual.<\/p>\n<p>Panam\u00e1 jug\u00f3 con un equipo in\u00e9dito, con <strong>Gabriel Torres<\/strong> s\u00f3lo en punta y con la joven promesa Ricardo \u00c1vila en ataque desde el arranque y pareci\u00f3 verse afectado en su desempe\u00f1o por las baj\u00edsimas temperaturas presentadas en <strong>Graz<\/strong>, Austria, sede del compromiso.<\/p>\n<p><strong>Ashkan Dejagah<\/strong>, de pena m\u00e1xima, abri\u00f3 el marcador para los asi\u00e1ticos, que ampliaron su ventaja por intermedio de Saman Ghoddos; mientras que el descuento de los paname\u00f1os fue obra de Gabriel Torres, atacante del Lausana de Suiza.<\/p>\n<p>\u00abM\u00e1s all\u00e1 del resultado me deja muy contento el segundo tiempo, bastante bien ordenados, con personalidad, posesi\u00f3n, buena elaboraci\u00f3n\u00bb, manifest\u00f3 el t\u00e9cnico G\u00f3mez, quien agreg\u00f3 que su equipo \u00abpag\u00f3 piso y se ve\u00eda mal en la primera etapa; pero luego hicimos unos cambios y el equipo mejor\u00f3, se equilibr\u00f3, igual\u00f3 y hasta se pudo empatar\u00bb.<\/p>\n","protected":false},"excerpt":{"rendered":"<p>La selecci\u00f3n de Ir\u00e1n venci\u00f3 2-1 a Panam\u00e1, equipo dirigido por el t\u00e9cnico colombiano Hern\u00e1n Dar\u00edo \u2018Bolillo\u2019 G\u00f3mez, y que tuvo muchas caras nuevas por los m\u00faltiples lesionados de la plantilla habitual. Panam\u00e1 jug\u00f3 con un equipo in\u00e9dito, con Gabriel Torres s\u00f3lo en punta y con la joven promesa Ricardo \u00c1vila en ataque desde el [&hellip;]<\/p>\n","protected":false},"author":6,"featured_media":9499,"comment_status":"open","ping_status":"closed","sticky":false,"template":"","format":"standard","meta":{"_acf_changed":false,"footnotes":""},"categories":[6],"tags":[],"class_list":{"0":"post-9496","1":"post","2":"type-post","3":"status-publish","4":"format-standard","5":"has-post-thumbnail","7":"category-mundial"},"acf":[],"_links":{"self":[{"href":"https:\/\/futbolhoy.co\/index.php\/wp-json\/wp\/v2\/posts\/9496","targetHints":{"allow":["GET"]}}],"collection":[{"href":"https:\/\/futbolhoy.co\/index.php\/wp-json\/wp\/v2\/posts"}],"about":[{"href":"https:\/\/futbolhoy.co\/index.php\/wp-json\/wp\/v2\/types\/post"}],"author":[{"embeddable":true,"href":"https:\/\/futbolhoy.co\/index.php\/wp-json\/wp\/v2\/users\/6"}],"replies":[{"embeddable":true,"href":"https:\/\/futbolhoy.co\/index.php\/wp-json\/wp\/v2\/comments?post=9496"}],"version-history":[{"count":1,"href":"https:\/\/futbolhoy.co\/index.php\/wp-json\/wp\/v2\/posts\/9496\/revisions"}],"predecessor-version":[{"id":9502,"href":"https:\/\/futbolhoy.co\/index.php\/wp-json\/wp\/v2\/posts\/9496\/revisions\/9502"}],"wp:featuredmedia":[{"embeddable":true,"href":"https:\/\/futbolhoy.co\/index.php\/wp-json\/wp\/v2\/media\/9499"}],"wp:attachment":[{"href":"https:\/\/futbolhoy.co\/index.php\/wp-json\/wp\/v2\/media?parent=9496"}],"wp:term":[{"taxonomy":"category","embeddable":true,"href":"https:\/\/futbolhoy.co\/index.php\/wp-json\/wp\/v2\/categories?post=9496"},{"taxonomy":"post_tag","embeddable":true,"href":"https:\/\/futbolhoy.co\/index.php\/wp-json\/wp\/v2\/tags?post=9496"}],"curies":[{"name":"wp","href":"https:\/\/api.w.org\/{rel}","templated":true}]}}