{"id":9536,"date":"2017-11-10T12:42:53","date_gmt":"2017-11-10T17:42:53","guid":{"rendered":"http:\/\/futbolhoy.co\/?p=9536"},"modified":"2018-07-02T11:34:09","modified_gmt":"2018-07-02T16:34:09","slug":"uno-x-uno-de-colombia-frente-a-corea","status":"publish","type":"post","link":"https:\/\/futbolhoy.co\/index.php\/2017\/11\/10\/uno-x-uno-de-colombia-frente-a-corea\/","title":{"rendered":"Uno X uno de Colombia frente a Corea"},"content":{"rendered":"<p style=\"text-align: justify;\"><strong>Leandro Castellanos<\/strong>: comprometido en el primer gol y responsable del segundo. Tuvo 2 atajadas importantes, 4<\/p>\n<p style=\"text-align: justify;\"><strong>Stefan Medina<\/strong>: No tuvo problemas por su zona pero su aporte a la selecci\u00f3n es escaso. No marca diferencia, 5<\/p>\n<p style=\"text-align: justify;\"><strong>Cristian Zapata<\/strong>: Sin la certeza de otros partidos, marc\u00f3 el \u00fanico gol de Colombia, 6<\/p>\n<p style=\"text-align: justify;\"><strong>Davinson S\u00e1nchez<\/strong>: inseguro y confundido, no fue repaldo por la izquierda atacada siempre por Corea, 5<\/p>\n<p style=\"text-align: justify;\"><strong>William Tesillo<\/strong>: mal partido, lo superaron siempre por su zona, sacrificado porque no tuvo respaldo, 4<\/p>\n<p style=\"text-align: justify;\"><strong>Abel Aguilar<\/strong>: cuando no tiene a S\u00e1nchez se nota m\u00e1s su falta de marca y poca din\u00e1mica. No le fue bien, 5<\/p>\n<p style=\"text-align: justify;\"><strong>Mateus Uribe<\/strong>: intrascendente, ni marc\u00f3 ni cre\u00f3, 5<\/p>\n<p style=\"text-align: justify;\"><strong>Gio Moreno<\/strong>: err\u00e1tico, lento y sin pesar ofensivamente, 5<\/p>\n<p style=\"text-align: justify;\"><strong>James Rodr\u00edguez<\/strong>: no jug\u00f3 bien, tampoco pes\u00f3. El cobro para el gol de Zapata y su lucha en el segundo tiempo, 6<\/p>\n<p style=\"text-align: justify;\"><strong>Duv\u00e1n Zapata<\/strong>: aislado, no le lleg\u00f3 un bal\u00f3n claro, v\u00edctima del exceso de variantes, 5<\/p>\n<p style=\"text-align: justify;\"><strong>Avil\u00e9s Hurtado<\/strong>: no lo pudimos ver, busc\u00f3 poco la pelota y qued\u00f3 perdido, 5<\/p>\n<p style=\"text-align: justify;\">Fabra, S\u00e1nchez y Cardona, que ingresaron en el segundo tiempo, ayudaron a estabilizar la seguridad de Colombia. Jefferson Lerma entr\u00f3 por Stefan Medina de lateral derecho y tuvo intentos ofensivos. Bacca y Pardo lo intentaron.<\/p>\n","protected":false},"excerpt":{"rendered":"<p>Leandro Castellanos: comprometido en el primer gol y responsable del segundo. Tuvo 2 atajadas importantes, 4 Stefan Medina: No tuvo problemas por su zona pero su aporte a la selecci\u00f3n es escaso. No marca diferencia, 5 Cristian Zapata: Sin la certeza de otros partidos, marc\u00f3 el \u00fanico gol de Colombia, 6 Davinson S\u00e1nchez: inseguro y [&hellip;]<\/p>\n","protected":false},"author":5,"featured_media":9515,"comment_status":"open","ping_status":"closed","sticky":false,"template":"","format":"standard","meta":{"_acf_changed":false,"footnotes":""},"categories":[153],"tags":[252,127],"class_list":{"0":"post-9536","1":"post","2":"type-post","3":"status-publish","4":"format-standard","5":"has-post-thumbnail","7":"category-selecion-colombia","8":"tag-federacion-colombiana-de-futbol","9":"tag-seleccion-colombia"},"acf":[],"_links":{"self":[{"href":"https:\/\/futbolhoy.co\/index.php\/wp-json\/wp\/v2\/posts\/9536","targetHints":{"allow":["GET"]}}],"collection":[{"href":"https:\/\/futbolhoy.co\/index.php\/wp-json\/wp\/v2\/posts"}],"about":[{"href":"https:\/\/futbolhoy.co\/index.php\/wp-json\/wp\/v2\/types\/post"}],"author":[{"embeddable":true,"href":"https:\/\/futbolhoy.co\/index.php\/wp-json\/wp\/v2\/users\/5"}],"replies":[{"embeddable":true,"href":"https:\/\/futbolhoy.co\/index.php\/wp-json\/wp\/v2\/comments?post=9536"}],"version-history":[{"count":2,"href":"https:\/\/futbolhoy.co\/index.php\/wp-json\/wp\/v2\/posts\/9536\/revisions"}],"predecessor-version":[{"id":9543,"href":"https:\/\/futbolhoy.co\/index.php\/wp-json\/wp\/v2\/posts\/9536\/revisions\/9543"}],"wp:featuredmedia":[{"embeddable":true,"href":"https:\/\/futbolhoy.co\/index.php\/wp-json\/wp\/v2\/media\/9515"}],"wp:attachment":[{"href":"https:\/\/futbolhoy.co\/index.php\/wp-json\/wp\/v2\/media?parent=9536"}],"wp:term":[{"taxonomy":"category","embeddable":true,"href":"https:\/\/futbolhoy.co\/index.php\/wp-json\/wp\/v2\/categories?post=9536"},{"taxonomy":"post_tag","embeddable":true,"href":"https:\/\/futbolhoy.co\/index.php\/wp-json\/wp\/v2\/tags?post=9536"}],"curies":[{"name":"wp","href":"https:\/\/api.w.org\/{rel}","templated":true}]}}