{"id":96546,"date":"2023-06-22T18:39:08","date_gmt":"2023-06-22T23:39:08","guid":{"rendered":"https:\/\/futbolhoy.co\/?p=96546"},"modified":"2023-06-23T14:16:39","modified_gmt":"2023-06-23T19:16:39","slug":"james-regresa-al-everton-esto-es-lo-que-se-sabe","status":"publish","type":"post","link":"https:\/\/futbolhoy.co\/index.php\/2023\/06\/22\/james-regresa-al-everton-esto-es-lo-que-se-sabe\/","title":{"rendered":"\u00bfJames regresa al Everton? Esto es lo que se sabe"},"content":{"rendered":"<p class=\"p1\" style=\"text-align: justify;\"><span class=\"s1\" style=\"font-family: helvetica, arial, sans-serif;\">El futuro de <b>James Rodr\u00edguez <\/b>es incierto y por ende en los \u00faltimos d\u00edas han sonado varios equipos a los que podr\u00eda llegar el 10 de la <b>Selecci\u00f3n Colombia<\/b>, el m\u00e1s reciente sorprendi\u00f3 bastante, pues se tratar\u00eda de un posible regreso al <b>Everton de la Premier League. <\/b><\/span><\/p>\n<p class=\"p1\" style=\"text-align: justify;\"><span class=\"s1\" style=\"font-family: helvetica, arial, sans-serif;\">Pero todo parece ser solamente el deseo de algunos, pues desde Inglaterra apuntan a que el volante no est\u00e1 en los planes de los \u2018<b>Toffees<\/b>\u2019, incluso, su estado f\u00edsico ser\u00eda el gran impedimento para que lo fichen. <\/span><\/p>\n<p class=\"p1\" style=\"text-align: justify;\"><span style=\"font-family: helvetica, arial, sans-serif;\"><span class=\"s1\">El exdelantero del <b>Everton<\/b> Kevin Campbell, en la columna de Goodison News, confes\u00f3 que no ve posible un regreso de James Rodr\u00edguez al no ser un jugador \u201cdel tipo de <\/span><span class=\"s2\">Sean Dyche<\/span><span class=\"s1\">\u201d. <\/span><\/span><\/p>\n<p class=\"p1\" style=\"text-align: justify;\"><span class=\"s1\" style=\"font-family: helvetica, arial, sans-serif;\">El t\u00e9cnico del <b>Everton<\/b> ha dicho en varias oportunidades que uno de los puntos claves de su equipo es que la plantilla est\u00e9 en su mejor estado f\u00edsico, raz\u00f3n por la que, incluso, <b>Yerry Mina <\/b>estuvo relegado a la banca en la pasada y \u00faltima temporada con la camiseta de los \u2018<b>Toffees<\/b>\u2019. <\/span><\/p>\n<p class=\"p1\" style=\"text-align: justify;\"><span class=\"s1\" style=\"font-family: helvetica, arial, sans-serif;\">Por ahora, el futuro de <b>James Rodr\u00edguez <\/b>sigue siendo un misterio, mientras suena en equipos del mundo como <b>Boca Juniors, Botafogo y Besiktas de Turqu\u00eda. <\/b><\/span><\/p>\n","protected":false},"excerpt":{"rendered":"<p>El futuro de James Rodr\u00edguez es incierto y por ende en los \u00faltimos d\u00edas han sonado varios equipos a los que podr\u00eda llegar el 10 de la Selecci\u00f3n Colombia, el m\u00e1s reciente sorprendi\u00f3 bastante, pues se tratar\u00eda de un posible regreso al Everton de la Premier League. Pero todo parece ser solamente el deseo de [&hellip;]<\/p>\n","protected":false},"author":4,"featured_media":96149,"comment_status":"open","ping_status":"closed","sticky":false,"template":"","format":"standard","meta":{"_acf_changed":false,"footnotes":""},"categories":[152],"tags":[],"class_list":{"0":"post-96546","1":"post","2":"type-post","3":"status-publish","4":"format-standard","5":"has-post-thumbnail","7":"category-mundo-futbol"},"acf":[],"_links":{"self":[{"href":"https:\/\/futbolhoy.co\/index.php\/wp-json\/wp\/v2\/posts\/96546","targetHints":{"allow":["GET"]}}],"collection":[{"href":"https:\/\/futbolhoy.co\/index.php\/wp-json\/wp\/v2\/posts"}],"about":[{"href":"https:\/\/futbolhoy.co\/index.php\/wp-json\/wp\/v2\/types\/post"}],"author":[{"embeddable":true,"href":"https:\/\/futbolhoy.co\/index.php\/wp-json\/wp\/v2\/users\/4"}],"replies":[{"embeddable":true,"href":"https:\/\/futbolhoy.co\/index.php\/wp-json\/wp\/v2\/comments?post=96546"}],"version-history":[{"count":1,"href":"https:\/\/futbolhoy.co\/index.php\/wp-json\/wp\/v2\/posts\/96546\/revisions"}],"predecessor-version":[{"id":96547,"href":"https:\/\/futbolhoy.co\/index.php\/wp-json\/wp\/v2\/posts\/96546\/revisions\/96547"}],"wp:featuredmedia":[{"embeddable":true,"href":"https:\/\/futbolhoy.co\/index.php\/wp-json\/wp\/v2\/media\/96149"}],"wp:attachment":[{"href":"https:\/\/futbolhoy.co\/index.php\/wp-json\/wp\/v2\/media?parent=96546"}],"wp:term":[{"taxonomy":"category","embeddable":true,"href":"https:\/\/futbolhoy.co\/index.php\/wp-json\/wp\/v2\/categories?post=96546"},{"taxonomy":"post_tag","embeddable":true,"href":"https:\/\/futbolhoy.co\/index.php\/wp-json\/wp\/v2\/tags?post=96546"}],"curies":[{"name":"wp","href":"https:\/\/api.w.org\/{rel}","templated":true}]}}