{"id":96549,"date":"2023-06-22T20:43:27","date_gmt":"2023-06-23T01:43:27","guid":{"rendered":"https:\/\/futbolhoy.co\/?p=96549"},"modified":"2023-06-23T14:15:55","modified_gmt":"2023-06-23T19:15:55","slug":"guimaraes-adios-al-america","status":"publish","type":"post","link":"https:\/\/futbolhoy.co\/index.php\/2023\/06\/22\/guimaraes-adios-al-america\/","title":{"rendered":"Guimaraes, adi\u00f3s al Am\u00e9rica"},"content":{"rendered":"<p class=\"p1\" style=\"text-align: justify;\"><span class=\"s1\" style=\"font-family: helvetica, arial, sans-serif;\">Es un hecho, <strong>Alexandre Guimaraes<\/strong> no es m\u00e1s el director t\u00e9cnico del <strong>Am\u00e9rica<\/strong> y el cuadro \u2018escarlata\u2019 anunci\u00f3 que en los pr\u00f3ximos d\u00edas se dar\u00e1 a conocer el nuevo cuerpo t\u00e9cnico. <\/span><\/p>\n<p class=\"p1\" style=\"text-align: justify;\"><span class=\"s1\" style=\"font-family: helvetica, arial, sans-serif;\">Por segunda oportunidad, <strong>Guimaraes<\/strong> le dijo adi\u00f3s al <strong>Am\u00e9rica<\/strong>, esta vez tras no conseguir la clasificaci\u00f3n a la final de la Liga Colombiana y terminar segundo en el Grupo B, que dej\u00f3 a Millonarios como finalista. <\/span><\/p>\n<p class=\"p1\" style=\"text-align: justify;\"><span class=\"s1\" style=\"font-family: helvetica, arial, sans-serif;\">En su segunda etapa en <strong>Am\u00e9rica<\/strong>, <strong>Guimaraes<\/strong> dirigi\u00f3 60 partidos entre 2022 y 2023, en los que registr\u00f3 21 victorias, 19 empates y 20 derrotas. <\/span><\/p>\n<p class=\"p1\" style=\"text-align: justify;\"><span class=\"s1\" style=\"font-family: helvetica, arial, sans-serif;\">Entre los candidatos que suenan para dirigir al Am\u00e9rica est\u00e1n Lucas Gonz\u00e1lez, reci\u00e9n salido de \u00c1guilas Doradas; Ricardo Gareca y Leonel \u00c1lvarez. <\/span><\/p>\n","protected":false},"excerpt":{"rendered":"<p>Es un hecho, Alexandre Guimaraes no es m\u00e1s el director t\u00e9cnico del Am\u00e9rica y el cuadro \u2018escarlata\u2019 anunci\u00f3 que en los pr\u00f3ximos d\u00edas se dar\u00e1 a conocer el nuevo cuerpo t\u00e9cnico. Por segunda oportunidad, Guimaraes le dijo adi\u00f3s al Am\u00e9rica, esta vez tras no conseguir la clasificaci\u00f3n a la final de la Liga Colombiana y [&hellip;]<\/p>\n","protected":false},"author":4,"featured_media":96550,"comment_status":"open","ping_status":"closed","sticky":false,"template":"","format":"standard","meta":{"_acf_changed":false,"footnotes":""},"categories":[7],"tags":[],"class_list":{"0":"post-96549","1":"post","2":"type-post","3":"status-publish","4":"format-standard","5":"has-post-thumbnail","7":"category-liga-betplay"},"acf":[],"_links":{"self":[{"href":"https:\/\/futbolhoy.co\/index.php\/wp-json\/wp\/v2\/posts\/96549","targetHints":{"allow":["GET"]}}],"collection":[{"href":"https:\/\/futbolhoy.co\/index.php\/wp-json\/wp\/v2\/posts"}],"about":[{"href":"https:\/\/futbolhoy.co\/index.php\/wp-json\/wp\/v2\/types\/post"}],"author":[{"embeddable":true,"href":"https:\/\/futbolhoy.co\/index.php\/wp-json\/wp\/v2\/users\/4"}],"replies":[{"embeddable":true,"href":"https:\/\/futbolhoy.co\/index.php\/wp-json\/wp\/v2\/comments?post=96549"}],"version-history":[{"count":1,"href":"https:\/\/futbolhoy.co\/index.php\/wp-json\/wp\/v2\/posts\/96549\/revisions"}],"predecessor-version":[{"id":96551,"href":"https:\/\/futbolhoy.co\/index.php\/wp-json\/wp\/v2\/posts\/96549\/revisions\/96551"}],"wp:featuredmedia":[{"embeddable":true,"href":"https:\/\/futbolhoy.co\/index.php\/wp-json\/wp\/v2\/media\/96550"}],"wp:attachment":[{"href":"https:\/\/futbolhoy.co\/index.php\/wp-json\/wp\/v2\/media?parent=96549"}],"wp:term":[{"taxonomy":"category","embeddable":true,"href":"https:\/\/futbolhoy.co\/index.php\/wp-json\/wp\/v2\/categories?post=96549"},{"taxonomy":"post_tag","embeddable":true,"href":"https:\/\/futbolhoy.co\/index.php\/wp-json\/wp\/v2\/tags?post=96549"}],"curies":[{"name":"wp","href":"https:\/\/api.w.org\/{rel}","templated":true}]}}