{"id":96555,"date":"2023-06-23T09:38:22","date_gmt":"2023-06-23T14:38:22","guid":{"rendered":"https:\/\/futbolhoy.co\/?p=96555"},"modified":"2023-06-30T22:22:35","modified_gmt":"2023-07-01T03:22:35","slug":"colombia-sera-sede-del-mundial-femenino-sub-20","status":"publish","type":"post","link":"https:\/\/futbolhoy.co\/index.php\/2023\/06\/23\/colombia-sera-sede-del-mundial-femenino-sub-20\/","title":{"rendered":"Colombia ser\u00e1 sede del Mundial Femenino Sub-20"},"content":{"rendered":"<p class=\"p1\" style=\"text-align: justify;\"><span class=\"s1\" style=\"font-family: helvetica, arial, sans-serif;\">Buenas noticias para <strong>Colombia<\/strong>, el pa\u00eds fue elegido este viernes como sede del <strong>Mundial Femenino Sub-20 de 2024<\/strong> por el consejo de la FIFA, que se reuni\u00f3 con la presencia del presidente de la <strong>Federaci\u00f3n Colombiana de F\u00fatbol, Ram\u00f3n Jesurun. <\/strong><\/span><\/p>\n<p class=\"p1\" style=\"text-align: justify;\"><span class=\"s1\" style=\"font-family: helvetica, arial, sans-serif;\"><strong>Colombia<\/strong> vuelve a ser sede de un evento de talla mundial tras haber acogido la <strong>Copa Mundial Sub 20 en 2011 y la Copa Mundial de Futsal en 2016,<\/strong> adem\u00e1s de torneos Conmebol como la Copa Am\u00e9rica Femenina 2022, el Preol\u00edmpico 2020, el Sudamericano Sub 20 2023 y la Libertadores Femenina 2023, que se estar\u00e1 disputando en el mes de octubre. <\/span><\/p>\n<p class=\"p1\" style=\"text-align: justify;\"><span class=\"s2\" style=\"font-family: helvetica, arial, sans-serif;\">\u201cNuevamente la mirada del mundo estar\u00e1 en nuestro territorio por cuenta del f\u00fatbol y es algo que nos enorgullece como colombianos. <strong>Esto es un logro como pa\u00eds<\/strong> y as\u00ed debemos vivirlo, apoyando a nuestras mujeres futbolistas, que cada vez que se ponen la camiseta de la Selecci\u00f3n nos representan con pundonor y dejan en alto a Colombia. Por ellas pedimos esta sede y nos la concedieron, ahora tenemos que hacer una fiesta digna aprovechando\u201d, dijo el presidente <strong>Jesurun<\/strong> tras el anuncio de la FIFA. <\/span><\/p>\n<p class=\"p1\" style=\"text-align: justify;\"><span class=\"s2\" style=\"font-family: helvetica, arial, sans-serif;\">Las ciudades en las que se disputar\u00e1 el <strong>Mundial Femenino Sub-20<\/strong> se dar\u00e1n a conocer en los pr\u00f3ximos d\u00edas por parte de la Federaci\u00f3n Colombiana de F\u00fatbol. <\/span><\/p>\n<p class=\"p1\" style=\"text-align: justify;\"><span style=\"font-family: helvetica, arial, sans-serif;\"><span class=\"s2\">El Mundial Femenino Sub-20 Colombia 2024 acoger\u00e1 a 16 selecciones<\/span><span class=\"s1\"> del 5 al 22 de septiembre del pr\u00f3ximo a\u00f1o. <\/span><\/span><\/p>\n<blockquote class=\"twitter-tweet\">\n<p dir=\"ltr\" lang=\"es\">\ud835\uddd8\ud835\uddf9 \ud835\udde0\ud835\udde8\ud835\udde1\ud835\uddd7\ud835\udddc\ud835\uddd4\ud835\udddf \ud835\uddd8\ud835\udde6 \ud835\udde1\ud835\udde8\ud835\uddd8\ud835\udde6\ud835\udde7\ud835\udde5\ud835\udde2 \ud83c\udf0e\ud83c\udfc6<\/p>\n<p>\u00a1Seremos la sede de la Copa Mundial Femenina Sub-20 de la FIFA\u2122\ufe0f 2024!<\/p>\n<p>\ud83d\udd17: <a href=\"https:\/\/t.co\/vOXC4AmhKR\">https:\/\/t.co\/vOXC4AmhKR<\/a><\/p>\n<p>\ud83c\udde8\ud83c\uddf4 \ud83c\udde8\ud83c\uddf4 \ud83c\udde8\ud83c\uddf4 \ud83c\udde8\ud83c\uddf4 \ud83c\udde8\ud83c\uddf4 \ud83c\udde8\ud83c\uddf4 \ud83c\udde8\ud83c\uddf4 \ud83c\udde8\ud83c\uddf4 \ud83c\udde8\ud83c\uddf4 \ud83c\udde8\ud83c\uddf4 \ud83c\udde8\ud83c\uddf4 \ud83c\udde8\ud83c\uddf4 \ud83c\udde8\ud83c\uddf4 <a href=\"https:\/\/twitter.com\/hashtag\/TodosSomosColombia?src=hash&amp;ref_src=twsrc%5Etfw\">#TodosSomosColombia<\/a> \ud83c\udde8\ud83c\uddf4 <a href=\"https:\/\/t.co\/Rynv9L6mD1\">pic.twitter.com\/Rynv9L6mD1<\/a><\/p>\n<p>\u2014 Selecci\u00f3n Colombia (@FCFSeleccionCol) <a href=\"https:\/\/twitter.com\/FCFSeleccionCol\/status\/1672235705840414720?ref_src=twsrc%5Etfw\">June 23, 2023<\/a><\/p><\/blockquote>\n<p><script async src=\"https:\/\/platform.twitter.com\/widgets.js\" charset=\"utf-8\"><\/script><\/p>\n","protected":false},"excerpt":{"rendered":"<p>Buenas noticias para Colombia, el pa\u00eds fue elegido este viernes como sede del Mundial Femenino Sub-20 de 2024 por el consejo de la FIFA, que se reuni\u00f3 con la presencia del presidente de la Federaci\u00f3n Colombiana de F\u00fatbol, Ram\u00f3n Jesurun. Colombia vuelve a ser sede de un evento de talla mundial tras haber acogido la [&hellip;]<\/p>\n","protected":false},"author":4,"featured_media":96556,"comment_status":"open","ping_status":"closed","sticky":false,"template":"","format":"standard","meta":{"_acf_changed":false,"footnotes":""},"categories":[418],"tags":[],"class_list":{"0":"post-96555","1":"post","2":"type-post","3":"status-publish","4":"format-standard","5":"has-post-thumbnail","7":"category-colombia"},"acf":[],"_links":{"self":[{"href":"https:\/\/futbolhoy.co\/index.php\/wp-json\/wp\/v2\/posts\/96555","targetHints":{"allow":["GET"]}}],"collection":[{"href":"https:\/\/futbolhoy.co\/index.php\/wp-json\/wp\/v2\/posts"}],"about":[{"href":"https:\/\/futbolhoy.co\/index.php\/wp-json\/wp\/v2\/types\/post"}],"author":[{"embeddable":true,"href":"https:\/\/futbolhoy.co\/index.php\/wp-json\/wp\/v2\/users\/4"}],"replies":[{"embeddable":true,"href":"https:\/\/futbolhoy.co\/index.php\/wp-json\/wp\/v2\/comments?post=96555"}],"version-history":[{"count":2,"href":"https:\/\/futbolhoy.co\/index.php\/wp-json\/wp\/v2\/posts\/96555\/revisions"}],"predecessor-version":[{"id":96739,"href":"https:\/\/futbolhoy.co\/index.php\/wp-json\/wp\/v2\/posts\/96555\/revisions\/96739"}],"wp:featuredmedia":[{"embeddable":true,"href":"https:\/\/futbolhoy.co\/index.php\/wp-json\/wp\/v2\/media\/96556"}],"wp:attachment":[{"href":"https:\/\/futbolhoy.co\/index.php\/wp-json\/wp\/v2\/media?parent=96555"}],"wp:term":[{"taxonomy":"category","embeddable":true,"href":"https:\/\/futbolhoy.co\/index.php\/wp-json\/wp\/v2\/categories?post=96555"},{"taxonomy":"post_tag","embeddable":true,"href":"https:\/\/futbolhoy.co\/index.php\/wp-json\/wp\/v2\/tags?post=96555"}],"curies":[{"name":"wp","href":"https:\/\/api.w.org\/{rel}","templated":true}]}}