{"id":96805,"date":"2023-07-04T09:09:06","date_gmt":"2023-07-04T14:09:06","guid":{"rendered":"https:\/\/futbolhoy.co\/?p=96805"},"modified":"2023-07-04T17:15:23","modified_gmt":"2023-07-04T22:15:23","slug":"jesurun-lorenzo-encarna-en-lo-que-pretendiamos-luego-de-catar","status":"publish","type":"post","link":"https:\/\/futbolhoy.co\/index.php\/2023\/07\/04\/jesurun-lorenzo-encarna-en-lo-que-pretendiamos-luego-de-catar\/","title":{"rendered":"Jesur\u00fan: \u00abLorenzo encarna lo que pretend\u00edamos luego de Catar\u00bb"},"content":{"rendered":"<p style=\"text-align: justify;\"><span style=\"font-family: helvetica, arial, sans-serif;\">El proceso de <strong>N\u00e9stor Lorenzo<\/strong> al frente de la <strong>Selecci\u00f3n Colombia<\/strong> ya super\u00f3 el a\u00f1o y ahora se alista para la competencia oficial con el inicio de las <strong>Eliminatorias.<\/strong> El argentino ha dirigido 8 partidos amistosos, en los cuales no conoce la derrota con 6 triunfos y 2 empates, donde destaca la victoria ante <strong>Alemania.<\/strong><\/span><\/p>\n<p style=\"text-align: justify;\"><span style=\"font-family: helvetica, arial, sans-serif;\">El presidente de la <strong>Federaci\u00f3n Colombiana de F\u00fatbol, Ram\u00f3n Jesur\u00fan<\/strong>, habl\u00f3 con<strong><em> AS Colombia<\/em><\/strong> sobre ese proyecto que lidera Lorenzo, as\u00ed como se refiri\u00f3 a la no participaci\u00f3n en Catar 2022 y cont\u00f3 la versi\u00f3n sobre la salida de <strong>P\u00e9kerman.<\/strong><\/span><\/p>\n<p style=\"text-align: justify;\"><span style=\"font-family: helvetica, arial, sans-serif;\">\u00abN\u00e9stor encarna lo que pretend\u00edamos nosotros luego de lo de <strong>Catar.<\/strong> Una persona seria, buen ser humano, l\u00edder. De gran conocimiento del FPC por obvias razones. Con experiencia como n\u00famero uno, tuvo experiencia en Mundial como jugador y DT por los procesos en Brasil y Rusia con nosotros y encarnaba lo que nosotros pretend\u00edamos. En eso el Comit\u00e9 fue tajante y nos apoy\u00f3 en que el hombre era N\u00e9stor Lorenzo\u201d, dijo sobre el seleccionador.<\/span><\/p>\n<p style=\"text-align: justify;\"><span style=\"font-family: helvetica, arial, sans-serif;\">Por su parte, lament\u00f3 la no participaci\u00f3n en el <strong>Mundial 2022.<\/strong> \u201cLa eliminaci\u00f3n de Catar sin duda alguna fue muy dolorosa porque no lo merec\u00edamos, futbol\u00edsticamente ten\u00edamos todo para llegar. Pero pasaron cosas ins\u00f3litas durante estos cuatro a\u00f1os. La m\u00e1s grave de todas fue que durante 7 partidos no marcamos un gol. Lo m\u00e1s grave es que con un solo gol en cualquiera de esos juegos hubi\u00e9ramos llegado al Mundial. Creo que es la eliminaci\u00f3n m\u00e1s ins\u00f3lita de cualquier equipo en el mundo, uno solo que hubi\u00e9ramos convertido nos hubiera llevado a Qatar. Pero el dolor que me caus\u00f3 eso me dur\u00f3 bastante tiempo y todav\u00eda me duele\u00bb.<\/span><\/p>\n<p style=\"text-align: justify;\"><span style=\"font-family: helvetica, arial, sans-serif;\">Entretanto, revel\u00f3 c\u00f3mo se produjo la salida de <strong>Jos\u00e9 P\u00e9kerman<\/strong> del cargo tras <strong>Rusia 2018.<\/strong><\/span><\/p>\n<p style=\"text-align: justify;\"><span style=\"font-family: helvetica, arial, sans-serif;\">\u00abP\u00e9kerman decidi\u00f3 irse, la gente no lo ha querido entender. P\u00e9kerman es el que dice \u2018no quiero seguir\u2019, si no quiere seguir pues no sigue. Nunca le dijimos a P\u00e9kerman que no segu\u00eda. Despu\u00e9s del Mundial hubo un receso, \u00e9l ten\u00eda contrato hasta agosto y luego retomamos el tema cuando correspond\u00eda. Nos dijo en nuestra sala de juntas, \u2018muchas gracias, he decidido no continuar con la Selecci\u00f3n Colombia\u2019, y no continu\u00f3\u201d.<\/span><\/p>\n","protected":false},"excerpt":{"rendered":"<p>El proceso de N\u00e9stor Lorenzo al frente de la Selecci\u00f3n Colombia ya super\u00f3 el a\u00f1o y ahora se alista para la competencia oficial con el inicio de las Eliminatorias. El argentino ha dirigido 8 partidos amistosos, en los cuales no conoce la derrota con 6 triunfos y 2 empates, donde destaca la victoria ante Alemania. [&hellip;]<\/p>\n","protected":false},"author":4,"featured_media":2080,"comment_status":"open","ping_status":"closed","sticky":false,"template":"","format":"standard","meta":{"_acf_changed":false,"footnotes":""},"categories":[7],"tags":[],"class_list":{"0":"post-96805","1":"post","2":"type-post","3":"status-publish","4":"format-standard","5":"has-post-thumbnail","7":"category-liga-betplay"},"acf":[],"_links":{"self":[{"href":"https:\/\/futbolhoy.co\/index.php\/wp-json\/wp\/v2\/posts\/96805","targetHints":{"allow":["GET"]}}],"collection":[{"href":"https:\/\/futbolhoy.co\/index.php\/wp-json\/wp\/v2\/posts"}],"about":[{"href":"https:\/\/futbolhoy.co\/index.php\/wp-json\/wp\/v2\/types\/post"}],"author":[{"embeddable":true,"href":"https:\/\/futbolhoy.co\/index.php\/wp-json\/wp\/v2\/users\/4"}],"replies":[{"embeddable":true,"href":"https:\/\/futbolhoy.co\/index.php\/wp-json\/wp\/v2\/comments?post=96805"}],"version-history":[{"count":2,"href":"https:\/\/futbolhoy.co\/index.php\/wp-json\/wp\/v2\/posts\/96805\/revisions"}],"predecessor-version":[{"id":96818,"href":"https:\/\/futbolhoy.co\/index.php\/wp-json\/wp\/v2\/posts\/96805\/revisions\/96818"}],"wp:featuredmedia":[{"embeddable":true,"href":"https:\/\/futbolhoy.co\/index.php\/wp-json\/wp\/v2\/media\/2080"}],"wp:attachment":[{"href":"https:\/\/futbolhoy.co\/index.php\/wp-json\/wp\/v2\/media?parent=96805"}],"wp:term":[{"taxonomy":"category","embeddable":true,"href":"https:\/\/futbolhoy.co\/index.php\/wp-json\/wp\/v2\/categories?post=96805"},{"taxonomy":"post_tag","embeddable":true,"href":"https:\/\/futbolhoy.co\/index.php\/wp-json\/wp\/v2\/tags?post=96805"}],"curies":[{"name":"wp","href":"https:\/\/api.w.org\/{rel}","templated":true}]}}