{"id":96807,"date":"2023-07-04T09:52:46","date_gmt":"2023-07-04T14:52:46","guid":{"rendered":"https:\/\/futbolhoy.co\/?p=96807"},"modified":"2023-07-15T07:05:06","modified_gmt":"2023-07-15T12:05:06","slug":"altas-y-bajas-del-futbol-colombiano","status":"publish","type":"post","link":"https:\/\/futbolhoy.co\/index.php\/2023\/07\/04\/altas-y-bajas-del-futbol-colombiano\/","title":{"rendered":"Altas y bajas del f\u00fatbol colombiano"},"content":{"rendered":"<p style=\"text-align: justify;\"><span style=\"font-family: helvetica, arial, sans-serif;\"><strong>Millonarios<\/strong><\/span><\/p>\n<ul style=\"text-align: justify;\">\n<li><span style=\"font-family: helvetica, arial, sans-serif;\">Altas: Diego Abad\u00eda.<\/span><\/li>\n<li><span style=\"font-family: helvetica, arial, sans-serif;\">Bajas: Luis Carlos Ruiz, Israel Alba, \u00d3scar Cort\u00e9s.<\/span><\/li>\n<\/ul>\n<p style=\"text-align: justify;\"><span style=\"font-family: helvetica, arial, sans-serif;\"><strong>Santa Fe<\/strong><\/span><\/p>\n<ul>\n<li style=\"text-align: justify;\"><span style=\"font-family: helvetica, arial, sans-serif;\">Altas<strong>:<\/strong> Hubert Bodhert (DT), Anthony Silva (portero), Yilmar Vel\u00e1squez (volante), Mateo Garavito (defensa), Jhon Mel\u00e9ndez (delantero), Rub\u00e9n Manjarr\u00e9s (volante), \u00c9ver Valencia (delantero), Enrique Serje (volante), Jos\u00e9 Gabriel Ram\u00edrez (defensa), Kevin Londo\u00f1o (delantero), Emerson Batalla (delantero), Iv\u00e1n Scarpeta (defensa) y Yeison Moreno (delantero).<\/span><\/li>\n<li style=\"text-align: justify;\"><span style=\"font-family: helvetica, arial, sans-serif;\">Bajas<strong>:<\/strong> Neyder Moreno, Marlon Torres, Wilson Morelo, Wilfrido de la Rosa, Jefferson Rivas.<\/span><\/li>\n<\/ul>\n<p style=\"text-align: justify;\"><span style=\"font-family: helvetica, arial, sans-serif;\"><strong>Nacional<\/strong><\/span><\/p>\n<ul style=\"text-align: justify;\">\n<li><span style=\"font-family: helvetica, arial, sans-serif;\">Altas: Maxi Cantera.<\/span><\/li>\n<li><span style=\"font-family: helvetica, arial, sans-serif;\">Bajas: Francisco Da Costa, Nelson Palacio, Paulo Autuori (DT).\u00a0<\/span><\/li>\n<\/ul>\n<p style=\"text-align: justify;\"><span style=\"font-family: helvetica, arial, sans-serif;\"><strong>Medell\u00edn<\/strong><\/span><\/p>\n<ul style=\"text-align: justify;\">\n<li><span style=\"font-family: helvetica, arial, sans-serif;\">Altas: Alfredo Airas (DT), Leyser Chaverra, Diego Moreno, Brayan Le\u00f3n, Jos\u00e9 Ortiz, Anderson Plata.\u00a0<\/span><\/li>\n<li><span style=\"font-family: helvetica, arial, sans-serif;\">Bajas: Diber Cambindo, Jordi Monroy, Emerson Batalla y Ever Valencia.\u00a0<\/span><\/li>\n<\/ul>\n<p style=\"text-align: justify;\"><span style=\"font-family: helvetica, arial, sans-serif;\"><strong>Am\u00e9rica<\/strong><\/span><\/p>\n<ul style=\"text-align: justify;\">\n<li><span style=\"font-family: helvetica, arial, sans-serif;\">Altas: Lucas Gonz\u00e1lez, Victor Ibarbo, Jader Qui\u00f1ones y Jorge Soto.<\/span><\/li>\n<li><span style=\"font-family: helvetica, arial, sans-serif;\">Bajas: Alexandre Guimaraes, Brayan Cordoba.\u00a0<\/span><\/li>\n<\/ul>\n<p style=\"text-align: justify;\"><span style=\"font-family: helvetica, arial, sans-serif;\"><strong>Cali<\/strong><\/span><\/p>\n<ul style=\"text-align: justify;\">\n<li><span style=\"font-family: helvetica, arial, sans-serif;\">Altas: Luis Sandoval.\u00a0<\/span><\/li>\n<li><span style=\"font-family: helvetica, arial, sans-serif;\">Bajas: Daniel Mantilla, Kevin Velasco, Kevin Dawson, Jorge Luis Pinto (DT).\u00a0<\/span><\/li>\n<\/ul>\n<p style=\"text-align: justify;\"><span style=\"font-family: helvetica, arial, sans-serif;\"><strong>Junior<\/strong><\/span><\/p>\n<ul style=\"text-align: justify;\">\n<li><span style=\"font-family: helvetica, arial, sans-serif;\">Altas: Pablo Rojas, Emmanuel Olivera, Santiago Mele, Gonzalo Lencina, Steven Rodr\u00edguez y Brayan Ceballo.\u00a0<\/span><\/li>\n<li><span style=\"font-family: helvetica, arial, sans-serif;\">Bajas: Sebasti\u00e1n Viera, Jos\u00e9 Ortiz, Amaury Torralvo, Luis Sandoval, Juan Fernando Quintero, Iv\u00e1n Scarpeta y Brayan Le\u00f3n.<\/span><\/li>\n<\/ul>\n<p style=\"text-align: justify;\"><span style=\"font-family: helvetica, arial, sans-serif;\"><strong>Uni\u00f3n Magdalena<\/strong><\/span><\/p>\n<ul style=\"text-align: justify;\">\n<li><span style=\"font-family: helvetica, arial, sans-serif;\">Altas: Harold Rivera (DT).<\/span><\/li>\n<li><span style=\"font-family: helvetica, arial, sans-serif;\">Bajas: Jermein Pe\u00f1a, Claudio Rodr\u00edguez (DT).<\/span><\/li>\n<\/ul>\n<p style=\"text-align: justify;\"><span style=\"font-family: helvetica, arial, sans-serif;\"><strong>Jaguares<\/strong><\/span><\/p>\n<ul style=\"text-align: justify;\">\n<li><span style=\"font-family: helvetica, arial, sans-serif;\">Altas: Pompilio P\u00e1rez (DT), Geovanni Banguera, F\u00e9iver Mercado, Jairo Molina, Juan David P\u00e9rez y Elvis Mosquera.<\/span><\/li>\n<li><span style=\"font-family: helvetica, arial, sans-serif;\">Bajas: Carlos Restrepo (DT), \u00a0Jos\u00e9 Tapia, Breiner Paz, Armando Araque, Jhon P\u00e9rez, Christian Montero, Jonathan \u00c1vila, Pablo Rojas y Jorge Soto.<\/span><\/li>\n<\/ul>\n<p style=\"text-align: justify;\"><span style=\"font-family: helvetica, arial, sans-serif;\"><strong>Tolima<\/strong><\/span><\/p>\n<ul style=\"text-align: justify;\">\n<li><span style=\"font-family: helvetica, arial, sans-serif;\">Altas: Yhormar Hurtado, C\u00e9sar Haydar y Marlon Torres.<\/span><\/li>\n<li><span style=\"font-family: helvetica, arial, sans-serif;\">Bajas: Juan Fernando Caicedo.<\/span><\/li>\n<\/ul>\n<p style=\"text-align: justify;\"><span style=\"font-family: helvetica, arial, sans-serif;\"><strong>Huila<\/strong><\/span><\/p>\n<ul style=\"text-align: justify;\">\n<li><span style=\"font-family: helvetica, arial, sans-serif;\">Altas: <span style=\"font-weight: 400; font-family: helvetica, arial, sans-serif;\">V\u00edctor Cabezas, Andr\u00e9s Ariza, Bladimir Angulo, Jader Manyoma, William Ord\u00f3nez, Brandon Caicedo, Juan Fernando Caicedo, Cristian Tobar, Germ\u00e1n Guti\u00e9rrez, Yuber Mosquera, Luis Caicedo y Carlos Robles.<\/span><\/span><\/li>\n<li><span style=\"font-family: helvetica, arial, sans-serif;\">Bajas: Yosimar Torres.<\/span><\/li>\n<\/ul>\n<p style=\"text-align: justify;\"><span style=\"font-family: helvetica, arial, sans-serif;\"><strong>La Equidad<\/strong><\/span><\/p>\n<ul style=\"text-align: justify;\">\n<li><span style=\"font-family: helvetica, arial, sans-serif;\">Altas: Mart\u00edn Payares, Felipe Acosta.\u00a0<\/span><\/li>\n<li><span style=\"font-family: helvetica, arial, sans-serif;\">Bajas: Carlos Arboleda, Ederson Moreno.<\/span><\/li>\n<\/ul>\n<p style=\"text-align: justify;\"><span style=\"font-family: helvetica, arial, sans-serif;\"><strong>Once Caldas<\/strong><\/span><\/p>\n<ul style=\"text-align: justify;\">\n<li><span style=\"font-family: helvetica, arial, sans-serif;\">Altas: Billy Arce, Johar Mej\u00eda, Juan David Cuesta.<\/span><\/li>\n<li><span style=\"font-family: helvetica, arial, sans-serif;\">Bajas: Juan David Rodr\u00edguez, Jhon Fredy Pajoy, Guillermo Celis, Leonardo Pico, Nahuel Gallardo, Alejandro Artunduaga.\u00a0<\/span><\/li>\n<\/ul>\n<p style=\"text-align: justify;\"><span style=\"font-family: helvetica, arial, sans-serif;\"><strong>Pereira<\/strong><\/span><\/p>\n<ul style=\"text-align: justify;\">\n<li><span style=\"font-family: helvetica, arial, sans-serif;\">Altas:Jimmy Congo, Christian Blanco, Emiro Garc\u00e9s, Lucas Serna.\u00a0<\/span><\/li>\n<li><span style=\"font-family: helvetica, arial, sans-serif;\">Bajas: Ninguna.<\/span><\/li>\n<\/ul>\n<p style=\"text-align: justify;\"><span style=\"font-family: helvetica, arial, sans-serif;\"><strong>Pasto<\/strong><\/span><\/p>\n<ul style=\"text-align: justify;\">\n<li><span style=\"font-family: helvetica, arial, sans-serif;\">Altas: Duv\u00e1n Balceiro, Yosimarc Torres, \u00d3scar Vallecilla, Gustavo Britos, Ederson Cabezas, Israel Alba y Jhon Fredy Valencia.\u00a0<\/span><\/li>\n<li><span style=\"font-family: helvetica, arial, sans-serif;\">Bajas: Billy Arce, Yeison Tolosa, Matheo Casta\u00f1o, Joffre Escobar, \u00c1lvaro Monta\u00f1o, Cristian Tovar, Andr\u00e9s Cabezas, Felipe Ord\u00f3\u00f1ez y\u00a0 Mateo Garavito.<\/span><\/li>\n<\/ul>\n<p style=\"text-align: justify;\"><span style=\"font-family: helvetica, arial, sans-serif;\"><strong>Chic\u00f3<\/strong><\/span><\/p>\n<ul style=\"text-align: justify;\">\n<li><span style=\"font-family: helvetica, arial, sans-serif;\">Altas: Ninguna.\u00a0<\/span><\/li>\n<li><span style=\"font-family: helvetica, arial, sans-serif;\">Bajas: Ninguna.<\/span><\/li>\n<\/ul>\n<p style=\"text-align: justify;\"><span style=\"font-family: helvetica, arial, sans-serif;\"><strong>Alianza Petrolera<\/strong><\/span><\/p>\n<ul style=\"text-align: justify;\">\n<li><span style=\"font-family: helvetica, arial, sans-serif;\">Altas: C\u00e9sar Torres (DT) y Carlos Mosquera.\u00a0<\/span><\/li>\n<li><span style=\"font-family: helvetica, arial, sans-serif;\">Bajas: Hubert Bodhert (DT) y Jos\u00e9 Luis Chunga.<\/span><\/li>\n<\/ul>\n<p style=\"text-align: justify;\"><span style=\"font-family: helvetica, arial, sans-serif;\"><strong>\u00c1guilas Doradas<\/strong><\/span><\/p>\n<ul style=\"text-align: justify;\">\n<li><span style=\"font-family: helvetica, arial, sans-serif;\">Altas: C\u00e9sar Far\u00edas (DT) y Guillermo Celis.<\/span><\/li>\n<li><span style=\"font-family: helvetica, arial, sans-serif;\">Bajas: Lucas Gonz\u00e1lez (DT), Yhormar Hurtado y Kevin Casta\u00f1o.<\/span><\/li>\n<\/ul>\n<p style=\"text-align: justify;\"><span style=\"font-family: helvetica, arial, sans-serif;\"><strong>Bucaramanga<\/strong><\/span><\/p>\n<ul style=\"text-align: justify;\">\n<li><span style=\"font-family: helvetica, arial, sans-serif;\">Altas: Carlos Mosquera, Emerson C\u00f3rdoba, Santiago Jim\u00e9nez, Juan David Rodr\u00edguez, Misael Mart\u00ednez, Dairon Valencia, Emanuel Zagert, John P\u00e9rez.\u00a0<\/span><\/li>\n<li><span style=\"font-family: helvetica, arial, sans-serif;\">Bajas: Te\u00f3filo Guti\u00e9rrez, Cristian Subero y Gonzalo Lencina.<\/span><\/li>\n<\/ul>\n<p style=\"text-align: justify;\"><span style=\"font-family: helvetica, arial, sans-serif;\"><strong>Envigado<\/strong><\/span><\/p>\n<ul>\n<li style=\"text-align: justify;\"><span style=\"font-family: helvetica, arial, sans-serif;\">Altas: Juan Camil Becerra y William Parra.<\/span><\/li>\n<li style=\"text-align: justify;\"><span style=\"font-family: helvetica, arial, sans-serif;\">Bajas: Juan Manuel Zapata.<\/span><\/li>\n<\/ul>\n","protected":false},"excerpt":{"rendered":"<p>Millonarios Altas: Diego Abad\u00eda. Bajas: Luis Carlos Ruiz, Israel Alba, \u00d3scar Cort\u00e9s. Santa Fe Altas: Hubert Bodhert (DT), Anthony Silva (portero), Yilmar Vel\u00e1squez (volante), Mateo Garavito (defensa), Jhon Mel\u00e9ndez (delantero), Rub\u00e9n Manjarr\u00e9s (volante), \u00c9ver Valencia (delantero), Enrique Serje (volante), Jos\u00e9 Gabriel Ram\u00edrez (defensa), Kevin Londo\u00f1o (delantero), Emerson Batalla (delantero), Iv\u00e1n Scarpeta (defensa) y Yeison Moreno [&hellip;]<\/p>\n","protected":false},"author":4,"featured_media":96954,"comment_status":"open","ping_status":"closed","sticky":false,"template":"","format":"standard","meta":{"_acf_changed":false,"footnotes":""},"categories":[5],"tags":[],"class_list":{"0":"post-96807","1":"post","2":"type-post","3":"status-publish","4":"format-standard","5":"has-post-thumbnail","7":"category-destacados"},"acf":[],"_links":{"self":[{"href":"https:\/\/futbolhoy.co\/index.php\/wp-json\/wp\/v2\/posts\/96807","targetHints":{"allow":["GET"]}}],"collection":[{"href":"https:\/\/futbolhoy.co\/index.php\/wp-json\/wp\/v2\/posts"}],"about":[{"href":"https:\/\/futbolhoy.co\/index.php\/wp-json\/wp\/v2\/types\/post"}],"author":[{"embeddable":true,"href":"https:\/\/futbolhoy.co\/index.php\/wp-json\/wp\/v2\/users\/4"}],"replies":[{"embeddable":true,"href":"https:\/\/futbolhoy.co\/index.php\/wp-json\/wp\/v2\/comments?post=96807"}],"version-history":[{"count":18,"href":"https:\/\/futbolhoy.co\/index.php\/wp-json\/wp\/v2\/posts\/96807\/revisions"}],"predecessor-version":[{"id":97093,"href":"https:\/\/futbolhoy.co\/index.php\/wp-json\/wp\/v2\/posts\/96807\/revisions\/97093"}],"wp:featuredmedia":[{"embeddable":true,"href":"https:\/\/futbolhoy.co\/index.php\/wp-json\/wp\/v2\/media\/96954"}],"wp:attachment":[{"href":"https:\/\/futbolhoy.co\/index.php\/wp-json\/wp\/v2\/media?parent=96807"}],"wp:term":[{"taxonomy":"category","embeddable":true,"href":"https:\/\/futbolhoy.co\/index.php\/wp-json\/wp\/v2\/categories?post=96807"},{"taxonomy":"post_tag","embeddable":true,"href":"https:\/\/futbolhoy.co\/index.php\/wp-json\/wp\/v2\/tags?post=96807"}],"curies":[{"name":"wp","href":"https:\/\/api.w.org\/{rel}","templated":true}]}}