{"id":96882,"date":"2023-07-07T16:37:20","date_gmt":"2023-07-07T21:37:20","guid":{"rendered":"https:\/\/futbolhoy.co\/?p=96882"},"modified":"2023-07-08T09:50:35","modified_gmt":"2023-07-08T14:50:35","slug":"emotiva-despedida-de-morelo-soy-un-hincha-mas","status":"publish","type":"post","link":"https:\/\/futbolhoy.co\/index.php\/2023\/07\/07\/emotiva-despedida-de-morelo-soy-un-hincha-mas\/","title":{"rendered":"Emotiva despedida de Morelo: \u201cSoy un hincha m\u00e1s\u201d"},"content":{"rendered":"<p style=\"font-weight: 400; text-align: justify;\"><span style=\"font-family: helvetica, arial, sans-serif;\"><span style=\"font-weight: 400;\">Con gran tristeza <\/span><b>Wilson Morelo<\/b><span style=\"font-weight: 400;\"> se despidi\u00f3 de <\/span><b>Santa Fe <\/b><span style=\"font-weight: 400;\">en la que fue su tercera etapa en el equipo de sus amores. No es un secreto que el <\/span><b>delantero<\/b><span style=\"font-weight: 400;\"> le guarda especial amor al cuadro cardenal y a trav\u00e9s de redes sociales le envi\u00f3 un emotivo mensaje de adi\u00f3s a la hinchada.\u00a0<\/span><\/span><\/p>\n<p style=\"font-weight: 400; text-align: justify;\"><span style=\"font-family: helvetica, arial, sans-serif;\"><span style=\"font-weight: 400;\">\u201cPrimero quiero agradecer a Dios, <\/span><b>he culminado una etapa en mi carrera<\/b><span style=\"font-weight: 400;\">, esto no es un adi\u00f3s, es un hasta pronto porque volver\u00e9. Gracias a la hinchada del Le\u00f3n, por estar, nos volveremos a ver, <\/span><b>soy un hincha m\u00e1s,<\/b><span style=\"font-weight: 400;\"> marcaron mi vida y familia. Los quiero y nunca dejen de creer\u201d, escribi\u00f3 el futbolista en redes sociales.\u00a0<\/span><\/span><\/p>\n<p style=\"font-weight: 400; text-align: justify;\"><span style=\"font-family: helvetica, arial, sans-serif;\"><span style=\"font-weight: 400;\">Wilson Morelo ten\u00eda contrato con <\/span><b>Santa Fe<\/b><span style=\"font-weight: 400;\"> hasta diciembre de este a\u00f1o, sin embargo, al terminar relegado al banco de suplentes en el pasado semestre y con pocas posibilidades de estar en el proyecto para el <\/span><b>pr\u00f3ximo torneo, <\/b><span style=\"font-weight: 400;\">el delantero termin\u00f3 llegando a un acuerdo con las directivas para rescindir su contrato.\u00a0<\/span><\/span><\/p>\n<p style=\"font-weight: 400; text-align: justify;\"><span style=\"font-family: helvetica, arial, sans-serif;\"><span style=\"font-weight: 400;\">Aunque el deseo del jugador fue siempre quedarse en <\/span><b>Santa Fe,<\/b><span style=\"font-weight: 400;\"> las cosas no se dieron y ahora jugar\u00e1 para <\/span><b>\u00c1guilas Doradas.\u00a0<\/b><\/span><\/p>\n<p style=\"font-weight: 400; text-align: justify;\"><span style=\"font-family: helvetica, arial, sans-serif;\"><span style=\"font-weight: 400;\">En este \u00faltimo paso por Santa Fe, <\/span><b>Morelo<\/b><span style=\"font-weight: 400;\"> disput\u00f3 70 partidos, 56 siendo titular, y anot\u00f3 22 goles.\u00a0<\/span><\/span><\/p>\n","protected":false},"excerpt":{"rendered":"<p>Con gran tristeza Wilson Morelo se despidi\u00f3 de Santa Fe en la que fue su tercera etapa en el equipo de sus amores. No es un secreto que el delantero le guarda especial amor al cuadro cardenal y a trav\u00e9s de redes sociales le envi\u00f3 un emotivo mensaje de adi\u00f3s a la hinchada.\u00a0 \u201cPrimero quiero [&hellip;]<\/p>\n","protected":false},"author":4,"featured_media":96883,"comment_status":"open","ping_status":"closed","sticky":false,"template":"","format":"standard","meta":{"_acf_changed":false,"footnotes":""},"categories":[7],"tags":[],"class_list":{"0":"post-96882","1":"post","2":"type-post","3":"status-publish","4":"format-standard","5":"has-post-thumbnail","7":"category-liga-betplay"},"acf":[],"_links":{"self":[{"href":"https:\/\/futbolhoy.co\/index.php\/wp-json\/wp\/v2\/posts\/96882","targetHints":{"allow":["GET"]}}],"collection":[{"href":"https:\/\/futbolhoy.co\/index.php\/wp-json\/wp\/v2\/posts"}],"about":[{"href":"https:\/\/futbolhoy.co\/index.php\/wp-json\/wp\/v2\/types\/post"}],"author":[{"embeddable":true,"href":"https:\/\/futbolhoy.co\/index.php\/wp-json\/wp\/v2\/users\/4"}],"replies":[{"embeddable":true,"href":"https:\/\/futbolhoy.co\/index.php\/wp-json\/wp\/v2\/comments?post=96882"}],"version-history":[{"count":1,"href":"https:\/\/futbolhoy.co\/index.php\/wp-json\/wp\/v2\/posts\/96882\/revisions"}],"predecessor-version":[{"id":96884,"href":"https:\/\/futbolhoy.co\/index.php\/wp-json\/wp\/v2\/posts\/96882\/revisions\/96884"}],"wp:featuredmedia":[{"embeddable":true,"href":"https:\/\/futbolhoy.co\/index.php\/wp-json\/wp\/v2\/media\/96883"}],"wp:attachment":[{"href":"https:\/\/futbolhoy.co\/index.php\/wp-json\/wp\/v2\/media?parent=96882"}],"wp:term":[{"taxonomy":"category","embeddable":true,"href":"https:\/\/futbolhoy.co\/index.php\/wp-json\/wp\/v2\/categories?post=96882"},{"taxonomy":"post_tag","embeddable":true,"href":"https:\/\/futbolhoy.co\/index.php\/wp-json\/wp\/v2\/tags?post=96882"}],"curies":[{"name":"wp","href":"https:\/\/api.w.org\/{rel}","templated":true}]}}