{"id":96885,"date":"2023-07-07T18:17:58","date_gmt":"2023-07-07T23:17:58","guid":{"rendered":"https:\/\/futbolhoy.co\/?p=96885"},"modified":"2023-07-07T18:17:58","modified_gmt":"2023-07-07T23:17:58","slug":"van-der-sar-sufrio-una-hemorragia-cerebral","status":"publish","type":"post","link":"https:\/\/futbolhoy.co\/index.php\/2023\/07\/07\/van-der-sar-sufrio-una-hemorragia-cerebral\/","title":{"rendered":"Van der Sar sufri\u00f3 una hemorragia cerebral"},"content":{"rendered":"<p style=\"font-weight: 400; text-align: justify;\"><span style=\"font-family: helvetica, arial, sans-serif;\"><span style=\"font-weight: 400;\">El exportero neerland\u00e9s <\/span><b>Edwin Van der Sar <\/b><span style=\"font-weight: 400;\">encendi\u00f3 las alarmas en el mundo del f\u00fatbol tras conocerse que se encuentra <\/span><b>hospitalizado en cuidados intensivos<\/b><span style=\"font-weight: 400;\"> despu\u00e9s de haber sufrido una hemorragia cerebral,\u00a0<\/span><\/span><\/p>\n<p style=\"font-weight: 400; text-align: justify;\"><span style=\"font-family: helvetica, arial, sans-serif;\"><b>Van der Sar, de 52 a\u00f1os<\/b><span style=\"font-weight: 400;\"> y exjugador del Ajax, Juventus y Manchester United, estaba de vacaciones en una isla de Croacia, donde sufri\u00f3 una ca\u00edda.\u00a0<\/span><\/span><\/p>\n<p style=\"font-weight: 400; text-align: justify;\"><span style=\"font-family: helvetica, arial, sans-serif;\"><span style=\"font-weight: 400;\">\u00abEdwin Van der Sar <\/span><b>tuvo sangrados alrededor del cerebro. <\/b><span style=\"font-weight: 400;\">Est\u00e1 hospitalizado en la unidad de cuidados intensivos y se encuentra en estado estable\u00bb, explic\u00f3 el equipo de \u00c1msterdam.<\/span><\/span><\/p>\n<p style=\"font-weight: 400; text-align: justify;\"><span style=\"font-family: helvetica, arial, sans-serif;\"><span style=\"font-weight: 400;\">\u00abUna vez que haya informaciones m\u00e1s concretas se har\u00e1 una actualizaci\u00f3n. Todo el mundo en el <\/span><b>Ajax<\/b><span style=\"font-weight: 400;\"> desea a Edwin una pronta recuperaci\u00f3n. <\/span><b>Pensamos en ti<\/b><span style=\"font-weight: 400;\">\u00ab, a\u00f1adi\u00f3 el equipo.<\/span><\/span><\/p>\n<p style=\"font-weight: 400; text-align: justify;\"><span style=\"font-family: helvetica, arial, sans-serif;\"><span style=\"font-weight: 400;\">Van der Sar es considerado uno de los mejores porteros de su generaci\u00f3n y fue parte del <\/span><b>Ajax<\/b><span style=\"font-weight: 400;\"> entre 1991 y 1999, adem\u00e1s, fue campe\u00f3n de la <\/span><b>Champions League en 1995<\/b><span style=\"font-weight: 400;\">, tambi\u00e9n se coron\u00f3 con la <\/span><b>Liga de Campeones en 2008<\/b><span style=\"font-weight: 400;\"> con <\/span><b>Manchester United.<\/b><\/span><\/p>\n","protected":false},"excerpt":{"rendered":"<p>El exportero neerland\u00e9s Edwin Van der Sar encendi\u00f3 las alarmas en el mundo del f\u00fatbol tras conocerse que se encuentra hospitalizado en cuidados intensivos despu\u00e9s de haber sufrido una hemorragia cerebral,\u00a0 Van der Sar, de 52 a\u00f1os y exjugador del Ajax, Juventus y Manchester United, estaba de vacaciones en una isla de Croacia, donde sufri\u00f3 [&hellip;]<\/p>\n","protected":false},"author":4,"featured_media":96886,"comment_status":"open","ping_status":"closed","sticky":false,"template":"","format":"standard","meta":{"_acf_changed":false,"footnotes":""},"categories":[152],"tags":[],"class_list":{"0":"post-96885","1":"post","2":"type-post","3":"status-publish","4":"format-standard","5":"has-post-thumbnail","7":"category-mundo-futbol"},"acf":[],"_links":{"self":[{"href":"https:\/\/futbolhoy.co\/index.php\/wp-json\/wp\/v2\/posts\/96885","targetHints":{"allow":["GET"]}}],"collection":[{"href":"https:\/\/futbolhoy.co\/index.php\/wp-json\/wp\/v2\/posts"}],"about":[{"href":"https:\/\/futbolhoy.co\/index.php\/wp-json\/wp\/v2\/types\/post"}],"author":[{"embeddable":true,"href":"https:\/\/futbolhoy.co\/index.php\/wp-json\/wp\/v2\/users\/4"}],"replies":[{"embeddable":true,"href":"https:\/\/futbolhoy.co\/index.php\/wp-json\/wp\/v2\/comments?post=96885"}],"version-history":[{"count":1,"href":"https:\/\/futbolhoy.co\/index.php\/wp-json\/wp\/v2\/posts\/96885\/revisions"}],"predecessor-version":[{"id":96887,"href":"https:\/\/futbolhoy.co\/index.php\/wp-json\/wp\/v2\/posts\/96885\/revisions\/96887"}],"wp:featuredmedia":[{"embeddable":true,"href":"https:\/\/futbolhoy.co\/index.php\/wp-json\/wp\/v2\/media\/96886"}],"wp:attachment":[{"href":"https:\/\/futbolhoy.co\/index.php\/wp-json\/wp\/v2\/media?parent=96885"}],"wp:term":[{"taxonomy":"category","embeddable":true,"href":"https:\/\/futbolhoy.co\/index.php\/wp-json\/wp\/v2\/categories?post=96885"},{"taxonomy":"post_tag","embeddable":true,"href":"https:\/\/futbolhoy.co\/index.php\/wp-json\/wp\/v2\/tags?post=96885"}],"curies":[{"name":"wp","href":"https:\/\/api.w.org\/{rel}","templated":true}]}}