{"id":96888,"date":"2023-07-07T20:16:36","date_gmt":"2023-07-08T01:16:36","guid":{"rendered":"https:\/\/futbolhoy.co\/?p=96888"},"modified":"2023-07-08T16:21:15","modified_gmt":"2023-07-08T21:21:15","slug":"adios-juanfer-se-despidio-de-todos-en-junior","status":"publish","type":"post","link":"https:\/\/futbolhoy.co\/index.php\/2023\/07\/07\/adios-juanfer-se-despidio-de-todos-en-junior\/","title":{"rendered":"Adi\u00f3s Juanfer: se despidi\u00f3 de todos en Junior"},"content":{"rendered":"<p style=\"font-weight: 400; text-align: justify;\"><span style=\"font-family: helvetica, arial, sans-serif;\"><span style=\"font-weight: 400;\">Lo que se esperaba durante las \u00faltimas horas finalmente se confirm\u00f3, <\/span><b>Juan Fernando Quintero dejar\u00e1 de ser jugador del Junior <\/b><span style=\"font-weight: 400;\">y se prepara para buscar nuevo equipo, seguramente internacional.\u00a0<\/span><\/span><\/p>\n<p style=\"font-weight: 400; text-align: justify;\"><span style=\"font-family: helvetica, arial, sans-serif;\"><span style=\"font-weight: 400;\">Luego de que el m\u00e1ximo accionista del equipo, <\/span><b>Fuad Char, <\/b><span style=\"font-weight: 400;\">confirmara en horas de la ma\u00f1ana que Quintero en persona pidi\u00f3 su salida del equipo, al parecer por diferencias con <\/span><b>Hern\u00e1n Dar\u00edo \u2018Bolillo\u2019 G\u00f3mez, <\/b><span style=\"font-weight: 400;\">este mismo viernes el jugador fue visto despidi\u00e9ndose de sus compa\u00f1eros.\u00a0<\/span><\/span><\/p>\n<p style=\"font-weight: 400; text-align: justify;\"><span style=\"font-family: helvetica, arial, sans-serif;\"><span style=\"font-weight: 400;\">En un video qued\u00f3 registrado el momento en el que <\/span><b>Quintero se desped\u00eda en la sede del equipo<\/b><span style=\"font-weight: 400;\">. No obstante, su salida no se ha hecho oficial a trav\u00e9s de los medios del club.\u00a0<\/span><\/span><\/p>\n<p style=\"font-weight: 400; text-align: justify;\"><span style=\"font-family: helvetica, arial, sans-serif;\"><span style=\"font-weight: 400;\">Por ahora no se sabe a qu\u00e9 equipo llegar\u00e1 <\/span><b>Quintero<\/b><span style=\"font-weight: 400;\">, pero se conocen rumores de propuestas en <\/span><b>M\u00e9xico y Arabia Saudita.\u00a0<\/b><\/span><\/p>\n","protected":false},"excerpt":{"rendered":"<p>Lo que se esperaba durante las \u00faltimas horas finalmente se confirm\u00f3, Juan Fernando Quintero dejar\u00e1 de ser jugador del Junior y se prepara para buscar nuevo equipo, seguramente internacional.\u00a0 Luego de que el m\u00e1ximo accionista del equipo, Fuad Char, confirmara en horas de la ma\u00f1ana que Quintero en persona pidi\u00f3 su salida del equipo, al [&hellip;]<\/p>\n","protected":false},"author":4,"featured_media":96889,"comment_status":"open","ping_status":"closed","sticky":false,"template":"","format":"standard","meta":{"_acf_changed":false,"footnotes":""},"categories":[7],"tags":[],"class_list":{"0":"post-96888","1":"post","2":"type-post","3":"status-publish","4":"format-standard","5":"has-post-thumbnail","7":"category-liga-betplay"},"acf":[],"_links":{"self":[{"href":"https:\/\/futbolhoy.co\/index.php\/wp-json\/wp\/v2\/posts\/96888","targetHints":{"allow":["GET"]}}],"collection":[{"href":"https:\/\/futbolhoy.co\/index.php\/wp-json\/wp\/v2\/posts"}],"about":[{"href":"https:\/\/futbolhoy.co\/index.php\/wp-json\/wp\/v2\/types\/post"}],"author":[{"embeddable":true,"href":"https:\/\/futbolhoy.co\/index.php\/wp-json\/wp\/v2\/users\/4"}],"replies":[{"embeddable":true,"href":"https:\/\/futbolhoy.co\/index.php\/wp-json\/wp\/v2\/comments?post=96888"}],"version-history":[{"count":1,"href":"https:\/\/futbolhoy.co\/index.php\/wp-json\/wp\/v2\/posts\/96888\/revisions"}],"predecessor-version":[{"id":96890,"href":"https:\/\/futbolhoy.co\/index.php\/wp-json\/wp\/v2\/posts\/96888\/revisions\/96890"}],"wp:featuredmedia":[{"embeddable":true,"href":"https:\/\/futbolhoy.co\/index.php\/wp-json\/wp\/v2\/media\/96889"}],"wp:attachment":[{"href":"https:\/\/futbolhoy.co\/index.php\/wp-json\/wp\/v2\/media?parent=96888"}],"wp:term":[{"taxonomy":"category","embeddable":true,"href":"https:\/\/futbolhoy.co\/index.php\/wp-json\/wp\/v2\/categories?post=96888"},{"taxonomy":"post_tag","embeddable":true,"href":"https:\/\/futbolhoy.co\/index.php\/wp-json\/wp\/v2\/tags?post=96888"}],"curies":[{"name":"wp","href":"https:\/\/api.w.org\/{rel}","templated":true}]}}