{"id":96894,"date":"2023-07-08T09:47:16","date_gmt":"2023-07-08T14:47:16","guid":{"rendered":"https:\/\/futbolhoy.co\/?p=96894"},"modified":"2023-07-09T11:28:41","modified_gmt":"2023-07-09T16:28:41","slug":"harold-preciado-marco-doblete-con-santos-laguna","status":"publish","type":"post","link":"https:\/\/futbolhoy.co\/index.php\/2023\/07\/08\/harold-preciado-marco-doblete-con-santos-laguna\/","title":{"rendered":"Harold Preciado marc\u00f3 doblete con Santos Laguna"},"content":{"rendered":"<p style=\"font-weight: 400; text-align: justify;\"><span style=\"font-family: helvetica, arial, sans-serif;\"><span style=\"font-weight: 400;\">El colombiano <\/span><b>Harold Preciado marc\u00f3 doblete <\/b><span style=\"font-weight: 400;\">y fue figura este viernes en el triunfo de Santos Laguna 2-3 sobre a Puebla en la segunda fecha del torneo Apertura 2023 de la LigaMX.\u00a0<\/span><\/span><\/p>\n<p style=\"font-weight: 400; text-align: justify;\"><span style=\"font-family: helvetica, arial, sans-serif;\"><b>Puebla<\/b><span style=\"font-weight: 400;\"> comenz\u00f3 ganando el partido al minuto 2 con gol de Matheus Doria, tras un disparo de <\/span><b>Mancuello<\/b><span style=\"font-weight: 400;\">, con un claro dominio para el local en la primera parte. Pero el empate para Santos lleg\u00f3 al 25\u2019 tras un error defensivo y el primero de <\/span><b>Harold Preciado<\/b><span style=\"font-weight: 400;\">, que no le dio opci\u00f3n al portero Jes\u00fas Rodr\u00edguez tras un derechazo imparable.<\/span><\/span><\/p>\n<p><span style=\"font-family: helvetica, arial, sans-serif;\">El colombiano Harold Preciado marc\u00f3 doblete y fue figura este viernes en el triunfo de Santos Laguna 2-3 sobre a Puebla en la segunda fecha del torneo Apertura 2023 de la LigaMX.<\/span><\/p>\n<p><span style=\"font-family: helvetica, arial, sans-serif;\">Puebla comenz\u00f3 ganando el partido al minuto 2 con gol de Matheus Doria, tras un disparo de Mancuello, con un claro dominio para el local en la primera parte. Pero el empate para Santos lleg\u00f3 al 25\u2019 tras un error defensivo y el primero de Harold Preciado, que no le dio opci\u00f3n al portero Jes\u00fas Rodr\u00edguez tras un derechazo imparable.<\/span><\/p>\n<p><span style=\"font-family: helvetica, arial, sans-serif;\">Nuevamente Puebla se puso arriba en el marcador con un centro por izquierda que Angulo remat\u00f3 para el 2-1. Preciado otra vez figura, en el final de la primera parte aprovech\u00f3 una falta en su contra dentro del \u00e1rea y marc\u00f3 el 2-2 de penal y su segundo de la noche.<\/span><\/p>\n<p><span style=\"font-family: helvetica, arial, sans-serif;\">Finalmente el gol del triunfo lleg\u00f3 al minuto 76 tambi\u00e9n con intervenci\u00f3n de un colombiano. Emerson Rodr\u00edguez lleg\u00f3 al \u00e1rea de Puebla y centr\u00f3 para que Brunetta anotara el 2-3.<\/span><\/p>\n<p style=\"font-weight: 400; text-align: justify;\"><span style=\"font-family: helvetica, arial, sans-serif;\"><span style=\"font-weight: 400;\">Nuevamente <\/span><b>Puebla<\/b><span style=\"font-weight: 400;\"> se puso arriba en el marcador con un centro por izquierda que Angulo remat\u00f3 para el 2-1. <\/span><b>Preciado otra vez figura<\/b><span style=\"font-weight: 400;\">, en el final de la primera parte aprovech\u00f3 una falta en su contra dentro del \u00e1rea y marc\u00f3 el 2-2 de penal y su segundo de la noche.\u00a0<\/span><\/span><\/p>\n<p style=\"font-weight: 400; text-align: justify;\"><span style=\"font-family: helvetica, arial, sans-serif;\"><span style=\"font-weight: 400;\">Finalmente el gol del triunfo lleg\u00f3 al minuto 76 tambi\u00e9n con intervenci\u00f3n de un colombiano. <\/span><b>Emerson Rodr\u00edguez <\/b><span style=\"font-weight: 400;\">lleg\u00f3 al \u00e1rea de Puebla y centr\u00f3 para que Brunetta anotara el 2-3.\u00a0<\/span><\/span><\/p>\n","protected":false},"excerpt":{"rendered":"<p>El colombiano Harold Preciado marc\u00f3 doblete y fue figura este viernes en el triunfo de Santos Laguna 2-3 sobre a Puebla en la segunda fecha del torneo Apertura 2023 de la LigaMX.\u00a0 Puebla comenz\u00f3 ganando el partido al minuto 2 con gol de Matheus Doria, tras un disparo de Mancuello, con un claro dominio para [&hellip;]<\/p>\n","protected":false},"author":4,"featured_media":96895,"comment_status":"open","ping_status":"open","sticky":false,"template":"","format":"standard","meta":{"_acf_changed":false,"footnotes":""},"categories":[152],"tags":[],"class_list":{"0":"post-96894","1":"post","2":"type-post","3":"status-publish","4":"format-standard","5":"has-post-thumbnail","7":"category-mundo-futbol"},"acf":[],"yoast_head":"<!-- This site is optimized with the Yoast SEO plugin v26.8 - https:\/\/yoast.com\/product\/yoast-seo-wordpress\/ -->\n<title>Harold Preciado marc\u00f3 doblete con Santos Laguna -<\/title>\n<meta name=\"robots\" content=\"index, follow, max-snippet:-1, max-image-preview:large, max-video-preview:-1\" \/>\n<link rel=\"canonical\" href=\"https:\/\/futbolhoy.co\/index.php\/2023\/07\/08\/harold-preciado-marco-doblete-con-santos-laguna\/\" \/>\n<meta property=\"og:locale\" content=\"es_ES\" \/>\n<meta property=\"og:type\" content=\"article\" \/>\n<meta property=\"og:title\" content=\"Harold Preciado marc\u00f3 doblete con Santos Laguna -\" \/>\n<meta property=\"og:description\" content=\"El colombiano Harold Preciado marc\u00f3 doblete y fue figura este viernes en el triunfo de Santos Laguna 2-3 sobre a Puebla en la segunda fecha del torneo Apertura 2023 de la LigaMX.\u00a0 Puebla comenz\u00f3 ganando el partido al minuto 2 con gol de Matheus Doria, tras un disparo de Mancuello, con un claro dominio para [&hellip;]\" \/>\n<meta property=\"og:url\" content=\"https:\/\/futbolhoy.co\/index.php\/2023\/07\/08\/harold-preciado-marco-doblete-con-santos-laguna\/\" \/>\n<meta property=\"article:publisher\" content=\"https:\/\/www.facebook.com\/FutbolHoyCol\/\" \/>\n<meta property=\"article:published_time\" content=\"2023-07-08T14:47:16+00:00\" \/>\n<meta property=\"article:modified_time\" content=\"2023-07-09T16:28:41+00:00\" \/>\n<meta property=\"og:image\" content=\"https:\/\/futbolhoy.co\/wp-content\/uploads\/2023\/07\/IMG_4955.jpeg\" \/>\n\t<meta property=\"og:image:width\" content=\"1170\" \/>\n\t<meta property=\"og:image:height\" content=\"779\" \/>\n\t<meta property=\"og:image:type\" content=\"image\/jpeg\" \/>\n<meta name=\"author\" content=\"contenido\" \/>\n<meta name=\"twitter:card\" content=\"summary_large_image\" \/>\n<meta name=\"twitter:creator\" content=\"@FutbolHoyCol\" \/>\n<meta name=\"twitter:site\" content=\"@FutbolHoyCol\" \/>\n<meta name=\"twitter:label1\" content=\"Escrito por\" \/>\n\t<meta name=\"twitter:data1\" content=\"contenido\" \/>\n\t<meta name=\"twitter:label2\" content=\"Tiempo de lectura\" \/>\n\t<meta name=\"twitter:data2\" content=\"2 minutos\" \/>\n<script type=\"application\/ld+json\" class=\"yoast-schema-graph\">{\"@context\":\"https:\/\/schema.org\",\"@graph\":[{\"@type\":\"Article\",\"@id\":\"https:\/\/futbolhoy.co\/index.php\/2023\/07\/08\/harold-preciado-marco-doblete-con-santos-laguna\/#article\",\"isPartOf\":{\"@id\":\"https:\/\/futbolhoy.co\/index.php\/2023\/07\/08\/harold-preciado-marco-doblete-con-santos-laguna\/\"},\"author\":{\"name\":\"contenido\",\"@id\":\"https:\/\/futbolhoy.co\/#\/schema\/person\/1721b69355b6623eaff15ac7b92d4cc3\"},\"headline\":\"Harold Preciado marc\u00f3 doblete con Santos Laguna\",\"datePublished\":\"2023-07-08T14:47:16+00:00\",\"dateModified\":\"2023-07-09T16:28:41+00:00\",\"mainEntityOfPage\":{\"@id\":\"https:\/\/futbolhoy.co\/index.php\/2023\/07\/08\/harold-preciado-marco-doblete-con-santos-laguna\/\"},\"wordCount\":357,\"commentCount\":0,\"publisher\":{\"@id\":\"https:\/\/futbolhoy.co\/#organization\"},\"image\":{\"@id\":\"https:\/\/futbolhoy.co\/index.php\/2023\/07\/08\/harold-preciado-marco-doblete-con-santos-laguna\/#primaryimage\"},\"thumbnailUrl\":\"https:\/\/futbolhoy.co\/wp-content\/uploads\/2023\/07\/IMG_4955.jpeg\",\"articleSection\":[\"Mundo Futbol\"],\"inLanguage\":\"es\",\"potentialAction\":[{\"@type\":\"CommentAction\",\"name\":\"Comment\",\"target\":[\"https:\/\/futbolhoy.co\/index.php\/2023\/07\/08\/harold-preciado-marco-doblete-con-santos-laguna\/#respond\"]}]},{\"@type\":\"WebPage\",\"@id\":\"https:\/\/futbolhoy.co\/index.php\/2023\/07\/08\/harold-preciado-marco-doblete-con-santos-laguna\/\",\"url\":\"https:\/\/futbolhoy.co\/index.php\/2023\/07\/08\/harold-preciado-marco-doblete-con-santos-laguna\/\",\"name\":\"Harold Preciado marc\u00f3 doblete con Santos Laguna -\",\"isPartOf\":{\"@id\":\"https:\/\/futbolhoy.co\/#website\"},\"primaryImageOfPage\":{\"@id\":\"https:\/\/futbolhoy.co\/index.php\/2023\/07\/08\/harold-preciado-marco-doblete-con-santos-laguna\/#primaryimage\"},\"image\":{\"@id\":\"https:\/\/futbolhoy.co\/index.php\/2023\/07\/08\/harold-preciado-marco-doblete-con-santos-laguna\/#primaryimage\"},\"thumbnailUrl\":\"https:\/\/futbolhoy.co\/wp-content\/uploads\/2023\/07\/IMG_4955.jpeg\",\"datePublished\":\"2023-07-08T14:47:16+00:00\",\"dateModified\":\"2023-07-09T16:28:41+00:00\",\"breadcrumb\":{\"@id\":\"https:\/\/futbolhoy.co\/index.php\/2023\/07\/08\/harold-preciado-marco-doblete-con-santos-laguna\/#breadcrumb\"},\"inLanguage\":\"es\",\"potentialAction\":[{\"@type\":\"ReadAction\",\"target\":[\"https:\/\/futbolhoy.co\/index.php\/2023\/07\/08\/harold-preciado-marco-doblete-con-santos-laguna\/\"]}]},{\"@type\":\"ImageObject\",\"inLanguage\":\"es\",\"@id\":\"https:\/\/futbolhoy.co\/index.php\/2023\/07\/08\/harold-preciado-marco-doblete-con-santos-laguna\/#primaryimage\",\"url\":\"https:\/\/futbolhoy.co\/wp-content\/uploads\/2023\/07\/IMG_4955.jpeg\",\"contentUrl\":\"https:\/\/futbolhoy.co\/wp-content\/uploads\/2023\/07\/IMG_4955.jpeg\",\"width\":1170,\"height\":779},{\"@type\":\"BreadcrumbList\",\"@id\":\"https:\/\/futbolhoy.co\/index.php\/2023\/07\/08\/harold-preciado-marco-doblete-con-santos-laguna\/#breadcrumb\",\"itemListElement\":[{\"@type\":\"ListItem\",\"position\":1,\"name\":\"Portada\",\"item\":\"https:\/\/futbolhoy.co\/\"},{\"@type\":\"ListItem\",\"position\":2,\"name\":\"Harold Preciado marc\u00f3 doblete con Santos Laguna\"}]},{\"@type\":\"WebSite\",\"@id\":\"https:\/\/futbolhoy.co\/#website\",\"url\":\"https:\/\/futbolhoy.co\/\",\"name\":\"FutbolHoy\",\"description\":\"\",\"publisher\":{\"@id\":\"https:\/\/futbolhoy.co\/#organization\"},\"potentialAction\":[{\"@type\":\"SearchAction\",\"target\":{\"@type\":\"EntryPoint\",\"urlTemplate\":\"https:\/\/futbolhoy.co\/?s={search_term_string}\"},\"query-input\":{\"@type\":\"PropertyValueSpecification\",\"valueRequired\":true,\"valueName\":\"search_term_string\"}}],\"inLanguage\":\"es\"},{\"@type\":\"Organization\",\"@id\":\"https:\/\/futbolhoy.co\/#organization\",\"name\":\"Futbolhoy.co\",\"url\":\"https:\/\/futbolhoy.co\/\",\"logo\":{\"@type\":\"ImageObject\",\"inLanguage\":\"es\",\"@id\":\"https:\/\/futbolhoy.co\/#\/schema\/logo\/image\/\",\"url\":\"https:\/\/futbolhoy.co\/wp-content\/uploads\/2018\/08\/17426380_1906371736249227_6326180412931521141_n.jpg\",\"contentUrl\":\"https:\/\/futbolhoy.co\/wp-content\/uploads\/2018\/08\/17426380_1906371736249227_6326180412931521141_n.jpg\",\"width\":960,\"height\":960,\"caption\":\"Futbolhoy.co\"},\"image\":{\"@id\":\"https:\/\/futbolhoy.co\/#\/schema\/logo\/image\/\"},\"sameAs\":[\"https:\/\/www.facebook.com\/FutbolHoyCol\/\",\"https:\/\/x.com\/FutbolHoyCol\",\"https:\/\/www.instagram.com\/futbolhoycol\/\"]},{\"@type\":\"Person\",\"@id\":\"https:\/\/futbolhoy.co\/#\/schema\/person\/1721b69355b6623eaff15ac7b92d4cc3\",\"name\":\"contenido\",\"image\":{\"@type\":\"ImageObject\",\"inLanguage\":\"es\",\"@id\":\"https:\/\/futbolhoy.co\/#\/schema\/person\/image\/\",\"url\":\"https:\/\/secure.gravatar.com\/avatar\/4f656d3256f5134f466206e7c3941518?s=96&d=mm&r=g\",\"contentUrl\":\"https:\/\/secure.gravatar.com\/avatar\/4f656d3256f5134f466206e7c3941518?s=96&d=mm&r=g\",\"caption\":\"contenido\"}}]}<\/script>\n<!-- \/ Yoast SEO plugin. -->","yoast_head_json":{"title":"Harold Preciado marc\u00f3 doblete con Santos Laguna -","robots":{"index":"index","follow":"follow","max-snippet":"max-snippet:-1","max-image-preview":"max-image-preview:large","max-video-preview":"max-video-preview:-1"},"canonical":"https:\/\/futbolhoy.co\/index.php\/2023\/07\/08\/harold-preciado-marco-doblete-con-santos-laguna\/","og_locale":"es_ES","og_type":"article","og_title":"Harold Preciado marc\u00f3 doblete con Santos Laguna -","og_description":"El colombiano Harold Preciado marc\u00f3 doblete y fue figura este viernes en el triunfo de Santos Laguna 2-3 sobre a Puebla en la segunda fecha del torneo Apertura 2023 de la LigaMX.\u00a0 Puebla comenz\u00f3 ganando el partido al minuto 2 con gol de Matheus Doria, tras un disparo de Mancuello, con un claro dominio para [&hellip;]","og_url":"https:\/\/futbolhoy.co\/index.php\/2023\/07\/08\/harold-preciado-marco-doblete-con-santos-laguna\/","article_publisher":"https:\/\/www.facebook.com\/FutbolHoyCol\/","article_published_time":"2023-07-08T14:47:16+00:00","article_modified_time":"2023-07-09T16:28:41+00:00","og_image":[{"width":1170,"height":779,"url":"https:\/\/futbolhoy.co\/wp-content\/uploads\/2023\/07\/IMG_4955.jpeg","type":"image\/jpeg"}],"author":"contenido","twitter_card":"summary_large_image","twitter_creator":"@FutbolHoyCol","twitter_site":"@FutbolHoyCol","twitter_misc":{"Escrito por":"contenido","Tiempo de lectura":"2 minutos"},"schema":{"@context":"https:\/\/schema.org","@graph":[{"@type":"Article","@id":"https:\/\/futbolhoy.co\/index.php\/2023\/07\/08\/harold-preciado-marco-doblete-con-santos-laguna\/#article","isPartOf":{"@id":"https:\/\/futbolhoy.co\/index.php\/2023\/07\/08\/harold-preciado-marco-doblete-con-santos-laguna\/"},"author":{"name":"contenido","@id":"https:\/\/futbolhoy.co\/#\/schema\/person\/1721b69355b6623eaff15ac7b92d4cc3"},"headline":"Harold Preciado marc\u00f3 doblete con Santos Laguna","datePublished":"2023-07-08T14:47:16+00:00","dateModified":"2023-07-09T16:28:41+00:00","mainEntityOfPage":{"@id":"https:\/\/futbolhoy.co\/index.php\/2023\/07\/08\/harold-preciado-marco-doblete-con-santos-laguna\/"},"wordCount":357,"commentCount":0,"publisher":{"@id":"https:\/\/futbolhoy.co\/#organization"},"image":{"@id":"https:\/\/futbolhoy.co\/index.php\/2023\/07\/08\/harold-preciado-marco-doblete-con-santos-laguna\/#primaryimage"},"thumbnailUrl":"https:\/\/futbolhoy.co\/wp-content\/uploads\/2023\/07\/IMG_4955.jpeg","articleSection":["Mundo Futbol"],"inLanguage":"es","potentialAction":[{"@type":"CommentAction","name":"Comment","target":["https:\/\/futbolhoy.co\/index.php\/2023\/07\/08\/harold-preciado-marco-doblete-con-santos-laguna\/#respond"]}]},{"@type":"WebPage","@id":"https:\/\/futbolhoy.co\/index.php\/2023\/07\/08\/harold-preciado-marco-doblete-con-santos-laguna\/","url":"https:\/\/futbolhoy.co\/index.php\/2023\/07\/08\/harold-preciado-marco-doblete-con-santos-laguna\/","name":"Harold Preciado marc\u00f3 doblete con Santos Laguna -","isPartOf":{"@id":"https:\/\/futbolhoy.co\/#website"},"primaryImageOfPage":{"@id":"https:\/\/futbolhoy.co\/index.php\/2023\/07\/08\/harold-preciado-marco-doblete-con-santos-laguna\/#primaryimage"},"image":{"@id":"https:\/\/futbolhoy.co\/index.php\/2023\/07\/08\/harold-preciado-marco-doblete-con-santos-laguna\/#primaryimage"},"thumbnailUrl":"https:\/\/futbolhoy.co\/wp-content\/uploads\/2023\/07\/IMG_4955.jpeg","datePublished":"2023-07-08T14:47:16+00:00","dateModified":"2023-07-09T16:28:41+00:00","breadcrumb":{"@id":"https:\/\/futbolhoy.co\/index.php\/2023\/07\/08\/harold-preciado-marco-doblete-con-santos-laguna\/#breadcrumb"},"inLanguage":"es","potentialAction":[{"@type":"ReadAction","target":["https:\/\/futbolhoy.co\/index.php\/2023\/07\/08\/harold-preciado-marco-doblete-con-santos-laguna\/"]}]},{"@type":"ImageObject","inLanguage":"es","@id":"https:\/\/futbolhoy.co\/index.php\/2023\/07\/08\/harold-preciado-marco-doblete-con-santos-laguna\/#primaryimage","url":"https:\/\/futbolhoy.co\/wp-content\/uploads\/2023\/07\/IMG_4955.jpeg","contentUrl":"https:\/\/futbolhoy.co\/wp-content\/uploads\/2023\/07\/IMG_4955.jpeg","width":1170,"height":779},{"@type":"BreadcrumbList","@id":"https:\/\/futbolhoy.co\/index.php\/2023\/07\/08\/harold-preciado-marco-doblete-con-santos-laguna\/#breadcrumb","itemListElement":[{"@type":"ListItem","position":1,"name":"Portada","item":"https:\/\/futbolhoy.co\/"},{"@type":"ListItem","position":2,"name":"Harold Preciado marc\u00f3 doblete con Santos Laguna"}]},{"@type":"WebSite","@id":"https:\/\/futbolhoy.co\/#website","url":"https:\/\/futbolhoy.co\/","name":"FutbolHoy","description":"","publisher":{"@id":"https:\/\/futbolhoy.co\/#organization"},"potentialAction":[{"@type":"SearchAction","target":{"@type":"EntryPoint","urlTemplate":"https:\/\/futbolhoy.co\/?s={search_term_string}"},"query-input":{"@type":"PropertyValueSpecification","valueRequired":true,"valueName":"search_term_string"}}],"inLanguage":"es"},{"@type":"Organization","@id":"https:\/\/futbolhoy.co\/#organization","name":"Futbolhoy.co","url":"https:\/\/futbolhoy.co\/","logo":{"@type":"ImageObject","inLanguage":"es","@id":"https:\/\/futbolhoy.co\/#\/schema\/logo\/image\/","url":"https:\/\/futbolhoy.co\/wp-content\/uploads\/2018\/08\/17426380_1906371736249227_6326180412931521141_n.jpg","contentUrl":"https:\/\/futbolhoy.co\/wp-content\/uploads\/2018\/08\/17426380_1906371736249227_6326180412931521141_n.jpg","width":960,"height":960,"caption":"Futbolhoy.co"},"image":{"@id":"https:\/\/futbolhoy.co\/#\/schema\/logo\/image\/"},"sameAs":["https:\/\/www.facebook.com\/FutbolHoyCol\/","https:\/\/x.com\/FutbolHoyCol","https:\/\/www.instagram.com\/futbolhoycol\/"]},{"@type":"Person","@id":"https:\/\/futbolhoy.co\/#\/schema\/person\/1721b69355b6623eaff15ac7b92d4cc3","name":"contenido","image":{"@type":"ImageObject","inLanguage":"es","@id":"https:\/\/futbolhoy.co\/#\/schema\/person\/image\/","url":"https:\/\/secure.gravatar.com\/avatar\/4f656d3256f5134f466206e7c3941518?s=96&d=mm&r=g","contentUrl":"https:\/\/secure.gravatar.com\/avatar\/4f656d3256f5134f466206e7c3941518?s=96&d=mm&r=g","caption":"contenido"}}]}},"publishpress_future_action":{"enabled":false,"date":"2026-05-06 15:41:10","action":"change-status","newStatus":"draft","terms":[],"taxonomy":"category","extraData":[]},"publishpress_future_workflow_manual_trigger":{"enabledWorkflows":[]},"_links":{"self":[{"href":"https:\/\/futbolhoy.co\/index.php\/wp-json\/wp\/v2\/posts\/96894","targetHints":{"allow":["GET"]}}],"collection":[{"href":"https:\/\/futbolhoy.co\/index.php\/wp-json\/wp\/v2\/posts"}],"about":[{"href":"https:\/\/futbolhoy.co\/index.php\/wp-json\/wp\/v2\/types\/post"}],"author":[{"embeddable":true,"href":"https:\/\/futbolhoy.co\/index.php\/wp-json\/wp\/v2\/users\/4"}],"replies":[{"embeddable":true,"href":"https:\/\/futbolhoy.co\/index.php\/wp-json\/wp\/v2\/comments?post=96894"}],"version-history":[{"count":2,"href":"https:\/\/futbolhoy.co\/index.php\/wp-json\/wp\/v2\/posts\/96894\/revisions"}],"predecessor-version":[{"id":96900,"href":"https:\/\/futbolhoy.co\/index.php\/wp-json\/wp\/v2\/posts\/96894\/revisions\/96900"}],"wp:featuredmedia":[{"embeddable":true,"href":"https:\/\/futbolhoy.co\/index.php\/wp-json\/wp\/v2\/media\/96895"}],"wp:attachment":[{"href":"https:\/\/futbolhoy.co\/index.php\/wp-json\/wp\/v2\/media?parent=96894"}],"wp:term":[{"taxonomy":"category","embeddable":true,"href":"https:\/\/futbolhoy.co\/index.php\/wp-json\/wp\/v2\/categories?post=96894"},{"taxonomy":"post_tag","embeddable":true,"href":"https:\/\/futbolhoy.co\/index.php\/wp-json\/wp\/v2\/tags?post=96894"}],"curies":[{"name":"wp","href":"https:\/\/api.w.org\/{rel}","templated":true}]}}