{"id":96897,"date":"2023-07-08T10:20:39","date_gmt":"2023-07-08T15:20:39","guid":{"rendered":"https:\/\/futbolhoy.co\/?p=96897"},"modified":"2023-07-09T07:06:31","modified_gmt":"2023-07-09T12:06:31","slug":"david-de-gea-se-va-del-manchester-united","status":"publish","type":"post","link":"https:\/\/futbolhoy.co\/index.php\/2023\/07\/08\/david-de-gea-se-va-del-manchester-united\/","title":{"rendered":"David de Gea se va del Manchester United"},"content":{"rendered":"<p style=\"font-weight: 400; text-align: justify;\"><span style=\"font-family: helvetica, arial, sans-serif;\"><span style=\"font-weight: 400;\">Despu\u00e9s de 12 a\u00f1os, <\/span><b>David de Gea no seguir\u00e1 defendiendo los colores del Manchester United<\/b><span style=\"font-weight: 400;\"> desde la temporada que est\u00e1 por iniciar. El guardameta espa\u00f1ol es uno de los jugadores con m\u00e1s r\u00e9cords con la camiseta de los \u2018red devils\u2019.\u00a0<\/span><\/span><\/p>\n<p style=\"font-weight: 400; text-align: justify;\"><span style=\"font-family: helvetica, arial, sans-serif;\"><span style=\"font-weight: 400;\">La futura llegada de <\/span><b>Andr\u00e9 Onana<\/b><span style=\"font-weight: 400;\">, portero del Inter de Mil\u00e1n, y la duda de renovaci\u00f3n de su contrato terminaron en la salida de David de Gea del club.\u00a0<\/span><\/span><\/p>\n<p style=\"font-weight: 400; text-align: justify;\"><span style=\"font-family: helvetica, arial, sans-serif;\"><span style=\"font-weight: 400;\">\u201cSolo quer\u00eda enviar este mensaje de despedida a todos los seguidores del <\/span><b>Manchester<\/b> <b>United<\/b><span style=\"font-weight: 400;\">. Me gustar\u00eda expresar mi inquebrantable gratitud y aprecio por el amor de los \u00faltimos 12 a\u00f1os. Hemos logrado mucho desde que <\/span><b>mi querido Sir Alex Ferguson <\/b><span style=\"font-weight: 400;\">me trajo a este club. Me enorgullec\u00ed much\u00edsimo cada vez que me puse esta camiseta, dirigir al equipo, representar a esta instituci\u00f3n, el club m\u00e1s grande del mundo, fue un honor que solo se otorga a unos pocos afortunados futbolistas. Ha sido un per\u00edodo inolvidable y exitoso desde que llegu\u00e9 aqu\u00ed\u201d, escribi\u00f3.\u00a0<\/span><\/span><\/p>\n<p style=\"font-weight: 400; text-align: justify;\"><span style=\"font-family: helvetica, arial, sans-serif;\"><span style=\"font-weight: 400;\">\u201cNo pens\u00e9 que saliendo de <\/span><b>Madrid<\/b><span style=\"font-weight: 400;\"> siendo un ni\u00f1o lograr\u00edamos lo que hicimos juntos. Ahora es el momento adecuado para emprender un nuevo reto, para empujarme de nuevo en un nuevo entorno. <\/span><b>Manchester<\/b><span style=\"font-weight: 400;\"> siempre estar\u00e1 en mi coraz\u00f3n, Manchester me ha formado y nunca me dejar\u00e1. Lo hemos visto todo\", a\u00f1adi\u00f3 el espa\u00f1ol.\u00a0<\/span><\/span><\/p>\n<p style=\"font-weight: 400; text-align: justify;\"><span style=\"font-family: helvetica, arial, sans-serif;\"><span style=\"font-weight: 400;\">En los 12 a\u00f1os con el United, <\/span><b>David de Gea jug\u00f3 545 partidos <\/b><span style=\"font-weight: 400;\">con 190 porter\u00edas a cero, ambos r\u00e9cords del club para un portero. Gan\u00f3 la Premier League, la FA Cup, la UEFA Europa League y dos Carabao Cups.<\/span><\/span><\/p>\n","protected":false},"excerpt":{"rendered":"<p>Despu\u00e9s de 12 a\u00f1os, David de Gea no seguir\u00e1 defendiendo los colores del Manchester United desde la temporada que est\u00e1 por iniciar. El guardameta espa\u00f1ol es uno de los jugadores con m\u00e1s r\u00e9cords con la camiseta de los \u2018red devils\u2019.\u00a0 La futura llegada de Andr\u00e9 Onana, portero del Inter de Mil\u00e1n, y la duda de [&hellip;]<\/p>\n","protected":false},"author":4,"featured_media":96898,"comment_status":"open","ping_status":"open","sticky":false,"template":"","format":"standard","meta":{"_acf_changed":false,"footnotes":""},"categories":[152],"tags":[],"class_list":{"0":"post-96897","1":"post","2":"type-post","3":"status-publish","4":"format-standard","5":"has-post-thumbnail","7":"category-mundo-futbol"},"acf":[],"yoast_head":"<!-- This site is optimized with the Yoast SEO plugin v26.8 - https:\/\/yoast.com\/product\/yoast-seo-wordpress\/ -->\n<title>David de Gea se va del Manchester United -<\/title>\n<meta name=\"robots\" content=\"index, follow, max-snippet:-1, max-image-preview:large, max-video-preview:-1\" \/>\n<link rel=\"canonical\" href=\"https:\/\/futbolhoy.co\/index.php\/2023\/07\/08\/david-de-gea-se-va-del-manchester-united\/\" \/>\n<meta property=\"og:locale\" content=\"es_ES\" \/>\n<meta property=\"og:type\" content=\"article\" \/>\n<meta property=\"og:title\" content=\"David de Gea se va del Manchester United -\" \/>\n<meta property=\"og:description\" content=\"Despu\u00e9s de 12 a\u00f1os, David de Gea no seguir\u00e1 defendiendo los colores del Manchester United desde la temporada que est\u00e1 por iniciar. El guardameta espa\u00f1ol es uno de los jugadores con m\u00e1s r\u00e9cords con la camiseta de los \u2018red devils\u2019.\u00a0 La futura llegada de Andr\u00e9 Onana, portero del Inter de Mil\u00e1n, y la duda de [&hellip;]\" \/>\n<meta property=\"og:url\" content=\"https:\/\/futbolhoy.co\/index.php\/2023\/07\/08\/david-de-gea-se-va-del-manchester-united\/\" \/>\n<meta property=\"article:publisher\" content=\"https:\/\/www.facebook.com\/FutbolHoyCol\/\" \/>\n<meta property=\"article:published_time\" content=\"2023-07-08T15:20:39+00:00\" \/>\n<meta property=\"article:modified_time\" content=\"2023-07-09T12:06:31+00:00\" \/>\n<meta property=\"og:image\" content=\"https:\/\/futbolhoy.co\/wp-content\/uploads\/2023\/07\/IMG_4956.jpeg\" \/>\n\t<meta property=\"og:image:width\" content=\"1170\" \/>\n\t<meta property=\"og:image:height\" content=\"785\" \/>\n\t<meta property=\"og:image:type\" content=\"image\/jpeg\" \/>\n<meta name=\"author\" content=\"contenido\" \/>\n<meta name=\"twitter:card\" content=\"summary_large_image\" \/>\n<meta name=\"twitter:creator\" content=\"@FutbolHoyCol\" \/>\n<meta name=\"twitter:site\" content=\"@FutbolHoyCol\" \/>\n<meta name=\"twitter:label1\" content=\"Escrito por\" \/>\n\t<meta name=\"twitter:data1\" content=\"contenido\" \/>\n\t<meta name=\"twitter:label2\" content=\"Tiempo de lectura\" \/>\n\t<meta name=\"twitter:data2\" content=\"1 minuto\" \/>\n<script type=\"application\/ld+json\" class=\"yoast-schema-graph\">{\"@context\":\"https:\/\/schema.org\",\"@graph\":[{\"@type\":\"Article\",\"@id\":\"https:\/\/futbolhoy.co\/index.php\/2023\/07\/08\/david-de-gea-se-va-del-manchester-united\/#article\",\"isPartOf\":{\"@id\":\"https:\/\/futbolhoy.co\/index.php\/2023\/07\/08\/david-de-gea-se-va-del-manchester-united\/\"},\"author\":{\"name\":\"contenido\",\"@id\":\"https:\/\/futbolhoy.co\/#\/schema\/person\/1721b69355b6623eaff15ac7b92d4cc3\"},\"headline\":\"David de Gea se va del Manchester United\",\"datePublished\":\"2023-07-08T15:20:39+00:00\",\"dateModified\":\"2023-07-09T12:06:31+00:00\",\"mainEntityOfPage\":{\"@id\":\"https:\/\/futbolhoy.co\/index.php\/2023\/07\/08\/david-de-gea-se-va-del-manchester-united\/\"},\"wordCount\":279,\"commentCount\":0,\"publisher\":{\"@id\":\"https:\/\/futbolhoy.co\/#organization\"},\"image\":{\"@id\":\"https:\/\/futbolhoy.co\/index.php\/2023\/07\/08\/david-de-gea-se-va-del-manchester-united\/#primaryimage\"},\"thumbnailUrl\":\"https:\/\/futbolhoy.co\/wp-content\/uploads\/2023\/07\/IMG_4956.jpeg\",\"articleSection\":[\"Mundo Futbol\"],\"inLanguage\":\"es\",\"potentialAction\":[{\"@type\":\"CommentAction\",\"name\":\"Comment\",\"target\":[\"https:\/\/futbolhoy.co\/index.php\/2023\/07\/08\/david-de-gea-se-va-del-manchester-united\/#respond\"]}]},{\"@type\":\"WebPage\",\"@id\":\"https:\/\/futbolhoy.co\/index.php\/2023\/07\/08\/david-de-gea-se-va-del-manchester-united\/\",\"url\":\"https:\/\/futbolhoy.co\/index.php\/2023\/07\/08\/david-de-gea-se-va-del-manchester-united\/\",\"name\":\"David de Gea se va del Manchester United -\",\"isPartOf\":{\"@id\":\"https:\/\/futbolhoy.co\/#website\"},\"primaryImageOfPage\":{\"@id\":\"https:\/\/futbolhoy.co\/index.php\/2023\/07\/08\/david-de-gea-se-va-del-manchester-united\/#primaryimage\"},\"image\":{\"@id\":\"https:\/\/futbolhoy.co\/index.php\/2023\/07\/08\/david-de-gea-se-va-del-manchester-united\/#primaryimage\"},\"thumbnailUrl\":\"https:\/\/futbolhoy.co\/wp-content\/uploads\/2023\/07\/IMG_4956.jpeg\",\"datePublished\":\"2023-07-08T15:20:39+00:00\",\"dateModified\":\"2023-07-09T12:06:31+00:00\",\"breadcrumb\":{\"@id\":\"https:\/\/futbolhoy.co\/index.php\/2023\/07\/08\/david-de-gea-se-va-del-manchester-united\/#breadcrumb\"},\"inLanguage\":\"es\",\"potentialAction\":[{\"@type\":\"ReadAction\",\"target\":[\"https:\/\/futbolhoy.co\/index.php\/2023\/07\/08\/david-de-gea-se-va-del-manchester-united\/\"]}]},{\"@type\":\"ImageObject\",\"inLanguage\":\"es\",\"@id\":\"https:\/\/futbolhoy.co\/index.php\/2023\/07\/08\/david-de-gea-se-va-del-manchester-united\/#primaryimage\",\"url\":\"https:\/\/futbolhoy.co\/wp-content\/uploads\/2023\/07\/IMG_4956.jpeg\",\"contentUrl\":\"https:\/\/futbolhoy.co\/wp-content\/uploads\/2023\/07\/IMG_4956.jpeg\",\"width\":1170,\"height\":785},{\"@type\":\"BreadcrumbList\",\"@id\":\"https:\/\/futbolhoy.co\/index.php\/2023\/07\/08\/david-de-gea-se-va-del-manchester-united\/#breadcrumb\",\"itemListElement\":[{\"@type\":\"ListItem\",\"position\":1,\"name\":\"Portada\",\"item\":\"https:\/\/futbolhoy.co\/\"},{\"@type\":\"ListItem\",\"position\":2,\"name\":\"David de Gea se va del Manchester United\"}]},{\"@type\":\"WebSite\",\"@id\":\"https:\/\/futbolhoy.co\/#website\",\"url\":\"https:\/\/futbolhoy.co\/\",\"name\":\"FutbolHoy\",\"description\":\"\",\"publisher\":{\"@id\":\"https:\/\/futbolhoy.co\/#organization\"},\"potentialAction\":[{\"@type\":\"SearchAction\",\"target\":{\"@type\":\"EntryPoint\",\"urlTemplate\":\"https:\/\/futbolhoy.co\/?s={search_term_string}\"},\"query-input\":{\"@type\":\"PropertyValueSpecification\",\"valueRequired\":true,\"valueName\":\"search_term_string\"}}],\"inLanguage\":\"es\"},{\"@type\":\"Organization\",\"@id\":\"https:\/\/futbolhoy.co\/#organization\",\"name\":\"Futbolhoy.co\",\"url\":\"https:\/\/futbolhoy.co\/\",\"logo\":{\"@type\":\"ImageObject\",\"inLanguage\":\"es\",\"@id\":\"https:\/\/futbolhoy.co\/#\/schema\/logo\/image\/\",\"url\":\"https:\/\/futbolhoy.co\/wp-content\/uploads\/2018\/08\/17426380_1906371736249227_6326180412931521141_n.jpg\",\"contentUrl\":\"https:\/\/futbolhoy.co\/wp-content\/uploads\/2018\/08\/17426380_1906371736249227_6326180412931521141_n.jpg\",\"width\":960,\"height\":960,\"caption\":\"Futbolhoy.co\"},\"image\":{\"@id\":\"https:\/\/futbolhoy.co\/#\/schema\/logo\/image\/\"},\"sameAs\":[\"https:\/\/www.facebook.com\/FutbolHoyCol\/\",\"https:\/\/x.com\/FutbolHoyCol\",\"https:\/\/www.instagram.com\/futbolhoycol\/\"]},{\"@type\":\"Person\",\"@id\":\"https:\/\/futbolhoy.co\/#\/schema\/person\/1721b69355b6623eaff15ac7b92d4cc3\",\"name\":\"contenido\",\"image\":{\"@type\":\"ImageObject\",\"inLanguage\":\"es\",\"@id\":\"https:\/\/futbolhoy.co\/#\/schema\/person\/image\/\",\"url\":\"https:\/\/secure.gravatar.com\/avatar\/4f656d3256f5134f466206e7c3941518?s=96&d=mm&r=g\",\"contentUrl\":\"https:\/\/secure.gravatar.com\/avatar\/4f656d3256f5134f466206e7c3941518?s=96&d=mm&r=g\",\"caption\":\"contenido\"}}]}<\/script>\n<!-- \/ Yoast SEO plugin. -->","yoast_head_json":{"title":"David de Gea se va del Manchester United -","robots":{"index":"index","follow":"follow","max-snippet":"max-snippet:-1","max-image-preview":"max-image-preview:large","max-video-preview":"max-video-preview:-1"},"canonical":"https:\/\/futbolhoy.co\/index.php\/2023\/07\/08\/david-de-gea-se-va-del-manchester-united\/","og_locale":"es_ES","og_type":"article","og_title":"David de Gea se va del Manchester United -","og_description":"Despu\u00e9s de 12 a\u00f1os, David de Gea no seguir\u00e1 defendiendo los colores del Manchester United desde la temporada que est\u00e1 por iniciar. El guardameta espa\u00f1ol es uno de los jugadores con m\u00e1s r\u00e9cords con la camiseta de los \u2018red devils\u2019.\u00a0 La futura llegada de Andr\u00e9 Onana, portero del Inter de Mil\u00e1n, y la duda de [&hellip;]","og_url":"https:\/\/futbolhoy.co\/index.php\/2023\/07\/08\/david-de-gea-se-va-del-manchester-united\/","article_publisher":"https:\/\/www.facebook.com\/FutbolHoyCol\/","article_published_time":"2023-07-08T15:20:39+00:00","article_modified_time":"2023-07-09T12:06:31+00:00","og_image":[{"width":1170,"height":785,"url":"https:\/\/futbolhoy.co\/wp-content\/uploads\/2023\/07\/IMG_4956.jpeg","type":"image\/jpeg"}],"author":"contenido","twitter_card":"summary_large_image","twitter_creator":"@FutbolHoyCol","twitter_site":"@FutbolHoyCol","twitter_misc":{"Escrito por":"contenido","Tiempo de lectura":"1 minuto"},"schema":{"@context":"https:\/\/schema.org","@graph":[{"@type":"Article","@id":"https:\/\/futbolhoy.co\/index.php\/2023\/07\/08\/david-de-gea-se-va-del-manchester-united\/#article","isPartOf":{"@id":"https:\/\/futbolhoy.co\/index.php\/2023\/07\/08\/david-de-gea-se-va-del-manchester-united\/"},"author":{"name":"contenido","@id":"https:\/\/futbolhoy.co\/#\/schema\/person\/1721b69355b6623eaff15ac7b92d4cc3"},"headline":"David de Gea se va del Manchester United","datePublished":"2023-07-08T15:20:39+00:00","dateModified":"2023-07-09T12:06:31+00:00","mainEntityOfPage":{"@id":"https:\/\/futbolhoy.co\/index.php\/2023\/07\/08\/david-de-gea-se-va-del-manchester-united\/"},"wordCount":279,"commentCount":0,"publisher":{"@id":"https:\/\/futbolhoy.co\/#organization"},"image":{"@id":"https:\/\/futbolhoy.co\/index.php\/2023\/07\/08\/david-de-gea-se-va-del-manchester-united\/#primaryimage"},"thumbnailUrl":"https:\/\/futbolhoy.co\/wp-content\/uploads\/2023\/07\/IMG_4956.jpeg","articleSection":["Mundo Futbol"],"inLanguage":"es","potentialAction":[{"@type":"CommentAction","name":"Comment","target":["https:\/\/futbolhoy.co\/index.php\/2023\/07\/08\/david-de-gea-se-va-del-manchester-united\/#respond"]}]},{"@type":"WebPage","@id":"https:\/\/futbolhoy.co\/index.php\/2023\/07\/08\/david-de-gea-se-va-del-manchester-united\/","url":"https:\/\/futbolhoy.co\/index.php\/2023\/07\/08\/david-de-gea-se-va-del-manchester-united\/","name":"David de Gea se va del Manchester United -","isPartOf":{"@id":"https:\/\/futbolhoy.co\/#website"},"primaryImageOfPage":{"@id":"https:\/\/futbolhoy.co\/index.php\/2023\/07\/08\/david-de-gea-se-va-del-manchester-united\/#primaryimage"},"image":{"@id":"https:\/\/futbolhoy.co\/index.php\/2023\/07\/08\/david-de-gea-se-va-del-manchester-united\/#primaryimage"},"thumbnailUrl":"https:\/\/futbolhoy.co\/wp-content\/uploads\/2023\/07\/IMG_4956.jpeg","datePublished":"2023-07-08T15:20:39+00:00","dateModified":"2023-07-09T12:06:31+00:00","breadcrumb":{"@id":"https:\/\/futbolhoy.co\/index.php\/2023\/07\/08\/david-de-gea-se-va-del-manchester-united\/#breadcrumb"},"inLanguage":"es","potentialAction":[{"@type":"ReadAction","target":["https:\/\/futbolhoy.co\/index.php\/2023\/07\/08\/david-de-gea-se-va-del-manchester-united\/"]}]},{"@type":"ImageObject","inLanguage":"es","@id":"https:\/\/futbolhoy.co\/index.php\/2023\/07\/08\/david-de-gea-se-va-del-manchester-united\/#primaryimage","url":"https:\/\/futbolhoy.co\/wp-content\/uploads\/2023\/07\/IMG_4956.jpeg","contentUrl":"https:\/\/futbolhoy.co\/wp-content\/uploads\/2023\/07\/IMG_4956.jpeg","width":1170,"height":785},{"@type":"BreadcrumbList","@id":"https:\/\/futbolhoy.co\/index.php\/2023\/07\/08\/david-de-gea-se-va-del-manchester-united\/#breadcrumb","itemListElement":[{"@type":"ListItem","position":1,"name":"Portada","item":"https:\/\/futbolhoy.co\/"},{"@type":"ListItem","position":2,"name":"David de Gea se va del Manchester United"}]},{"@type":"WebSite","@id":"https:\/\/futbolhoy.co\/#website","url":"https:\/\/futbolhoy.co\/","name":"FutbolHoy","description":"","publisher":{"@id":"https:\/\/futbolhoy.co\/#organization"},"potentialAction":[{"@type":"SearchAction","target":{"@type":"EntryPoint","urlTemplate":"https:\/\/futbolhoy.co\/?s={search_term_string}"},"query-input":{"@type":"PropertyValueSpecification","valueRequired":true,"valueName":"search_term_string"}}],"inLanguage":"es"},{"@type":"Organization","@id":"https:\/\/futbolhoy.co\/#organization","name":"Futbolhoy.co","url":"https:\/\/futbolhoy.co\/","logo":{"@type":"ImageObject","inLanguage":"es","@id":"https:\/\/futbolhoy.co\/#\/schema\/logo\/image\/","url":"https:\/\/futbolhoy.co\/wp-content\/uploads\/2018\/08\/17426380_1906371736249227_6326180412931521141_n.jpg","contentUrl":"https:\/\/futbolhoy.co\/wp-content\/uploads\/2018\/08\/17426380_1906371736249227_6326180412931521141_n.jpg","width":960,"height":960,"caption":"Futbolhoy.co"},"image":{"@id":"https:\/\/futbolhoy.co\/#\/schema\/logo\/image\/"},"sameAs":["https:\/\/www.facebook.com\/FutbolHoyCol\/","https:\/\/x.com\/FutbolHoyCol","https:\/\/www.instagram.com\/futbolhoycol\/"]},{"@type":"Person","@id":"https:\/\/futbolhoy.co\/#\/schema\/person\/1721b69355b6623eaff15ac7b92d4cc3","name":"contenido","image":{"@type":"ImageObject","inLanguage":"es","@id":"https:\/\/futbolhoy.co\/#\/schema\/person\/image\/","url":"https:\/\/secure.gravatar.com\/avatar\/4f656d3256f5134f466206e7c3941518?s=96&d=mm&r=g","contentUrl":"https:\/\/secure.gravatar.com\/avatar\/4f656d3256f5134f466206e7c3941518?s=96&d=mm&r=g","caption":"contenido"}}]}},"publishpress_future_action":{"enabled":false,"date":"2026-05-06 14:43:52","action":"change-status","newStatus":"draft","terms":[],"taxonomy":"category","extraData":[]},"publishpress_future_workflow_manual_trigger":{"enabledWorkflows":[]},"_links":{"self":[{"href":"https:\/\/futbolhoy.co\/index.php\/wp-json\/wp\/v2\/posts\/96897","targetHints":{"allow":["GET"]}}],"collection":[{"href":"https:\/\/futbolhoy.co\/index.php\/wp-json\/wp\/v2\/posts"}],"about":[{"href":"https:\/\/futbolhoy.co\/index.php\/wp-json\/wp\/v2\/types\/post"}],"author":[{"embeddable":true,"href":"https:\/\/futbolhoy.co\/index.php\/wp-json\/wp\/v2\/users\/4"}],"replies":[{"embeddable":true,"href":"https:\/\/futbolhoy.co\/index.php\/wp-json\/wp\/v2\/comments?post=96897"}],"version-history":[{"count":1,"href":"https:\/\/futbolhoy.co\/index.php\/wp-json\/wp\/v2\/posts\/96897\/revisions"}],"predecessor-version":[{"id":96899,"href":"https:\/\/futbolhoy.co\/index.php\/wp-json\/wp\/v2\/posts\/96897\/revisions\/96899"}],"wp:featuredmedia":[{"embeddable":true,"href":"https:\/\/futbolhoy.co\/index.php\/wp-json\/wp\/v2\/media\/96898"}],"wp:attachment":[{"href":"https:\/\/futbolhoy.co\/index.php\/wp-json\/wp\/v2\/media?parent=96897"}],"wp:term":[{"taxonomy":"category","embeddable":true,"href":"https:\/\/futbolhoy.co\/index.php\/wp-json\/wp\/v2\/categories?post=96897"},{"taxonomy":"post_tag","embeddable":true,"href":"https:\/\/futbolhoy.co\/index.php\/wp-json\/wp\/v2\/tags?post=96897"}],"curies":[{"name":"wp","href":"https:\/\/api.w.org\/{rel}","templated":true}]}}