{"id":96901,"date":"2023-07-08T16:17:05","date_gmt":"2023-07-08T21:17:05","guid":{"rendered":"https:\/\/futbolhoy.co\/?p=96901"},"modified":"2023-07-09T14:19:56","modified_gmt":"2023-07-09T19:19:56","slug":"quintero-sale-a-dar-la-cara-el-tiempo-dara-la-razon","status":"publish","type":"post","link":"https:\/\/futbolhoy.co\/index.php\/2023\/07\/08\/quintero-sale-a-dar-la-cara-el-tiempo-dara-la-razon\/","title":{"rendered":"Quintero sale a dar la cara: \u201cEl tiempo dar\u00e1 la raz\u00f3n\u201d"},"content":{"rendered":"<p style=\"font-weight: 400; text-align: justify;\"><span style=\"font-family: helvetica, arial, sans-serif;\"><span style=\"font-weight: 400;\">En medio del novel\u00f3n de las \u00faltimas horas, ya es oficial la salida de <\/span><b>Juan Fernando Quintero<\/b><span style=\"font-weight: 400;\"> del <\/span><b>Junior<\/b><span style=\"font-weight: 400;\">. El jugador dej\u00f3 un enigm\u00e1tico mensaje en sus redes sociales como despedida, al tiempo que asegur\u00f3 que \u201cel tiempo dar\u00eda la raz\u00f3n\u201d, en medio de la pol\u00e9mica que ha generado su salida.\u00a0<\/span><\/span><\/p>\n<p style=\"font-weight: 400; text-align: justify;\"><span style=\"font-family: helvetica, arial, sans-serif;\"><span style=\"font-weight: 400;\">A falta de seis meses para que se cumpliera su contrato, <\/span><b>Juanfer<\/b> <b>Quintero<\/b><span style=\"font-weight: 400;\"> le dijo adi\u00f3s al <\/span><b>Junior<\/b><span style=\"font-weight: 400;\"> por motivos personales, aparentemente.\u00a0<\/span><\/span><\/p>\n<p style=\"font-weight: 400; text-align: justify;\"><span style=\"font-family: helvetica, arial, sans-serif;\"><span style=\"font-weight: 400;\">En las \u00faltimas horas se conoci\u00f3 que el jugador pidi\u00f3 su salida, al parecer por inconformidades con el t\u00e9cnico <\/span><b>Bolillo<\/b> <b>G\u00f3mez<\/b><span style=\"font-weight: 400;\">. Lo \u00faltimo que se supo es que, en efecto, en Junior aceptaron su renuncia.\u00a0<\/span><\/span><\/p>\n<p style=\"font-weight: 400; text-align: justify;\"><span style=\"font-family: helvetica, arial, sans-serif;\"><span style=\"font-weight: 400;\">Ahora su mensaje en redes sociales dej\u00f3 mucho al aire. <\/span><b>Seg\u00fan Quintero,<\/b><span style=\"font-weight: 400;\"> su decisi\u00f3n personal acarre\u00f3 \u201cmuchas historias y cuentos\u201d.\u00a0<\/span><\/span><\/p>\n<p style=\"font-weight: 400; text-align: justify;\"><span style=\"font-family: helvetica, arial, sans-serif;\"><span style=\"font-weight: 400;\">\u201cHola amigos. No sab\u00eda que una decisi\u00f3n personal iba a traer tantas historias y tantos cuentos. En su momento se hablar\u00e1 del tema, por el momento disfruten de la despedida de Sebasti\u00e1n Viera . <\/span><b>A la gente no se puede enga\u00f1ar y el tiempo dar\u00e1 la raz\u00f3n<\/b><span style=\"font-weight: 400;\"> !! Y barranquilla me acogi\u00f3 como uno m\u00e1s \u2026 feliz tarde a todos y que disfruten\u201d, escribi\u00f3 el futbolista.\u00a0<\/span><\/span><\/p>\n<p style=\"font-weight: 400; text-align: justify;\"><span style=\"font-family: helvetica, arial, sans-serif;\"><span style=\"font-weight: 400;\">Quintero no tuvo muchos minutos en el <\/span><b>Junior<\/b><span style=\"font-weight: 400;\"> en los seis meses que visti\u00f3 la camiseta, producto de una <\/span><b>lesi\u00f3n<\/b><span style=\"font-weight: 400;\">.\u00a0<\/span><\/span><\/p>\n<p style=\"font-weight: 400; text-align: justify;\"><span style=\"font-family: helvetica, arial, sans-serif;\"><span style=\"font-weight: 400;\">Entre las razones de su salida se ha hablado de supuestos problemas con la metodolog\u00eda del Bolillo G\u00f3mez, as\u00ed como una aparente inconformidad por haber sido <\/span><b>suplente<\/b><span style=\"font-weight: 400;\"> en los \u00faltimos d\u00edas en juegos <\/span><b>amistosos<\/b><span style=\"font-weight: 400;\">.\u00a0<\/span><\/span><\/p>\n","protected":false},"excerpt":{"rendered":"<p>En medio del novel\u00f3n de las \u00faltimas horas, ya es oficial la salida de Juan Fernando Quintero del Junior. El jugador dej\u00f3 un enigm\u00e1tico mensaje en sus redes sociales como despedida, al tiempo que asegur\u00f3 que \u201cel tiempo dar\u00eda la raz\u00f3n\u201d, en medio de la pol\u00e9mica que ha generado su salida.\u00a0 A falta de seis [&hellip;]<\/p>\n","protected":false},"author":4,"featured_media":96902,"comment_status":"open","ping_status":"open","sticky":false,"template":"","format":"standard","meta":{"_acf_changed":false,"footnotes":""},"categories":[7],"tags":[],"class_list":{"0":"post-96901","1":"post","2":"type-post","3":"status-publish","4":"format-standard","5":"has-post-thumbnail","7":"category-liga-betplay"},"acf":[],"yoast_head":"<!-- This site is optimized with the Yoast SEO plugin v26.8 - https:\/\/yoast.com\/product\/yoast-seo-wordpress\/ -->\n<title>Quintero sale a dar la cara: \u201cEl tiempo dar\u00e1 la raz\u00f3n\u201d -<\/title>\n<meta name=\"robots\" content=\"index, follow, max-snippet:-1, max-image-preview:large, max-video-preview:-1\" \/>\n<link rel=\"canonical\" href=\"https:\/\/futbolhoy.co\/index.php\/2023\/07\/08\/quintero-sale-a-dar-la-cara-el-tiempo-dara-la-razon\/\" \/>\n<meta property=\"og:locale\" content=\"es_ES\" \/>\n<meta property=\"og:type\" content=\"article\" \/>\n<meta property=\"og:title\" content=\"Quintero sale a dar la cara: \u201cEl tiempo dar\u00e1 la raz\u00f3n\u201d -\" \/>\n<meta property=\"og:description\" content=\"En medio del novel\u00f3n de las \u00faltimas horas, ya es oficial la salida de Juan Fernando Quintero del Junior. El jugador dej\u00f3 un enigm\u00e1tico mensaje en sus redes sociales como despedida, al tiempo que asegur\u00f3 que \u201cel tiempo dar\u00eda la raz\u00f3n\u201d, en medio de la pol\u00e9mica que ha generado su salida.\u00a0 A falta de seis [&hellip;]\" \/>\n<meta property=\"og:url\" content=\"https:\/\/futbolhoy.co\/index.php\/2023\/07\/08\/quintero-sale-a-dar-la-cara-el-tiempo-dara-la-razon\/\" \/>\n<meta property=\"article:publisher\" content=\"https:\/\/www.facebook.com\/FutbolHoyCol\/\" \/>\n<meta property=\"article:published_time\" content=\"2023-07-08T21:17:05+00:00\" \/>\n<meta property=\"article:modified_time\" content=\"2023-07-09T19:19:56+00:00\" \/>\n<meta property=\"og:image\" content=\"https:\/\/futbolhoy.co\/wp-content\/uploads\/2023\/07\/IMG_4978.jpeg\" \/>\n\t<meta property=\"og:image:width\" content=\"1170\" \/>\n\t<meta property=\"og:image:height\" content=\"730\" \/>\n\t<meta property=\"og:image:type\" content=\"image\/jpeg\" \/>\n<meta name=\"author\" content=\"contenido\" \/>\n<meta name=\"twitter:card\" content=\"summary_large_image\" \/>\n<meta name=\"twitter:creator\" content=\"@FutbolHoyCol\" \/>\n<meta name=\"twitter:site\" content=\"@FutbolHoyCol\" \/>\n<meta name=\"twitter:label1\" content=\"Escrito por\" \/>\n\t<meta name=\"twitter:data1\" content=\"contenido\" \/>\n\t<meta name=\"twitter:label2\" content=\"Tiempo de lectura\" \/>\n\t<meta name=\"twitter:data2\" content=\"1 minuto\" \/>\n<script type=\"application\/ld+json\" class=\"yoast-schema-graph\">{\"@context\":\"https:\/\/schema.org\",\"@graph\":[{\"@type\":\"Article\",\"@id\":\"https:\/\/futbolhoy.co\/index.php\/2023\/07\/08\/quintero-sale-a-dar-la-cara-el-tiempo-dara-la-razon\/#article\",\"isPartOf\":{\"@id\":\"https:\/\/futbolhoy.co\/index.php\/2023\/07\/08\/quintero-sale-a-dar-la-cara-el-tiempo-dara-la-razon\/\"},\"author\":{\"name\":\"contenido\",\"@id\":\"https:\/\/futbolhoy.co\/#\/schema\/person\/1721b69355b6623eaff15ac7b92d4cc3\"},\"headline\":\"Quintero sale a dar la cara: \u201cEl tiempo dar\u00e1 la raz\u00f3n\u201d\",\"datePublished\":\"2023-07-08T21:17:05+00:00\",\"dateModified\":\"2023-07-09T19:19:56+00:00\",\"mainEntityOfPage\":{\"@id\":\"https:\/\/futbolhoy.co\/index.php\/2023\/07\/08\/quintero-sale-a-dar-la-cara-el-tiempo-dara-la-razon\/\"},\"wordCount\":277,\"commentCount\":0,\"publisher\":{\"@id\":\"https:\/\/futbolhoy.co\/#organization\"},\"image\":{\"@id\":\"https:\/\/futbolhoy.co\/index.php\/2023\/07\/08\/quintero-sale-a-dar-la-cara-el-tiempo-dara-la-razon\/#primaryimage\"},\"thumbnailUrl\":\"https:\/\/futbolhoy.co\/wp-content\/uploads\/2023\/07\/IMG_4978.jpeg\",\"articleSection\":[\"Liga BetPlay\"],\"inLanguage\":\"es\",\"potentialAction\":[{\"@type\":\"CommentAction\",\"name\":\"Comment\",\"target\":[\"https:\/\/futbolhoy.co\/index.php\/2023\/07\/08\/quintero-sale-a-dar-la-cara-el-tiempo-dara-la-razon\/#respond\"]}]},{\"@type\":\"WebPage\",\"@id\":\"https:\/\/futbolhoy.co\/index.php\/2023\/07\/08\/quintero-sale-a-dar-la-cara-el-tiempo-dara-la-razon\/\",\"url\":\"https:\/\/futbolhoy.co\/index.php\/2023\/07\/08\/quintero-sale-a-dar-la-cara-el-tiempo-dara-la-razon\/\",\"name\":\"Quintero sale a dar la cara: \u201cEl tiempo dar\u00e1 la raz\u00f3n\u201d -\",\"isPartOf\":{\"@id\":\"https:\/\/futbolhoy.co\/#website\"},\"primaryImageOfPage\":{\"@id\":\"https:\/\/futbolhoy.co\/index.php\/2023\/07\/08\/quintero-sale-a-dar-la-cara-el-tiempo-dara-la-razon\/#primaryimage\"},\"image\":{\"@id\":\"https:\/\/futbolhoy.co\/index.php\/2023\/07\/08\/quintero-sale-a-dar-la-cara-el-tiempo-dara-la-razon\/#primaryimage\"},\"thumbnailUrl\":\"https:\/\/futbolhoy.co\/wp-content\/uploads\/2023\/07\/IMG_4978.jpeg\",\"datePublished\":\"2023-07-08T21:17:05+00:00\",\"dateModified\":\"2023-07-09T19:19:56+00:00\",\"breadcrumb\":{\"@id\":\"https:\/\/futbolhoy.co\/index.php\/2023\/07\/08\/quintero-sale-a-dar-la-cara-el-tiempo-dara-la-razon\/#breadcrumb\"},\"inLanguage\":\"es\",\"potentialAction\":[{\"@type\":\"ReadAction\",\"target\":[\"https:\/\/futbolhoy.co\/index.php\/2023\/07\/08\/quintero-sale-a-dar-la-cara-el-tiempo-dara-la-razon\/\"]}]},{\"@type\":\"ImageObject\",\"inLanguage\":\"es\",\"@id\":\"https:\/\/futbolhoy.co\/index.php\/2023\/07\/08\/quintero-sale-a-dar-la-cara-el-tiempo-dara-la-razon\/#primaryimage\",\"url\":\"https:\/\/futbolhoy.co\/wp-content\/uploads\/2023\/07\/IMG_4978.jpeg\",\"contentUrl\":\"https:\/\/futbolhoy.co\/wp-content\/uploads\/2023\/07\/IMG_4978.jpeg\",\"width\":1170,\"height\":730},{\"@type\":\"BreadcrumbList\",\"@id\":\"https:\/\/futbolhoy.co\/index.php\/2023\/07\/08\/quintero-sale-a-dar-la-cara-el-tiempo-dara-la-razon\/#breadcrumb\",\"itemListElement\":[{\"@type\":\"ListItem\",\"position\":1,\"name\":\"Portada\",\"item\":\"https:\/\/futbolhoy.co\/\"},{\"@type\":\"ListItem\",\"position\":2,\"name\":\"Quintero sale a dar la cara: \u201cEl tiempo dar\u00e1 la raz\u00f3n\u201d\"}]},{\"@type\":\"WebSite\",\"@id\":\"https:\/\/futbolhoy.co\/#website\",\"url\":\"https:\/\/futbolhoy.co\/\",\"name\":\"FutbolHoy\",\"description\":\"\",\"publisher\":{\"@id\":\"https:\/\/futbolhoy.co\/#organization\"},\"potentialAction\":[{\"@type\":\"SearchAction\",\"target\":{\"@type\":\"EntryPoint\",\"urlTemplate\":\"https:\/\/futbolhoy.co\/?s={search_term_string}\"},\"query-input\":{\"@type\":\"PropertyValueSpecification\",\"valueRequired\":true,\"valueName\":\"search_term_string\"}}],\"inLanguage\":\"es\"},{\"@type\":\"Organization\",\"@id\":\"https:\/\/futbolhoy.co\/#organization\",\"name\":\"Futbolhoy.co\",\"url\":\"https:\/\/futbolhoy.co\/\",\"logo\":{\"@type\":\"ImageObject\",\"inLanguage\":\"es\",\"@id\":\"https:\/\/futbolhoy.co\/#\/schema\/logo\/image\/\",\"url\":\"https:\/\/futbolhoy.co\/wp-content\/uploads\/2018\/08\/17426380_1906371736249227_6326180412931521141_n.jpg\",\"contentUrl\":\"https:\/\/futbolhoy.co\/wp-content\/uploads\/2018\/08\/17426380_1906371736249227_6326180412931521141_n.jpg\",\"width\":960,\"height\":960,\"caption\":\"Futbolhoy.co\"},\"image\":{\"@id\":\"https:\/\/futbolhoy.co\/#\/schema\/logo\/image\/\"},\"sameAs\":[\"https:\/\/www.facebook.com\/FutbolHoyCol\/\",\"https:\/\/x.com\/FutbolHoyCol\",\"https:\/\/www.instagram.com\/futbolhoycol\/\"]},{\"@type\":\"Person\",\"@id\":\"https:\/\/futbolhoy.co\/#\/schema\/person\/1721b69355b6623eaff15ac7b92d4cc3\",\"name\":\"contenido\",\"image\":{\"@type\":\"ImageObject\",\"inLanguage\":\"es\",\"@id\":\"https:\/\/futbolhoy.co\/#\/schema\/person\/image\/\",\"url\":\"https:\/\/secure.gravatar.com\/avatar\/4f656d3256f5134f466206e7c3941518?s=96&d=mm&r=g\",\"contentUrl\":\"https:\/\/secure.gravatar.com\/avatar\/4f656d3256f5134f466206e7c3941518?s=96&d=mm&r=g\",\"caption\":\"contenido\"}}]}<\/script>\n<!-- \/ Yoast SEO plugin. -->","yoast_head_json":{"title":"Quintero sale a dar la cara: \u201cEl tiempo dar\u00e1 la raz\u00f3n\u201d -","robots":{"index":"index","follow":"follow","max-snippet":"max-snippet:-1","max-image-preview":"max-image-preview:large","max-video-preview":"max-video-preview:-1"},"canonical":"https:\/\/futbolhoy.co\/index.php\/2023\/07\/08\/quintero-sale-a-dar-la-cara-el-tiempo-dara-la-razon\/","og_locale":"es_ES","og_type":"article","og_title":"Quintero sale a dar la cara: \u201cEl tiempo dar\u00e1 la raz\u00f3n\u201d -","og_description":"En medio del novel\u00f3n de las \u00faltimas horas, ya es oficial la salida de Juan Fernando Quintero del Junior. El jugador dej\u00f3 un enigm\u00e1tico mensaje en sus redes sociales como despedida, al tiempo que asegur\u00f3 que \u201cel tiempo dar\u00eda la raz\u00f3n\u201d, en medio de la pol\u00e9mica que ha generado su salida.\u00a0 A falta de seis [&hellip;]","og_url":"https:\/\/futbolhoy.co\/index.php\/2023\/07\/08\/quintero-sale-a-dar-la-cara-el-tiempo-dara-la-razon\/","article_publisher":"https:\/\/www.facebook.com\/FutbolHoyCol\/","article_published_time":"2023-07-08T21:17:05+00:00","article_modified_time":"2023-07-09T19:19:56+00:00","og_image":[{"width":1170,"height":730,"url":"https:\/\/futbolhoy.co\/wp-content\/uploads\/2023\/07\/IMG_4978.jpeg","type":"image\/jpeg"}],"author":"contenido","twitter_card":"summary_large_image","twitter_creator":"@FutbolHoyCol","twitter_site":"@FutbolHoyCol","twitter_misc":{"Escrito por":"contenido","Tiempo de lectura":"1 minuto"},"schema":{"@context":"https:\/\/schema.org","@graph":[{"@type":"Article","@id":"https:\/\/futbolhoy.co\/index.php\/2023\/07\/08\/quintero-sale-a-dar-la-cara-el-tiempo-dara-la-razon\/#article","isPartOf":{"@id":"https:\/\/futbolhoy.co\/index.php\/2023\/07\/08\/quintero-sale-a-dar-la-cara-el-tiempo-dara-la-razon\/"},"author":{"name":"contenido","@id":"https:\/\/futbolhoy.co\/#\/schema\/person\/1721b69355b6623eaff15ac7b92d4cc3"},"headline":"Quintero sale a dar la cara: \u201cEl tiempo dar\u00e1 la raz\u00f3n\u201d","datePublished":"2023-07-08T21:17:05+00:00","dateModified":"2023-07-09T19:19:56+00:00","mainEntityOfPage":{"@id":"https:\/\/futbolhoy.co\/index.php\/2023\/07\/08\/quintero-sale-a-dar-la-cara-el-tiempo-dara-la-razon\/"},"wordCount":277,"commentCount":0,"publisher":{"@id":"https:\/\/futbolhoy.co\/#organization"},"image":{"@id":"https:\/\/futbolhoy.co\/index.php\/2023\/07\/08\/quintero-sale-a-dar-la-cara-el-tiempo-dara-la-razon\/#primaryimage"},"thumbnailUrl":"https:\/\/futbolhoy.co\/wp-content\/uploads\/2023\/07\/IMG_4978.jpeg","articleSection":["Liga BetPlay"],"inLanguage":"es","potentialAction":[{"@type":"CommentAction","name":"Comment","target":["https:\/\/futbolhoy.co\/index.php\/2023\/07\/08\/quintero-sale-a-dar-la-cara-el-tiempo-dara-la-razon\/#respond"]}]},{"@type":"WebPage","@id":"https:\/\/futbolhoy.co\/index.php\/2023\/07\/08\/quintero-sale-a-dar-la-cara-el-tiempo-dara-la-razon\/","url":"https:\/\/futbolhoy.co\/index.php\/2023\/07\/08\/quintero-sale-a-dar-la-cara-el-tiempo-dara-la-razon\/","name":"Quintero sale a dar la cara: \u201cEl tiempo dar\u00e1 la raz\u00f3n\u201d -","isPartOf":{"@id":"https:\/\/futbolhoy.co\/#website"},"primaryImageOfPage":{"@id":"https:\/\/futbolhoy.co\/index.php\/2023\/07\/08\/quintero-sale-a-dar-la-cara-el-tiempo-dara-la-razon\/#primaryimage"},"image":{"@id":"https:\/\/futbolhoy.co\/index.php\/2023\/07\/08\/quintero-sale-a-dar-la-cara-el-tiempo-dara-la-razon\/#primaryimage"},"thumbnailUrl":"https:\/\/futbolhoy.co\/wp-content\/uploads\/2023\/07\/IMG_4978.jpeg","datePublished":"2023-07-08T21:17:05+00:00","dateModified":"2023-07-09T19:19:56+00:00","breadcrumb":{"@id":"https:\/\/futbolhoy.co\/index.php\/2023\/07\/08\/quintero-sale-a-dar-la-cara-el-tiempo-dara-la-razon\/#breadcrumb"},"inLanguage":"es","potentialAction":[{"@type":"ReadAction","target":["https:\/\/futbolhoy.co\/index.php\/2023\/07\/08\/quintero-sale-a-dar-la-cara-el-tiempo-dara-la-razon\/"]}]},{"@type":"ImageObject","inLanguage":"es","@id":"https:\/\/futbolhoy.co\/index.php\/2023\/07\/08\/quintero-sale-a-dar-la-cara-el-tiempo-dara-la-razon\/#primaryimage","url":"https:\/\/futbolhoy.co\/wp-content\/uploads\/2023\/07\/IMG_4978.jpeg","contentUrl":"https:\/\/futbolhoy.co\/wp-content\/uploads\/2023\/07\/IMG_4978.jpeg","width":1170,"height":730},{"@type":"BreadcrumbList","@id":"https:\/\/futbolhoy.co\/index.php\/2023\/07\/08\/quintero-sale-a-dar-la-cara-el-tiempo-dara-la-razon\/#breadcrumb","itemListElement":[{"@type":"ListItem","position":1,"name":"Portada","item":"https:\/\/futbolhoy.co\/"},{"@type":"ListItem","position":2,"name":"Quintero sale a dar la cara: \u201cEl tiempo dar\u00e1 la raz\u00f3n\u201d"}]},{"@type":"WebSite","@id":"https:\/\/futbolhoy.co\/#website","url":"https:\/\/futbolhoy.co\/","name":"FutbolHoy","description":"","publisher":{"@id":"https:\/\/futbolhoy.co\/#organization"},"potentialAction":[{"@type":"SearchAction","target":{"@type":"EntryPoint","urlTemplate":"https:\/\/futbolhoy.co\/?s={search_term_string}"},"query-input":{"@type":"PropertyValueSpecification","valueRequired":true,"valueName":"search_term_string"}}],"inLanguage":"es"},{"@type":"Organization","@id":"https:\/\/futbolhoy.co\/#organization","name":"Futbolhoy.co","url":"https:\/\/futbolhoy.co\/","logo":{"@type":"ImageObject","inLanguage":"es","@id":"https:\/\/futbolhoy.co\/#\/schema\/logo\/image\/","url":"https:\/\/futbolhoy.co\/wp-content\/uploads\/2018\/08\/17426380_1906371736249227_6326180412931521141_n.jpg","contentUrl":"https:\/\/futbolhoy.co\/wp-content\/uploads\/2018\/08\/17426380_1906371736249227_6326180412931521141_n.jpg","width":960,"height":960,"caption":"Futbolhoy.co"},"image":{"@id":"https:\/\/futbolhoy.co\/#\/schema\/logo\/image\/"},"sameAs":["https:\/\/www.facebook.com\/FutbolHoyCol\/","https:\/\/x.com\/FutbolHoyCol","https:\/\/www.instagram.com\/futbolhoycol\/"]},{"@type":"Person","@id":"https:\/\/futbolhoy.co\/#\/schema\/person\/1721b69355b6623eaff15ac7b92d4cc3","name":"contenido","image":{"@type":"ImageObject","inLanguage":"es","@id":"https:\/\/futbolhoy.co\/#\/schema\/person\/image\/","url":"https:\/\/secure.gravatar.com\/avatar\/4f656d3256f5134f466206e7c3941518?s=96&d=mm&r=g","contentUrl":"https:\/\/secure.gravatar.com\/avatar\/4f656d3256f5134f466206e7c3941518?s=96&d=mm&r=g","caption":"contenido"}}]}},"publishpress_future_action":{"enabled":false,"date":"2026-05-06 13:54:41","action":"change-status","newStatus":"draft","terms":[],"taxonomy":"category","extraData":[]},"publishpress_future_workflow_manual_trigger":{"enabledWorkflows":[]},"_links":{"self":[{"href":"https:\/\/futbolhoy.co\/index.php\/wp-json\/wp\/v2\/posts\/96901","targetHints":{"allow":["GET"]}}],"collection":[{"href":"https:\/\/futbolhoy.co\/index.php\/wp-json\/wp\/v2\/posts"}],"about":[{"href":"https:\/\/futbolhoy.co\/index.php\/wp-json\/wp\/v2\/types\/post"}],"author":[{"embeddable":true,"href":"https:\/\/futbolhoy.co\/index.php\/wp-json\/wp\/v2\/users\/4"}],"replies":[{"embeddable":true,"href":"https:\/\/futbolhoy.co\/index.php\/wp-json\/wp\/v2\/comments?post=96901"}],"version-history":[{"count":1,"href":"https:\/\/futbolhoy.co\/index.php\/wp-json\/wp\/v2\/posts\/96901\/revisions"}],"predecessor-version":[{"id":96903,"href":"https:\/\/futbolhoy.co\/index.php\/wp-json\/wp\/v2\/posts\/96901\/revisions\/96903"}],"wp:featuredmedia":[{"embeddable":true,"href":"https:\/\/futbolhoy.co\/index.php\/wp-json\/wp\/v2\/media\/96902"}],"wp:attachment":[{"href":"https:\/\/futbolhoy.co\/index.php\/wp-json\/wp\/v2\/media?parent=96901"}],"wp:term":[{"taxonomy":"category","embeddable":true,"href":"https:\/\/futbolhoy.co\/index.php\/wp-json\/wp\/v2\/categories?post=96901"},{"taxonomy":"post_tag","embeddable":true,"href":"https:\/\/futbolhoy.co\/index.php\/wp-json\/wp\/v2\/tags?post=96901"}],"curies":[{"name":"wp","href":"https:\/\/api.w.org\/{rel}","templated":true}]}}