{"id":96904,"date":"2023-07-08T21:02:35","date_gmt":"2023-07-09T02:02:35","guid":{"rendered":"https:\/\/futbolhoy.co\/?p=96904"},"modified":"2023-07-09T14:52:13","modified_gmt":"2023-07-09T19:52:13","slug":"viera-se-despidio-con-gol-y-lagrimas","status":"publish","type":"post","link":"https:\/\/futbolhoy.co\/index.php\/2023\/07\/08\/viera-se-despidio-con-gol-y-lagrimas\/","title":{"rendered":"Viera se despidi\u00f3 con gol y l\u00e1grimas"},"content":{"rendered":"<p style=\"text-align: justify;\"><span style=\"font-family: helvetica, arial, sans-serif;\">Lleg\u00f3 el d\u00eda en el que el hincha del <b>Junior<\/b> despidi\u00f3 a uno de sus m\u00e1s grandes \u00eddolos. <b>Sebasti\u00e1n Viera tuvo el partido de despedida<\/b> del cuadro barranquillero y lo hizo marcando un fin de tiro libre, con figuras historias y entre l\u00e1grimas al decir adi\u00f3s.\u00a0<\/span><\/p>\n<p style=\"text-align: justify;\"><span style=\"font-family: helvetica, arial, sans-serif;\"><b>Despu\u00e9s de 12 a\u00f1os<\/b> defendiendo el arco rojiblanco, Sebasti\u00e1n Viera jug\u00f3 su \u00faltimo partido con la camiseta del Junior, en un juego de despedida que reuni\u00f3 a grandes figuras del equipo: desde el <b>Pibe Valderrama hasta Luis D\u00edaz<\/b> fueron ovacionados en el Metropolitano.\u00a0<\/span><\/p>\n<p style=\"text-align: justify;\"><span style=\"font-family: helvetica, arial, sans-serif;\">El partido entre el Junior y los amigos de Viera termin\u00f3 5-0 a favor del club barranquillero, aunque poco import\u00f3 el resultado, con goles de Lencina, Viera, Stiven Rodr\u00edguez y Kevin Padilla. Lo que s\u00ed import\u00f3 fue la gran <b>ovaci\u00f3n al \u00eddolo, <\/b>que se despidi\u00f3 con un gol de tiro libre, caracter\u00edstico de \u00e9l.\u00a0<\/span><\/p>\n<p style=\"text-align: justify;\"><span style=\"font-family: helvetica, arial, sans-serif;\"><b>Viera marc\u00f3 el 2-0 de tiro libre en el arco de Chunga <\/b>y fue la oportunidad perfecta para que en la tribuna sur saliera un homenaje gigante de una imagen junto a su familia, lo que desencaden\u00f3 las l\u00e1grimas del portero por despedirse ante su hinchada.\u00a0<\/span><\/p>\n<p style=\"text-align: justify;\"><span style=\"font-family: helvetica, arial, sans-serif;\">\u201cGracias por tanto. Voy a estar siempre agradecido con este gran club, que es todo nuestro, por esta gran regi\u00f3n, me dieron lo m\u00e1s lindo de mi vida que es mi familia, ese respeto y admiraci\u00f3n. <b>Los voy a llevar para siempre en mi coraz\u00f3n<\/b>. Fue un orgullo ser su capit\u00e1n durante m\u00e1s de 11 a\u00f1os, muchas gracias. El que conoce a Junior lo ama para toda la vida, yo soy un enamorado de ustedes y siempre voy a estar agradecido\u201d, fueron algunas de las palabras de Viera para la hinchada.\u00a0<\/span><\/p>\n<blockquote class=\"twitter-tweet\">\n<p dir=\"ltr\" lang=\"es\">\ud83e\udd88\ud83e\udde4 \u00a1Postales para la historia! \u00a1Qu\u00e9 momento el de Sebasti\u00e1n Viera siendo ovacionado por todo el Metropolitano! <a href=\"https:\/\/twitter.com\/hashtag\/VieraTibur%C3%B3nxWIN?src=hash&amp;ref_src=twsrc%5Etfw\">#VieraTibur\u00f3nxWIN<\/a> <a href=\"https:\/\/t.co\/oxANnDSmJt\">pic.twitter.com\/oxANnDSmJt<\/a><\/p>\n<p>\u2014 Win Sports TV (@WinSportsTV) <a href=\"https:\/\/twitter.com\/WinSportsTV\/status\/1677819956388417536?ref_src=twsrc%5Etfw\">July 8, 2023<\/a><\/p><\/blockquote>\n<p><script async src=\"https:\/\/platform.twitter.com\/widgets.js\" charset=\"utf-8\"><\/script><\/p>\n<blockquote class=\"twitter-tweet\">\n<p dir=\"ltr\" lang=\"es\">\ud83e\udd88\ud83e\udde4 \u00a1Infaltable la anotaci\u00f3n de arquero hist\u00f3rico! \u00a1Lo que se vacil\u00f3 Teo el gol de Sebasti\u00e1n Viera en su despedida!<a href=\"https:\/\/twitter.com\/hashtag\/VieraTibur%C3%B3nxWIN?src=hash&amp;ref_src=twsrc%5Etfw\">#VieraTibur\u00f3nxWIN<\/a> <a href=\"https:\/\/t.co\/yEGOqMf7hb\">pic.twitter.com\/yEGOqMf7hb<\/a><\/p>\n<p>\u2014 Win Sports TV (@WinSportsTV) <a href=\"https:\/\/twitter.com\/WinSportsTV\/status\/1677819458931290114?ref_src=twsrc%5Etfw\">July 8, 2023<\/a><\/p><\/blockquote>\n<p><script async src=\"https:\/\/platform.twitter.com\/widgets.js\" charset=\"utf-8\"><\/script><\/p>\n","protected":false},"excerpt":{"rendered":"<p>Lleg\u00f3 el d\u00eda en el que el hincha del Junior despidi\u00f3 a uno de sus m\u00e1s grandes \u00eddolos. Sebasti\u00e1n Viera tuvo el partido de despedida del cuadro barranquillero y lo hizo marcando un fin de tiro libre, con figuras historias y entre l\u00e1grimas al decir adi\u00f3s.\u00a0 Despu\u00e9s de 12 a\u00f1os defendiendo el arco rojiblanco, Sebasti\u00e1n [&hellip;]<\/p>\n","protected":false},"author":4,"featured_media":96905,"comment_status":"open","ping_status":"open","sticky":false,"template":"","format":"standard","meta":{"_acf_changed":false,"footnotes":""},"categories":[7],"tags":[],"class_list":{"0":"post-96904","1":"post","2":"type-post","3":"status-publish","4":"format-standard","5":"has-post-thumbnail","7":"category-liga-betplay"},"acf":[],"yoast_head":"<!-- This site is optimized with the Yoast SEO plugin v26.8 - https:\/\/yoast.com\/product\/yoast-seo-wordpress\/ -->\n<title>Viera se despidi\u00f3 con gol y l\u00e1grimas -<\/title>\n<meta name=\"robots\" content=\"index, follow, max-snippet:-1, max-image-preview:large, max-video-preview:-1\" \/>\n<link rel=\"canonical\" href=\"https:\/\/futbolhoy.co\/index.php\/2023\/07\/08\/viera-se-despidio-con-gol-y-lagrimas\/\" \/>\n<meta property=\"og:locale\" content=\"es_ES\" \/>\n<meta property=\"og:type\" content=\"article\" \/>\n<meta property=\"og:title\" content=\"Viera se despidi\u00f3 con gol y l\u00e1grimas -\" \/>\n<meta property=\"og:description\" content=\"Lleg\u00f3 el d\u00eda en el que el hincha del Junior despidi\u00f3 a uno de sus m\u00e1s grandes \u00eddolos. Sebasti\u00e1n Viera tuvo el partido de despedida del cuadro barranquillero y lo hizo marcando un fin de tiro libre, con figuras historias y entre l\u00e1grimas al decir adi\u00f3s.\u00a0 Despu\u00e9s de 12 a\u00f1os defendiendo el arco rojiblanco, Sebasti\u00e1n [&hellip;]\" \/>\n<meta property=\"og:url\" content=\"https:\/\/futbolhoy.co\/index.php\/2023\/07\/08\/viera-se-despidio-con-gol-y-lagrimas\/\" \/>\n<meta property=\"article:publisher\" content=\"https:\/\/www.facebook.com\/FutbolHoyCol\/\" \/>\n<meta property=\"article:published_time\" content=\"2023-07-09T02:02:35+00:00\" \/>\n<meta property=\"article:modified_time\" content=\"2023-07-09T19:52:13+00:00\" \/>\n<meta property=\"og:image\" content=\"https:\/\/futbolhoy.co\/wp-content\/uploads\/2023\/07\/IMG_4979.jpeg\" \/>\n\t<meta property=\"og:image:width\" content=\"1366\" \/>\n\t<meta property=\"og:image:height\" content=\"913\" \/>\n\t<meta property=\"og:image:type\" content=\"image\/jpeg\" \/>\n<meta name=\"author\" content=\"contenido\" \/>\n<meta name=\"twitter:card\" content=\"summary_large_image\" \/>\n<meta name=\"twitter:creator\" content=\"@FutbolHoyCol\" \/>\n<meta name=\"twitter:site\" content=\"@FutbolHoyCol\" \/>\n<meta name=\"twitter:label1\" content=\"Escrito por\" \/>\n\t<meta name=\"twitter:data1\" content=\"contenido\" \/>\n\t<meta name=\"twitter:label2\" content=\"Tiempo de lectura\" \/>\n\t<meta name=\"twitter:data2\" content=\"2 minutos\" \/>\n<script type=\"application\/ld+json\" class=\"yoast-schema-graph\">{\"@context\":\"https:\/\/schema.org\",\"@graph\":[{\"@type\":\"Article\",\"@id\":\"https:\/\/futbolhoy.co\/index.php\/2023\/07\/08\/viera-se-despidio-con-gol-y-lagrimas\/#article\",\"isPartOf\":{\"@id\":\"https:\/\/futbolhoy.co\/index.php\/2023\/07\/08\/viera-se-despidio-con-gol-y-lagrimas\/\"},\"author\":{\"name\":\"contenido\",\"@id\":\"https:\/\/futbolhoy.co\/#\/schema\/person\/1721b69355b6623eaff15ac7b92d4cc3\"},\"headline\":\"Viera se despidi\u00f3 con gol y l\u00e1grimas\",\"datePublished\":\"2023-07-09T02:02:35+00:00\",\"dateModified\":\"2023-07-09T19:52:13+00:00\",\"mainEntityOfPage\":{\"@id\":\"https:\/\/futbolhoy.co\/index.php\/2023\/07\/08\/viera-se-despidio-con-gol-y-lagrimas\/\"},\"wordCount\":368,\"commentCount\":0,\"publisher\":{\"@id\":\"https:\/\/futbolhoy.co\/#organization\"},\"image\":{\"@id\":\"https:\/\/futbolhoy.co\/index.php\/2023\/07\/08\/viera-se-despidio-con-gol-y-lagrimas\/#primaryimage\"},\"thumbnailUrl\":\"https:\/\/futbolhoy.co\/wp-content\/uploads\/2023\/07\/IMG_4979.jpeg\",\"articleSection\":[\"Liga BetPlay\"],\"inLanguage\":\"es\",\"potentialAction\":[{\"@type\":\"CommentAction\",\"name\":\"Comment\",\"target\":[\"https:\/\/futbolhoy.co\/index.php\/2023\/07\/08\/viera-se-despidio-con-gol-y-lagrimas\/#respond\"]}]},{\"@type\":\"WebPage\",\"@id\":\"https:\/\/futbolhoy.co\/index.php\/2023\/07\/08\/viera-se-despidio-con-gol-y-lagrimas\/\",\"url\":\"https:\/\/futbolhoy.co\/index.php\/2023\/07\/08\/viera-se-despidio-con-gol-y-lagrimas\/\",\"name\":\"Viera se despidi\u00f3 con gol y l\u00e1grimas -\",\"isPartOf\":{\"@id\":\"https:\/\/futbolhoy.co\/#website\"},\"primaryImageOfPage\":{\"@id\":\"https:\/\/futbolhoy.co\/index.php\/2023\/07\/08\/viera-se-despidio-con-gol-y-lagrimas\/#primaryimage\"},\"image\":{\"@id\":\"https:\/\/futbolhoy.co\/index.php\/2023\/07\/08\/viera-se-despidio-con-gol-y-lagrimas\/#primaryimage\"},\"thumbnailUrl\":\"https:\/\/futbolhoy.co\/wp-content\/uploads\/2023\/07\/IMG_4979.jpeg\",\"datePublished\":\"2023-07-09T02:02:35+00:00\",\"dateModified\":\"2023-07-09T19:52:13+00:00\",\"breadcrumb\":{\"@id\":\"https:\/\/futbolhoy.co\/index.php\/2023\/07\/08\/viera-se-despidio-con-gol-y-lagrimas\/#breadcrumb\"},\"inLanguage\":\"es\",\"potentialAction\":[{\"@type\":\"ReadAction\",\"target\":[\"https:\/\/futbolhoy.co\/index.php\/2023\/07\/08\/viera-se-despidio-con-gol-y-lagrimas\/\"]}]},{\"@type\":\"ImageObject\",\"inLanguage\":\"es\",\"@id\":\"https:\/\/futbolhoy.co\/index.php\/2023\/07\/08\/viera-se-despidio-con-gol-y-lagrimas\/#primaryimage\",\"url\":\"https:\/\/futbolhoy.co\/wp-content\/uploads\/2023\/07\/IMG_4979.jpeg\",\"contentUrl\":\"https:\/\/futbolhoy.co\/wp-content\/uploads\/2023\/07\/IMG_4979.jpeg\",\"width\":1366,\"height\":913},{\"@type\":\"BreadcrumbList\",\"@id\":\"https:\/\/futbolhoy.co\/index.php\/2023\/07\/08\/viera-se-despidio-con-gol-y-lagrimas\/#breadcrumb\",\"itemListElement\":[{\"@type\":\"ListItem\",\"position\":1,\"name\":\"Portada\",\"item\":\"https:\/\/futbolhoy.co\/\"},{\"@type\":\"ListItem\",\"position\":2,\"name\":\"Viera se despidi\u00f3 con gol y l\u00e1grimas\"}]},{\"@type\":\"WebSite\",\"@id\":\"https:\/\/futbolhoy.co\/#website\",\"url\":\"https:\/\/futbolhoy.co\/\",\"name\":\"FutbolHoy\",\"description\":\"\",\"publisher\":{\"@id\":\"https:\/\/futbolhoy.co\/#organization\"},\"potentialAction\":[{\"@type\":\"SearchAction\",\"target\":{\"@type\":\"EntryPoint\",\"urlTemplate\":\"https:\/\/futbolhoy.co\/?s={search_term_string}\"},\"query-input\":{\"@type\":\"PropertyValueSpecification\",\"valueRequired\":true,\"valueName\":\"search_term_string\"}}],\"inLanguage\":\"es\"},{\"@type\":\"Organization\",\"@id\":\"https:\/\/futbolhoy.co\/#organization\",\"name\":\"Futbolhoy.co\",\"url\":\"https:\/\/futbolhoy.co\/\",\"logo\":{\"@type\":\"ImageObject\",\"inLanguage\":\"es\",\"@id\":\"https:\/\/futbolhoy.co\/#\/schema\/logo\/image\/\",\"url\":\"https:\/\/futbolhoy.co\/wp-content\/uploads\/2018\/08\/17426380_1906371736249227_6326180412931521141_n.jpg\",\"contentUrl\":\"https:\/\/futbolhoy.co\/wp-content\/uploads\/2018\/08\/17426380_1906371736249227_6326180412931521141_n.jpg\",\"width\":960,\"height\":960,\"caption\":\"Futbolhoy.co\"},\"image\":{\"@id\":\"https:\/\/futbolhoy.co\/#\/schema\/logo\/image\/\"},\"sameAs\":[\"https:\/\/www.facebook.com\/FutbolHoyCol\/\",\"https:\/\/x.com\/FutbolHoyCol\",\"https:\/\/www.instagram.com\/futbolhoycol\/\"]},{\"@type\":\"Person\",\"@id\":\"https:\/\/futbolhoy.co\/#\/schema\/person\/1721b69355b6623eaff15ac7b92d4cc3\",\"name\":\"contenido\",\"image\":{\"@type\":\"ImageObject\",\"inLanguage\":\"es\",\"@id\":\"https:\/\/futbolhoy.co\/#\/schema\/person\/image\/\",\"url\":\"https:\/\/secure.gravatar.com\/avatar\/4f656d3256f5134f466206e7c3941518?s=96&d=mm&r=g\",\"contentUrl\":\"https:\/\/secure.gravatar.com\/avatar\/4f656d3256f5134f466206e7c3941518?s=96&d=mm&r=g\",\"caption\":\"contenido\"}}]}<\/script>\n<!-- \/ Yoast SEO plugin. -->","yoast_head_json":{"title":"Viera se despidi\u00f3 con gol y l\u00e1grimas -","robots":{"index":"index","follow":"follow","max-snippet":"max-snippet:-1","max-image-preview":"max-image-preview:large","max-video-preview":"max-video-preview:-1"},"canonical":"https:\/\/futbolhoy.co\/index.php\/2023\/07\/08\/viera-se-despidio-con-gol-y-lagrimas\/","og_locale":"es_ES","og_type":"article","og_title":"Viera se despidi\u00f3 con gol y l\u00e1grimas -","og_description":"Lleg\u00f3 el d\u00eda en el que el hincha del Junior despidi\u00f3 a uno de sus m\u00e1s grandes \u00eddolos. Sebasti\u00e1n Viera tuvo el partido de despedida del cuadro barranquillero y lo hizo marcando un fin de tiro libre, con figuras historias y entre l\u00e1grimas al decir adi\u00f3s.\u00a0 Despu\u00e9s de 12 a\u00f1os defendiendo el arco rojiblanco, Sebasti\u00e1n [&hellip;]","og_url":"https:\/\/futbolhoy.co\/index.php\/2023\/07\/08\/viera-se-despidio-con-gol-y-lagrimas\/","article_publisher":"https:\/\/www.facebook.com\/FutbolHoyCol\/","article_published_time":"2023-07-09T02:02:35+00:00","article_modified_time":"2023-07-09T19:52:13+00:00","og_image":[{"width":1366,"height":913,"url":"https:\/\/futbolhoy.co\/wp-content\/uploads\/2023\/07\/IMG_4979.jpeg","type":"image\/jpeg"}],"author":"contenido","twitter_card":"summary_large_image","twitter_creator":"@FutbolHoyCol","twitter_site":"@FutbolHoyCol","twitter_misc":{"Escrito por":"contenido","Tiempo de lectura":"2 minutos"},"schema":{"@context":"https:\/\/schema.org","@graph":[{"@type":"Article","@id":"https:\/\/futbolhoy.co\/index.php\/2023\/07\/08\/viera-se-despidio-con-gol-y-lagrimas\/#article","isPartOf":{"@id":"https:\/\/futbolhoy.co\/index.php\/2023\/07\/08\/viera-se-despidio-con-gol-y-lagrimas\/"},"author":{"name":"contenido","@id":"https:\/\/futbolhoy.co\/#\/schema\/person\/1721b69355b6623eaff15ac7b92d4cc3"},"headline":"Viera se despidi\u00f3 con gol y l\u00e1grimas","datePublished":"2023-07-09T02:02:35+00:00","dateModified":"2023-07-09T19:52:13+00:00","mainEntityOfPage":{"@id":"https:\/\/futbolhoy.co\/index.php\/2023\/07\/08\/viera-se-despidio-con-gol-y-lagrimas\/"},"wordCount":368,"commentCount":0,"publisher":{"@id":"https:\/\/futbolhoy.co\/#organization"},"image":{"@id":"https:\/\/futbolhoy.co\/index.php\/2023\/07\/08\/viera-se-despidio-con-gol-y-lagrimas\/#primaryimage"},"thumbnailUrl":"https:\/\/futbolhoy.co\/wp-content\/uploads\/2023\/07\/IMG_4979.jpeg","articleSection":["Liga BetPlay"],"inLanguage":"es","potentialAction":[{"@type":"CommentAction","name":"Comment","target":["https:\/\/futbolhoy.co\/index.php\/2023\/07\/08\/viera-se-despidio-con-gol-y-lagrimas\/#respond"]}]},{"@type":"WebPage","@id":"https:\/\/futbolhoy.co\/index.php\/2023\/07\/08\/viera-se-despidio-con-gol-y-lagrimas\/","url":"https:\/\/futbolhoy.co\/index.php\/2023\/07\/08\/viera-se-despidio-con-gol-y-lagrimas\/","name":"Viera se despidi\u00f3 con gol y l\u00e1grimas -","isPartOf":{"@id":"https:\/\/futbolhoy.co\/#website"},"primaryImageOfPage":{"@id":"https:\/\/futbolhoy.co\/index.php\/2023\/07\/08\/viera-se-despidio-con-gol-y-lagrimas\/#primaryimage"},"image":{"@id":"https:\/\/futbolhoy.co\/index.php\/2023\/07\/08\/viera-se-despidio-con-gol-y-lagrimas\/#primaryimage"},"thumbnailUrl":"https:\/\/futbolhoy.co\/wp-content\/uploads\/2023\/07\/IMG_4979.jpeg","datePublished":"2023-07-09T02:02:35+00:00","dateModified":"2023-07-09T19:52:13+00:00","breadcrumb":{"@id":"https:\/\/futbolhoy.co\/index.php\/2023\/07\/08\/viera-se-despidio-con-gol-y-lagrimas\/#breadcrumb"},"inLanguage":"es","potentialAction":[{"@type":"ReadAction","target":["https:\/\/futbolhoy.co\/index.php\/2023\/07\/08\/viera-se-despidio-con-gol-y-lagrimas\/"]}]},{"@type":"ImageObject","inLanguage":"es","@id":"https:\/\/futbolhoy.co\/index.php\/2023\/07\/08\/viera-se-despidio-con-gol-y-lagrimas\/#primaryimage","url":"https:\/\/futbolhoy.co\/wp-content\/uploads\/2023\/07\/IMG_4979.jpeg","contentUrl":"https:\/\/futbolhoy.co\/wp-content\/uploads\/2023\/07\/IMG_4979.jpeg","width":1366,"height":913},{"@type":"BreadcrumbList","@id":"https:\/\/futbolhoy.co\/index.php\/2023\/07\/08\/viera-se-despidio-con-gol-y-lagrimas\/#breadcrumb","itemListElement":[{"@type":"ListItem","position":1,"name":"Portada","item":"https:\/\/futbolhoy.co\/"},{"@type":"ListItem","position":2,"name":"Viera se despidi\u00f3 con gol y l\u00e1grimas"}]},{"@type":"WebSite","@id":"https:\/\/futbolhoy.co\/#website","url":"https:\/\/futbolhoy.co\/","name":"FutbolHoy","description":"","publisher":{"@id":"https:\/\/futbolhoy.co\/#organization"},"potentialAction":[{"@type":"SearchAction","target":{"@type":"EntryPoint","urlTemplate":"https:\/\/futbolhoy.co\/?s={search_term_string}"},"query-input":{"@type":"PropertyValueSpecification","valueRequired":true,"valueName":"search_term_string"}}],"inLanguage":"es"},{"@type":"Organization","@id":"https:\/\/futbolhoy.co\/#organization","name":"Futbolhoy.co","url":"https:\/\/futbolhoy.co\/","logo":{"@type":"ImageObject","inLanguage":"es","@id":"https:\/\/futbolhoy.co\/#\/schema\/logo\/image\/","url":"https:\/\/futbolhoy.co\/wp-content\/uploads\/2018\/08\/17426380_1906371736249227_6326180412931521141_n.jpg","contentUrl":"https:\/\/futbolhoy.co\/wp-content\/uploads\/2018\/08\/17426380_1906371736249227_6326180412931521141_n.jpg","width":960,"height":960,"caption":"Futbolhoy.co"},"image":{"@id":"https:\/\/futbolhoy.co\/#\/schema\/logo\/image\/"},"sameAs":["https:\/\/www.facebook.com\/FutbolHoyCol\/","https:\/\/x.com\/FutbolHoyCol","https:\/\/www.instagram.com\/futbolhoycol\/"]},{"@type":"Person","@id":"https:\/\/futbolhoy.co\/#\/schema\/person\/1721b69355b6623eaff15ac7b92d4cc3","name":"contenido","image":{"@type":"ImageObject","inLanguage":"es","@id":"https:\/\/futbolhoy.co\/#\/schema\/person\/image\/","url":"https:\/\/secure.gravatar.com\/avatar\/4f656d3256f5134f466206e7c3941518?s=96&d=mm&r=g","contentUrl":"https:\/\/secure.gravatar.com\/avatar\/4f656d3256f5134f466206e7c3941518?s=96&d=mm&r=g","caption":"contenido"}}]}},"publishpress_future_action":{"enabled":false,"date":"2026-05-06 12:55:38","action":"change-status","newStatus":"draft","terms":[],"taxonomy":"category","extraData":[]},"publishpress_future_workflow_manual_trigger":{"enabledWorkflows":[]},"_links":{"self":[{"href":"https:\/\/futbolhoy.co\/index.php\/wp-json\/wp\/v2\/posts\/96904","targetHints":{"allow":["GET"]}}],"collection":[{"href":"https:\/\/futbolhoy.co\/index.php\/wp-json\/wp\/v2\/posts"}],"about":[{"href":"https:\/\/futbolhoy.co\/index.php\/wp-json\/wp\/v2\/types\/post"}],"author":[{"embeddable":true,"href":"https:\/\/futbolhoy.co\/index.php\/wp-json\/wp\/v2\/users\/4"}],"replies":[{"embeddable":true,"href":"https:\/\/futbolhoy.co\/index.php\/wp-json\/wp\/v2\/comments?post=96904"}],"version-history":[{"count":2,"href":"https:\/\/futbolhoy.co\/index.php\/wp-json\/wp\/v2\/posts\/96904\/revisions"}],"predecessor-version":[{"id":96918,"href":"https:\/\/futbolhoy.co\/index.php\/wp-json\/wp\/v2\/posts\/96904\/revisions\/96918"}],"wp:featuredmedia":[{"embeddable":true,"href":"https:\/\/futbolhoy.co\/index.php\/wp-json\/wp\/v2\/media\/96905"}],"wp:attachment":[{"href":"https:\/\/futbolhoy.co\/index.php\/wp-json\/wp\/v2\/media?parent=96904"}],"wp:term":[{"taxonomy":"category","embeddable":true,"href":"https:\/\/futbolhoy.co\/index.php\/wp-json\/wp\/v2\/categories?post=96904"},{"taxonomy":"post_tag","embeddable":true,"href":"https:\/\/futbolhoy.co\/index.php\/wp-json\/wp\/v2\/tags?post=96904"}],"curies":[{"name":"wp","href":"https:\/\/api.w.org\/{rel}","templated":true}]}}