{"id":96914,"date":"2023-07-09T14:21:47","date_gmt":"2023-07-09T19:21:47","guid":{"rendered":"https:\/\/futbolhoy.co\/?p=96914"},"modified":"2023-07-09T17:26:41","modified_gmt":"2023-07-09T22:26:41","slug":"psg-sumo-su-quinto-refuerzo","status":"publish","type":"post","link":"https:\/\/futbolhoy.co\/index.php\/2023\/07\/09\/psg-sumo-su-quinto-refuerzo\/","title":{"rendered":"PSG sum\u00f3 su quinto refuerzo"},"content":{"rendered":"<p class=\"x_ydpd2a6b43bMsoNormal\" style=\"text-align: justify;\"><span lang=\"ES-MX\" style=\"font-family: helvetica, arial, sans-serif;\">El lateral franc\u00e9s\u00a0<b>Lucas Hern\u00e1ndez<\/b>\u00a0se convirti\u00f3 en el quinto refuerzo del\u00a0<b>PSG<\/b>\u00a0para la Era del nuevo entrenador, el espa\u00f1ol\u00a0<b>Luis Enrique<\/b>. El campe\u00f3n del mundo 2018 llega procedente del\u00a0<b>Bayern Munich,<\/b>\u00a0con un contrato hasta\u00a0<b>2028<\/b>.<\/span><\/p>\n<p class=\"x_ydpd2a6b43bMsoNormal\" style=\"text-align: justify;\"><span lang=\"ES-MX\" style=\"font-family: helvetica, arial, sans-serif;\">Hern\u00e1ndez, de 27 a\u00f1os, quien puede desempe\u00f1arse como defensa central o lateral izquierdo, se suma a las llegadas del zaguero eslovaco\u00a0<b>Milan Skriniar, el volante uruguayo Manuel Ugarte, del atacante espa\u00f1ol Marco Asensio y el extremo surcoreano Kang-In Lee.<\/b><\/span><\/p>\n<p class=\"x_ydpd2a6b43bMsoNormal\" style=\"text-align: justify;\"><span lang=\"ES-MX\" style=\"font-family: helvetica, arial, sans-serif;\">El arribo de Hern\u00e1ndez se da por la partida del espa\u00f1ol\u00a0<b>Sergio Ramos<\/b>, cuyo contrato no fue prolongado.<\/span><\/p>\n<p class=\"x_ydpd2a6b43bMsoNormal\" style=\"text-align: justify;\"><span lang=\"ES-MX\" style=\"font-family: helvetica, arial, sans-serif;\">\"\u00a1Siento una gran alegr\u00eda!\", afirm\u00f3 Hern\u00e1ndez en el comunicado del club. \"Esperaba unirme al PSG desde hac\u00eda tiempo, por fin se ha cumplido\".<\/span><\/p>\n<p class=\"x_ydpd2a6b43bMsoNormal\" style=\"text-align: justify;\"><span lang=\"ES-MX\" style=\"font-family: helvetica, arial, sans-serif;\">La negociaci\u00f3n para llevar al defensa a la\u00a0<b>Ciudad Luz ronda los 40 millones de euros.<\/b><\/span><\/p>\n","protected":false},"excerpt":{"rendered":"<p>El lateral franc\u00e9s\u00a0Lucas Hern\u00e1ndez\u00a0se convirti\u00f3 en el quinto refuerzo del\u00a0PSG\u00a0para la Era del nuevo entrenador, el espa\u00f1ol\u00a0Luis Enrique. El campe\u00f3n del mundo 2018 llega procedente del\u00a0Bayern Munich,\u00a0con un contrato hasta\u00a02028. Hern\u00e1ndez, de 27 a\u00f1os, quien puede desempe\u00f1arse como defensa central o lateral izquierdo, se suma a las llegadas del zaguero eslovaco\u00a0Milan Skriniar, el volante uruguayo [&hellip;]<\/p>\n","protected":false},"author":4,"featured_media":96915,"comment_status":"open","ping_status":"open","sticky":false,"template":"","format":"standard","meta":{"_acf_changed":false,"footnotes":""},"categories":[152],"tags":[],"class_list":{"0":"post-96914","1":"post","2":"type-post","3":"status-publish","4":"format-standard","5":"has-post-thumbnail","7":"category-mundo-futbol"},"acf":[],"yoast_head":"<!-- This site is optimized with the Yoast SEO plugin v26.8 - https:\/\/yoast.com\/product\/yoast-seo-wordpress\/ -->\n<title>PSG sum\u00f3 su quinto refuerzo -<\/title>\n<meta name=\"robots\" content=\"index, follow, max-snippet:-1, max-image-preview:large, max-video-preview:-1\" \/>\n<link rel=\"canonical\" href=\"https:\/\/futbolhoy.co\/index.php\/2023\/07\/09\/psg-sumo-su-quinto-refuerzo\/\" \/>\n<meta property=\"og:locale\" content=\"es_ES\" \/>\n<meta property=\"og:type\" content=\"article\" \/>\n<meta property=\"og:title\" content=\"PSG sum\u00f3 su quinto refuerzo -\" \/>\n<meta property=\"og:description\" content=\"El lateral franc\u00e9s\u00a0Lucas Hern\u00e1ndez\u00a0se convirti\u00f3 en el quinto refuerzo del\u00a0PSG\u00a0para la Era del nuevo entrenador, el espa\u00f1ol\u00a0Luis Enrique. El campe\u00f3n del mundo 2018 llega procedente del\u00a0Bayern Munich,\u00a0con un contrato hasta\u00a02028. Hern\u00e1ndez, de 27 a\u00f1os, quien puede desempe\u00f1arse como defensa central o lateral izquierdo, se suma a las llegadas del zaguero eslovaco\u00a0Milan Skriniar, el volante uruguayo [&hellip;]\" \/>\n<meta property=\"og:url\" content=\"https:\/\/futbolhoy.co\/index.php\/2023\/07\/09\/psg-sumo-su-quinto-refuerzo\/\" \/>\n<meta property=\"article:publisher\" content=\"https:\/\/www.facebook.com\/FutbolHoyCol\/\" \/>\n<meta property=\"article:published_time\" content=\"2023-07-09T19:21:47+00:00\" \/>\n<meta property=\"article:modified_time\" content=\"2023-07-09T22:26:41+00:00\" \/>\n<meta property=\"og:image\" content=\"https:\/\/futbolhoy.co\/wp-content\/uploads\/2023\/07\/F0l_hp4XsAENiIq.jpg\" \/>\n\t<meta property=\"og:image:width\" content=\"1600\" \/>\n\t<meta property=\"og:image:height\" content=\"1600\" \/>\n\t<meta property=\"og:image:type\" content=\"image\/jpeg\" \/>\n<meta name=\"author\" content=\"contenido\" \/>\n<meta name=\"twitter:card\" content=\"summary_large_image\" \/>\n<meta name=\"twitter:creator\" content=\"@FutbolHoyCol\" \/>\n<meta name=\"twitter:site\" content=\"@FutbolHoyCol\" \/>\n<meta name=\"twitter:label1\" content=\"Escrito por\" \/>\n\t<meta name=\"twitter:data1\" content=\"contenido\" \/>\n\t<meta name=\"twitter:label2\" content=\"Tiempo de lectura\" \/>\n\t<meta name=\"twitter:data2\" content=\"1 minuto\" \/>\n<script type=\"application\/ld+json\" class=\"yoast-schema-graph\">{\"@context\":\"https:\/\/schema.org\",\"@graph\":[{\"@type\":\"Article\",\"@id\":\"https:\/\/futbolhoy.co\/index.php\/2023\/07\/09\/psg-sumo-su-quinto-refuerzo\/#article\",\"isPartOf\":{\"@id\":\"https:\/\/futbolhoy.co\/index.php\/2023\/07\/09\/psg-sumo-su-quinto-refuerzo\/\"},\"author\":{\"name\":\"contenido\",\"@id\":\"https:\/\/futbolhoy.co\/#\/schema\/person\/1721b69355b6623eaff15ac7b92d4cc3\"},\"headline\":\"PSG sum\u00f3 su quinto refuerzo\",\"datePublished\":\"2023-07-09T19:21:47+00:00\",\"dateModified\":\"2023-07-09T22:26:41+00:00\",\"mainEntityOfPage\":{\"@id\":\"https:\/\/futbolhoy.co\/index.php\/2023\/07\/09\/psg-sumo-su-quinto-refuerzo\/\"},\"wordCount\":149,\"commentCount\":0,\"publisher\":{\"@id\":\"https:\/\/futbolhoy.co\/#organization\"},\"image\":{\"@id\":\"https:\/\/futbolhoy.co\/index.php\/2023\/07\/09\/psg-sumo-su-quinto-refuerzo\/#primaryimage\"},\"thumbnailUrl\":\"https:\/\/futbolhoy.co\/wp-content\/uploads\/2023\/07\/F0l_hp4XsAENiIq.jpg\",\"articleSection\":[\"Mundo Futbol\"],\"inLanguage\":\"es\",\"potentialAction\":[{\"@type\":\"CommentAction\",\"name\":\"Comment\",\"target\":[\"https:\/\/futbolhoy.co\/index.php\/2023\/07\/09\/psg-sumo-su-quinto-refuerzo\/#respond\"]}]},{\"@type\":\"WebPage\",\"@id\":\"https:\/\/futbolhoy.co\/index.php\/2023\/07\/09\/psg-sumo-su-quinto-refuerzo\/\",\"url\":\"https:\/\/futbolhoy.co\/index.php\/2023\/07\/09\/psg-sumo-su-quinto-refuerzo\/\",\"name\":\"PSG sum\u00f3 su quinto refuerzo -\",\"isPartOf\":{\"@id\":\"https:\/\/futbolhoy.co\/#website\"},\"primaryImageOfPage\":{\"@id\":\"https:\/\/futbolhoy.co\/index.php\/2023\/07\/09\/psg-sumo-su-quinto-refuerzo\/#primaryimage\"},\"image\":{\"@id\":\"https:\/\/futbolhoy.co\/index.php\/2023\/07\/09\/psg-sumo-su-quinto-refuerzo\/#primaryimage\"},\"thumbnailUrl\":\"https:\/\/futbolhoy.co\/wp-content\/uploads\/2023\/07\/F0l_hp4XsAENiIq.jpg\",\"datePublished\":\"2023-07-09T19:21:47+00:00\",\"dateModified\":\"2023-07-09T22:26:41+00:00\",\"breadcrumb\":{\"@id\":\"https:\/\/futbolhoy.co\/index.php\/2023\/07\/09\/psg-sumo-su-quinto-refuerzo\/#breadcrumb\"},\"inLanguage\":\"es\",\"potentialAction\":[{\"@type\":\"ReadAction\",\"target\":[\"https:\/\/futbolhoy.co\/index.php\/2023\/07\/09\/psg-sumo-su-quinto-refuerzo\/\"]}]},{\"@type\":\"ImageObject\",\"inLanguage\":\"es\",\"@id\":\"https:\/\/futbolhoy.co\/index.php\/2023\/07\/09\/psg-sumo-su-quinto-refuerzo\/#primaryimage\",\"url\":\"https:\/\/futbolhoy.co\/wp-content\/uploads\/2023\/07\/F0l_hp4XsAENiIq.jpg\",\"contentUrl\":\"https:\/\/futbolhoy.co\/wp-content\/uploads\/2023\/07\/F0l_hp4XsAENiIq.jpg\",\"width\":1600,\"height\":1600},{\"@type\":\"BreadcrumbList\",\"@id\":\"https:\/\/futbolhoy.co\/index.php\/2023\/07\/09\/psg-sumo-su-quinto-refuerzo\/#breadcrumb\",\"itemListElement\":[{\"@type\":\"ListItem\",\"position\":1,\"name\":\"Portada\",\"item\":\"https:\/\/futbolhoy.co\/\"},{\"@type\":\"ListItem\",\"position\":2,\"name\":\"PSG sum\u00f3 su quinto refuerzo\"}]},{\"@type\":\"WebSite\",\"@id\":\"https:\/\/futbolhoy.co\/#website\",\"url\":\"https:\/\/futbolhoy.co\/\",\"name\":\"FutbolHoy\",\"description\":\"\",\"publisher\":{\"@id\":\"https:\/\/futbolhoy.co\/#organization\"},\"potentialAction\":[{\"@type\":\"SearchAction\",\"target\":{\"@type\":\"EntryPoint\",\"urlTemplate\":\"https:\/\/futbolhoy.co\/?s={search_term_string}\"},\"query-input\":{\"@type\":\"PropertyValueSpecification\",\"valueRequired\":true,\"valueName\":\"search_term_string\"}}],\"inLanguage\":\"es\"},{\"@type\":\"Organization\",\"@id\":\"https:\/\/futbolhoy.co\/#organization\",\"name\":\"Futbolhoy.co\",\"url\":\"https:\/\/futbolhoy.co\/\",\"logo\":{\"@type\":\"ImageObject\",\"inLanguage\":\"es\",\"@id\":\"https:\/\/futbolhoy.co\/#\/schema\/logo\/image\/\",\"url\":\"https:\/\/futbolhoy.co\/wp-content\/uploads\/2018\/08\/17426380_1906371736249227_6326180412931521141_n.jpg\",\"contentUrl\":\"https:\/\/futbolhoy.co\/wp-content\/uploads\/2018\/08\/17426380_1906371736249227_6326180412931521141_n.jpg\",\"width\":960,\"height\":960,\"caption\":\"Futbolhoy.co\"},\"image\":{\"@id\":\"https:\/\/futbolhoy.co\/#\/schema\/logo\/image\/\"},\"sameAs\":[\"https:\/\/www.facebook.com\/FutbolHoyCol\/\",\"https:\/\/x.com\/FutbolHoyCol\",\"https:\/\/www.instagram.com\/futbolhoycol\/\"]},{\"@type\":\"Person\",\"@id\":\"https:\/\/futbolhoy.co\/#\/schema\/person\/1721b69355b6623eaff15ac7b92d4cc3\",\"name\":\"contenido\",\"image\":{\"@type\":\"ImageObject\",\"inLanguage\":\"es\",\"@id\":\"https:\/\/futbolhoy.co\/#\/schema\/person\/image\/\",\"url\":\"https:\/\/secure.gravatar.com\/avatar\/4f656d3256f5134f466206e7c3941518?s=96&d=mm&r=g\",\"contentUrl\":\"https:\/\/secure.gravatar.com\/avatar\/4f656d3256f5134f466206e7c3941518?s=96&d=mm&r=g\",\"caption\":\"contenido\"}}]}<\/script>\n<!-- \/ Yoast SEO plugin. -->","yoast_head_json":{"title":"PSG sum\u00f3 su quinto refuerzo -","robots":{"index":"index","follow":"follow","max-snippet":"max-snippet:-1","max-image-preview":"max-image-preview:large","max-video-preview":"max-video-preview:-1"},"canonical":"https:\/\/futbolhoy.co\/index.php\/2023\/07\/09\/psg-sumo-su-quinto-refuerzo\/","og_locale":"es_ES","og_type":"article","og_title":"PSG sum\u00f3 su quinto refuerzo -","og_description":"El lateral franc\u00e9s\u00a0Lucas Hern\u00e1ndez\u00a0se convirti\u00f3 en el quinto refuerzo del\u00a0PSG\u00a0para la Era del nuevo entrenador, el espa\u00f1ol\u00a0Luis Enrique. El campe\u00f3n del mundo 2018 llega procedente del\u00a0Bayern Munich,\u00a0con un contrato hasta\u00a02028. Hern\u00e1ndez, de 27 a\u00f1os, quien puede desempe\u00f1arse como defensa central o lateral izquierdo, se suma a las llegadas del zaguero eslovaco\u00a0Milan Skriniar, el volante uruguayo [&hellip;]","og_url":"https:\/\/futbolhoy.co\/index.php\/2023\/07\/09\/psg-sumo-su-quinto-refuerzo\/","article_publisher":"https:\/\/www.facebook.com\/FutbolHoyCol\/","article_published_time":"2023-07-09T19:21:47+00:00","article_modified_time":"2023-07-09T22:26:41+00:00","og_image":[{"width":1600,"height":1600,"url":"https:\/\/futbolhoy.co\/wp-content\/uploads\/2023\/07\/F0l_hp4XsAENiIq.jpg","type":"image\/jpeg"}],"author":"contenido","twitter_card":"summary_large_image","twitter_creator":"@FutbolHoyCol","twitter_site":"@FutbolHoyCol","twitter_misc":{"Escrito por":"contenido","Tiempo de lectura":"1 minuto"},"schema":{"@context":"https:\/\/schema.org","@graph":[{"@type":"Article","@id":"https:\/\/futbolhoy.co\/index.php\/2023\/07\/09\/psg-sumo-su-quinto-refuerzo\/#article","isPartOf":{"@id":"https:\/\/futbolhoy.co\/index.php\/2023\/07\/09\/psg-sumo-su-quinto-refuerzo\/"},"author":{"name":"contenido","@id":"https:\/\/futbolhoy.co\/#\/schema\/person\/1721b69355b6623eaff15ac7b92d4cc3"},"headline":"PSG sum\u00f3 su quinto refuerzo","datePublished":"2023-07-09T19:21:47+00:00","dateModified":"2023-07-09T22:26:41+00:00","mainEntityOfPage":{"@id":"https:\/\/futbolhoy.co\/index.php\/2023\/07\/09\/psg-sumo-su-quinto-refuerzo\/"},"wordCount":149,"commentCount":0,"publisher":{"@id":"https:\/\/futbolhoy.co\/#organization"},"image":{"@id":"https:\/\/futbolhoy.co\/index.php\/2023\/07\/09\/psg-sumo-su-quinto-refuerzo\/#primaryimage"},"thumbnailUrl":"https:\/\/futbolhoy.co\/wp-content\/uploads\/2023\/07\/F0l_hp4XsAENiIq.jpg","articleSection":["Mundo Futbol"],"inLanguage":"es","potentialAction":[{"@type":"CommentAction","name":"Comment","target":["https:\/\/futbolhoy.co\/index.php\/2023\/07\/09\/psg-sumo-su-quinto-refuerzo\/#respond"]}]},{"@type":"WebPage","@id":"https:\/\/futbolhoy.co\/index.php\/2023\/07\/09\/psg-sumo-su-quinto-refuerzo\/","url":"https:\/\/futbolhoy.co\/index.php\/2023\/07\/09\/psg-sumo-su-quinto-refuerzo\/","name":"PSG sum\u00f3 su quinto refuerzo -","isPartOf":{"@id":"https:\/\/futbolhoy.co\/#website"},"primaryImageOfPage":{"@id":"https:\/\/futbolhoy.co\/index.php\/2023\/07\/09\/psg-sumo-su-quinto-refuerzo\/#primaryimage"},"image":{"@id":"https:\/\/futbolhoy.co\/index.php\/2023\/07\/09\/psg-sumo-su-quinto-refuerzo\/#primaryimage"},"thumbnailUrl":"https:\/\/futbolhoy.co\/wp-content\/uploads\/2023\/07\/F0l_hp4XsAENiIq.jpg","datePublished":"2023-07-09T19:21:47+00:00","dateModified":"2023-07-09T22:26:41+00:00","breadcrumb":{"@id":"https:\/\/futbolhoy.co\/index.php\/2023\/07\/09\/psg-sumo-su-quinto-refuerzo\/#breadcrumb"},"inLanguage":"es","potentialAction":[{"@type":"ReadAction","target":["https:\/\/futbolhoy.co\/index.php\/2023\/07\/09\/psg-sumo-su-quinto-refuerzo\/"]}]},{"@type":"ImageObject","inLanguage":"es","@id":"https:\/\/futbolhoy.co\/index.php\/2023\/07\/09\/psg-sumo-su-quinto-refuerzo\/#primaryimage","url":"https:\/\/futbolhoy.co\/wp-content\/uploads\/2023\/07\/F0l_hp4XsAENiIq.jpg","contentUrl":"https:\/\/futbolhoy.co\/wp-content\/uploads\/2023\/07\/F0l_hp4XsAENiIq.jpg","width":1600,"height":1600},{"@type":"BreadcrumbList","@id":"https:\/\/futbolhoy.co\/index.php\/2023\/07\/09\/psg-sumo-su-quinto-refuerzo\/#breadcrumb","itemListElement":[{"@type":"ListItem","position":1,"name":"Portada","item":"https:\/\/futbolhoy.co\/"},{"@type":"ListItem","position":2,"name":"PSG sum\u00f3 su quinto refuerzo"}]},{"@type":"WebSite","@id":"https:\/\/futbolhoy.co\/#website","url":"https:\/\/futbolhoy.co\/","name":"FutbolHoy","description":"","publisher":{"@id":"https:\/\/futbolhoy.co\/#organization"},"potentialAction":[{"@type":"SearchAction","target":{"@type":"EntryPoint","urlTemplate":"https:\/\/futbolhoy.co\/?s={search_term_string}"},"query-input":{"@type":"PropertyValueSpecification","valueRequired":true,"valueName":"search_term_string"}}],"inLanguage":"es"},{"@type":"Organization","@id":"https:\/\/futbolhoy.co\/#organization","name":"Futbolhoy.co","url":"https:\/\/futbolhoy.co\/","logo":{"@type":"ImageObject","inLanguage":"es","@id":"https:\/\/futbolhoy.co\/#\/schema\/logo\/image\/","url":"https:\/\/futbolhoy.co\/wp-content\/uploads\/2018\/08\/17426380_1906371736249227_6326180412931521141_n.jpg","contentUrl":"https:\/\/futbolhoy.co\/wp-content\/uploads\/2018\/08\/17426380_1906371736249227_6326180412931521141_n.jpg","width":960,"height":960,"caption":"Futbolhoy.co"},"image":{"@id":"https:\/\/futbolhoy.co\/#\/schema\/logo\/image\/"},"sameAs":["https:\/\/www.facebook.com\/FutbolHoyCol\/","https:\/\/x.com\/FutbolHoyCol","https:\/\/www.instagram.com\/futbolhoycol\/"]},{"@type":"Person","@id":"https:\/\/futbolhoy.co\/#\/schema\/person\/1721b69355b6623eaff15ac7b92d4cc3","name":"contenido","image":{"@type":"ImageObject","inLanguage":"es","@id":"https:\/\/futbolhoy.co\/#\/schema\/person\/image\/","url":"https:\/\/secure.gravatar.com\/avatar\/4f656d3256f5134f466206e7c3941518?s=96&d=mm&r=g","contentUrl":"https:\/\/secure.gravatar.com\/avatar\/4f656d3256f5134f466206e7c3941518?s=96&d=mm&r=g","caption":"contenido"}}]}},"publishpress_future_action":{"enabled":false,"date":"2026-05-06 10:45:49","action":"change-status","newStatus":"draft","terms":[],"taxonomy":"category","extraData":[]},"publishpress_future_workflow_manual_trigger":{"enabledWorkflows":[]},"_links":{"self":[{"href":"https:\/\/futbolhoy.co\/index.php\/wp-json\/wp\/v2\/posts\/96914","targetHints":{"allow":["GET"]}}],"collection":[{"href":"https:\/\/futbolhoy.co\/index.php\/wp-json\/wp\/v2\/posts"}],"about":[{"href":"https:\/\/futbolhoy.co\/index.php\/wp-json\/wp\/v2\/types\/post"}],"author":[{"embeddable":true,"href":"https:\/\/futbolhoy.co\/index.php\/wp-json\/wp\/v2\/users\/4"}],"replies":[{"embeddable":true,"href":"https:\/\/futbolhoy.co\/index.php\/wp-json\/wp\/v2\/comments?post=96914"}],"version-history":[{"count":1,"href":"https:\/\/futbolhoy.co\/index.php\/wp-json\/wp\/v2\/posts\/96914\/revisions"}],"predecessor-version":[{"id":96916,"href":"https:\/\/futbolhoy.co\/index.php\/wp-json\/wp\/v2\/posts\/96914\/revisions\/96916"}],"wp:featuredmedia":[{"embeddable":true,"href":"https:\/\/futbolhoy.co\/index.php\/wp-json\/wp\/v2\/media\/96915"}],"wp:attachment":[{"href":"https:\/\/futbolhoy.co\/index.php\/wp-json\/wp\/v2\/media?parent=96914"}],"wp:term":[{"taxonomy":"category","embeddable":true,"href":"https:\/\/futbolhoy.co\/index.php\/wp-json\/wp\/v2\/categories?post=96914"},{"taxonomy":"post_tag","embeddable":true,"href":"https:\/\/futbolhoy.co\/index.php\/wp-json\/wp\/v2\/tags?post=96914"}],"curies":[{"name":"wp","href":"https:\/\/api.w.org\/{rel}","templated":true}]}}