{"id":96917,"date":"2023-07-09T14:56:20","date_gmt":"2023-07-09T19:56:20","guid":{"rendered":"https:\/\/futbolhoy.co\/?p=96917"},"modified":"2023-07-09T17:42:22","modified_gmt":"2023-07-09T22:42:22","slug":"murio-el-arquitecto-luis-suarez","status":"publish","type":"post","link":"https:\/\/futbolhoy.co\/index.php\/2023\/07\/09\/murio-el-arquitecto-luis-suarez\/","title":{"rendered":"Muri\u00f3 el arquitecto Luis Su\u00e1rez"},"content":{"rendered":"<p class=\"x_ydpd2a6b43bMsoNormal\" style=\"text-align: justify;\"><span style=\"font-family: helvetica, arial, sans-serif;\"><b><span lang=\"ES-MX\">Luis Su\u00e1rez Miramontes<\/span><\/b><span lang=\"ES-MX\">, el \u00fanico futbolista hombre nacido en\u00a0<b>Espa\u00f1a<\/b>\u00a0ganador del\u00a0<b>Bal\u00f3n de Oro en 1960<\/b>, falleci\u00f3 a los\u00a0<b>88 a\u00f1os<\/b>, inform\u00f3 la\u00a0<b>Real Federaci\u00f3n Espa\u00f1ola de F\u00fatbol y el Inter de Mil\u00e1n,<\/b>\u00a0club en el que jug\u00f3 gran parte de su carrera.<\/span><\/span><\/p>\n<p class=\"x_ydpd2a6b43bMsoNormal\" style=\"text-align: justify;\"><span lang=\"ES-MX\" style=\"font-family: helvetica, arial, sans-serif;\">\"Desde la RFEF queremos transmitir nuestro p\u00e9same a todos los familiares y allegados de Luis Su\u00e1rez Miramontes\", anunci\u00f3 la federaci\u00f3n en sus redes sociales.<\/span><\/p>\n<p class=\"x_ydpd2a6b43bMsoNormal\" style=\"text-align: justify;\"><span lang=\"ES-MX\" style=\"font-family: helvetica, arial, sans-serif;\">\"Primer Bal\u00f3n de Oro espa\u00f1ol,\u00a0<b>Campe\u00f3n de Europa en 1964<\/b>, seleccionador nacional y una de las mayores leyendas de nuestro f\u00fatbol. Descansa en paz, Luisito\", record\u00f3 la entidad.<\/span><\/p>\n<p class=\"x_ydpd2a6b43bMsoNormal\" style=\"text-align: justify;\"><span lang=\"ES-MX\" style=\"font-family: helvetica, arial, sans-serif;\">Por su parte, el Inter de Mil\u00e1n, club en el Su\u00e1rez jug\u00f3 gran parte de su carrera, tras abandonar el Barcelona, record\u00f3 a su exjugador como \"un talento \u00fanico y un gran 'interista'. El n\u00famero 10 del gran Inter que llev\u00f3 nuestros colores a la cima de\u00a0<b>Italia<\/b>, de\u00a0<b>Europa<\/b>\u00a0y del mundo\".<\/span><\/p>\n<p class=\"x_ydpd2a6b43bMsoNormal\" style=\"text-align: justify;\"><span lang=\"ES-MX\" style=\"font-family: helvetica, arial, sans-serif;\">\"Si hubiese jugado en esta \u00e9poca, las redes sociales estar\u00edan colapsadas de videos con sus acciones\", explic\u00f3 el Inter en su comunicado de despedida de el \"Maestro\".<\/span><\/p>\n<p class=\"x_ydpd2a6b43bMsoNormal\" style=\"text-align: justify;\"><span lang=\"ES-MX\" style=\"font-family: helvetica, arial, sans-serif;\">Despu\u00e9s de ganar dos Ligas, dos Copas y dos Copas de Ferias con el\u00a0<b>Barcelona<\/b>\u00a0(1954-1961) y perder la final de la\u00a0<b>Copa de Europa<\/b>\u00a0frente al\u00a0<b>Benfica<\/b>\u00a0(3-2) lleg\u00f3 al Inter, donde vivir\u00eda su \u00e9poca m\u00e1s gloriosa.<\/span><\/p>\n<p class=\"x_ydpd2a6b43bMsoNormal\" style=\"text-align: justify;\"><span lang=\"ES-MX\" style=\"font-family: helvetica, arial, sans-serif;\">En los nueve a\u00f1os que visti\u00f3 la camiseta\u00a0<b>'nerazzurra',<\/b>\u00a0Su\u00e1rez gan\u00f3 la liga italiana en 1963, 1965 y 1966, dos Copas de Europa en 1964 frente al\u00a0<b>Real Madrid<\/b>\u00a0(3-1) y en 1965 contra el Benfica (1-0) con gol del espa\u00f1ol, y dos\u00a0<b>Copas Intercontinentales<\/b>\u00a0(1964 y 1965) frente a\u00a0<b>Independiente de Avellaneda<\/b>\u00a0en ambos casos.<\/span><\/p>\n<p class=\"x_ydpd2a6b43bMsoNormal\" style=\"text-align: justify;\"><span lang=\"ES-MX\" style=\"font-family: helvetica, arial, sans-serif;\">Simult\u00e1neamente a sus a\u00f1os de esplendor en los 60, Su\u00e1rez form\u00f3 parte de la selecci\u00f3n espa\u00f1ola que en 1964 se coron\u00f3 campeona de Europa al vencer a la\u00a0<b>Uni\u00f3n Sovi\u00e9tica<\/b>\u00a02-1 en la final, aunque no tuvo fortuna en los\u00a0<b>Mundiales de Chile-1962 e Inglaterra-1966.<\/b><\/span><\/p>\n<p class=\"x_ydpd2a6b43bMsoNormal\" style=\"text-align: justify;\"><span lang=\"ES-MX\" style=\"font-family: helvetica, arial, sans-serif;\">En 1960 se convirti\u00f3 en el \u00fanico futbolista hombre nacido en Espa\u00f1a (<b>La Coru\u00f1a, 1935<\/b>) en ganar el Bal\u00f3n de Oro.\u00a0<b>Alfredo Di St\u00e9fano<\/b>\u00a0lo gan\u00f3 un a\u00f1o antes como nacionalizado, nacido en\u00a0<b>Argentina<\/b>.<\/span><\/p>\n<p class=\"x_ydpd2a6b43bMsoNormal\" style=\"text-align: justify;\"><span style=\"font-family: helvetica, arial, sans-serif;\"><b><span lang=\"ES-MX\">Alexia Putellas<\/span><\/b><span lang=\"ES-MX\">\u00a0tambi\u00e9n lo logr\u00f3 en 2021 y 2022 en la rama femenina.<\/span><\/span><\/p>\n","protected":false},"excerpt":{"rendered":"<p>Luis Su\u00e1rez Miramontes, el \u00fanico futbolista hombre nacido en\u00a0Espa\u00f1a\u00a0ganador del\u00a0Bal\u00f3n de Oro en 1960, falleci\u00f3 a los\u00a088 a\u00f1os, inform\u00f3 la\u00a0Real Federaci\u00f3n Espa\u00f1ola de F\u00fatbol y el Inter de Mil\u00e1n,\u00a0club en el que jug\u00f3 gran parte de su carrera. \"Desde la RFEF queremos transmitir nuestro p\u00e9same a todos los familiares y allegados de Luis Su\u00e1rez Miramontes\", [&hellip;]<\/p>\n","protected":false},"author":4,"featured_media":96919,"comment_status":"open","ping_status":"open","sticky":false,"template":"","format":"standard","meta":{"_acf_changed":false,"footnotes":""},"categories":[152],"tags":[],"class_list":{"0":"post-96917","1":"post","2":"type-post","3":"status-publish","4":"format-standard","5":"has-post-thumbnail","7":"category-mundo-futbol"},"acf":[],"yoast_head":"<!-- This site is optimized with the Yoast SEO plugin v26.8 - https:\/\/yoast.com\/product\/yoast-seo-wordpress\/ -->\n<title>Muri\u00f3 el arquitecto Luis Su\u00e1rez -<\/title>\n<meta name=\"robots\" content=\"index, follow, max-snippet:-1, max-image-preview:large, max-video-preview:-1\" \/>\n<link rel=\"canonical\" href=\"https:\/\/futbolhoy.co\/index.php\/2023\/07\/09\/murio-el-arquitecto-luis-suarez\/\" \/>\n<meta property=\"og:locale\" content=\"es_ES\" \/>\n<meta property=\"og:type\" content=\"article\" \/>\n<meta property=\"og:title\" content=\"Muri\u00f3 el arquitecto Luis Su\u00e1rez -\" \/>\n<meta property=\"og:description\" content=\"Luis Su\u00e1rez Miramontes, el \u00fanico futbolista hombre nacido en\u00a0Espa\u00f1a\u00a0ganador del\u00a0Bal\u00f3n de Oro en 1960, falleci\u00f3 a los\u00a088 a\u00f1os, inform\u00f3 la\u00a0Real Federaci\u00f3n Espa\u00f1ola de F\u00fatbol y el Inter de Mil\u00e1n,\u00a0club en el que jug\u00f3 gran parte de su carrera. &quot;Desde la RFEF queremos transmitir nuestro p\u00e9same a todos los familiares y allegados de Luis Su\u00e1rez Miramontes&quot;, [&hellip;]\" \/>\n<meta property=\"og:url\" content=\"https:\/\/futbolhoy.co\/index.php\/2023\/07\/09\/murio-el-arquitecto-luis-suarez\/\" \/>\n<meta property=\"article:publisher\" content=\"https:\/\/www.facebook.com\/FutbolHoyCol\/\" \/>\n<meta property=\"article:published_time\" content=\"2023-07-09T19:56:20+00:00\" \/>\n<meta property=\"article:modified_time\" content=\"2023-07-09T22:42:22+00:00\" \/>\n<meta property=\"og:image\" content=\"https:\/\/futbolhoy.co\/wp-content\/uploads\/2023\/07\/F0mf3X3XoAE80zV.jpg\" \/>\n\t<meta property=\"og:image:width\" content=\"1200\" \/>\n\t<meta property=\"og:image:height\" content=\"750\" \/>\n\t<meta property=\"og:image:type\" content=\"image\/jpeg\" \/>\n<meta name=\"author\" content=\"contenido\" \/>\n<meta name=\"twitter:card\" content=\"summary_large_image\" \/>\n<meta name=\"twitter:creator\" content=\"@FutbolHoyCol\" \/>\n<meta name=\"twitter:site\" content=\"@FutbolHoyCol\" \/>\n<meta name=\"twitter:label1\" content=\"Escrito por\" \/>\n\t<meta name=\"twitter:data1\" content=\"contenido\" \/>\n\t<meta name=\"twitter:label2\" content=\"Tiempo de lectura\" \/>\n\t<meta name=\"twitter:data2\" content=\"2 minutos\" \/>\n<script type=\"application\/ld+json\" class=\"yoast-schema-graph\">{\"@context\":\"https:\/\/schema.org\",\"@graph\":[{\"@type\":\"Article\",\"@id\":\"https:\/\/futbolhoy.co\/index.php\/2023\/07\/09\/murio-el-arquitecto-luis-suarez\/#article\",\"isPartOf\":{\"@id\":\"https:\/\/futbolhoy.co\/index.php\/2023\/07\/09\/murio-el-arquitecto-luis-suarez\/\"},\"author\":{\"name\":\"contenido\",\"@id\":\"https:\/\/futbolhoy.co\/#\/schema\/person\/1721b69355b6623eaff15ac7b92d4cc3\"},\"headline\":\"Muri\u00f3 el arquitecto Luis Su\u00e1rez\",\"datePublished\":\"2023-07-09T19:56:20+00:00\",\"dateModified\":\"2023-07-09T22:42:22+00:00\",\"mainEntityOfPage\":{\"@id\":\"https:\/\/futbolhoy.co\/index.php\/2023\/07\/09\/murio-el-arquitecto-luis-suarez\/\"},\"wordCount\":389,\"commentCount\":0,\"publisher\":{\"@id\":\"https:\/\/futbolhoy.co\/#organization\"},\"image\":{\"@id\":\"https:\/\/futbolhoy.co\/index.php\/2023\/07\/09\/murio-el-arquitecto-luis-suarez\/#primaryimage\"},\"thumbnailUrl\":\"https:\/\/futbolhoy.co\/wp-content\/uploads\/2023\/07\/F0mf3X3XoAE80zV.jpg\",\"articleSection\":[\"Mundo Futbol\"],\"inLanguage\":\"es\",\"potentialAction\":[{\"@type\":\"CommentAction\",\"name\":\"Comment\",\"target\":[\"https:\/\/futbolhoy.co\/index.php\/2023\/07\/09\/murio-el-arquitecto-luis-suarez\/#respond\"]}]},{\"@type\":\"WebPage\",\"@id\":\"https:\/\/futbolhoy.co\/index.php\/2023\/07\/09\/murio-el-arquitecto-luis-suarez\/\",\"url\":\"https:\/\/futbolhoy.co\/index.php\/2023\/07\/09\/murio-el-arquitecto-luis-suarez\/\",\"name\":\"Muri\u00f3 el arquitecto Luis Su\u00e1rez -\",\"isPartOf\":{\"@id\":\"https:\/\/futbolhoy.co\/#website\"},\"primaryImageOfPage\":{\"@id\":\"https:\/\/futbolhoy.co\/index.php\/2023\/07\/09\/murio-el-arquitecto-luis-suarez\/#primaryimage\"},\"image\":{\"@id\":\"https:\/\/futbolhoy.co\/index.php\/2023\/07\/09\/murio-el-arquitecto-luis-suarez\/#primaryimage\"},\"thumbnailUrl\":\"https:\/\/futbolhoy.co\/wp-content\/uploads\/2023\/07\/F0mf3X3XoAE80zV.jpg\",\"datePublished\":\"2023-07-09T19:56:20+00:00\",\"dateModified\":\"2023-07-09T22:42:22+00:00\",\"breadcrumb\":{\"@id\":\"https:\/\/futbolhoy.co\/index.php\/2023\/07\/09\/murio-el-arquitecto-luis-suarez\/#breadcrumb\"},\"inLanguage\":\"es\",\"potentialAction\":[{\"@type\":\"ReadAction\",\"target\":[\"https:\/\/futbolhoy.co\/index.php\/2023\/07\/09\/murio-el-arquitecto-luis-suarez\/\"]}]},{\"@type\":\"ImageObject\",\"inLanguage\":\"es\",\"@id\":\"https:\/\/futbolhoy.co\/index.php\/2023\/07\/09\/murio-el-arquitecto-luis-suarez\/#primaryimage\",\"url\":\"https:\/\/futbolhoy.co\/wp-content\/uploads\/2023\/07\/F0mf3X3XoAE80zV.jpg\",\"contentUrl\":\"https:\/\/futbolhoy.co\/wp-content\/uploads\/2023\/07\/F0mf3X3XoAE80zV.jpg\",\"width\":1200,\"height\":750},{\"@type\":\"BreadcrumbList\",\"@id\":\"https:\/\/futbolhoy.co\/index.php\/2023\/07\/09\/murio-el-arquitecto-luis-suarez\/#breadcrumb\",\"itemListElement\":[{\"@type\":\"ListItem\",\"position\":1,\"name\":\"Portada\",\"item\":\"https:\/\/futbolhoy.co\/\"},{\"@type\":\"ListItem\",\"position\":2,\"name\":\"Muri\u00f3 el arquitecto Luis Su\u00e1rez\"}]},{\"@type\":\"WebSite\",\"@id\":\"https:\/\/futbolhoy.co\/#website\",\"url\":\"https:\/\/futbolhoy.co\/\",\"name\":\"FutbolHoy\",\"description\":\"\",\"publisher\":{\"@id\":\"https:\/\/futbolhoy.co\/#organization\"},\"potentialAction\":[{\"@type\":\"SearchAction\",\"target\":{\"@type\":\"EntryPoint\",\"urlTemplate\":\"https:\/\/futbolhoy.co\/?s={search_term_string}\"},\"query-input\":{\"@type\":\"PropertyValueSpecification\",\"valueRequired\":true,\"valueName\":\"search_term_string\"}}],\"inLanguage\":\"es\"},{\"@type\":\"Organization\",\"@id\":\"https:\/\/futbolhoy.co\/#organization\",\"name\":\"Futbolhoy.co\",\"url\":\"https:\/\/futbolhoy.co\/\",\"logo\":{\"@type\":\"ImageObject\",\"inLanguage\":\"es\",\"@id\":\"https:\/\/futbolhoy.co\/#\/schema\/logo\/image\/\",\"url\":\"https:\/\/futbolhoy.co\/wp-content\/uploads\/2018\/08\/17426380_1906371736249227_6326180412931521141_n.jpg\",\"contentUrl\":\"https:\/\/futbolhoy.co\/wp-content\/uploads\/2018\/08\/17426380_1906371736249227_6326180412931521141_n.jpg\",\"width\":960,\"height\":960,\"caption\":\"Futbolhoy.co\"},\"image\":{\"@id\":\"https:\/\/futbolhoy.co\/#\/schema\/logo\/image\/\"},\"sameAs\":[\"https:\/\/www.facebook.com\/FutbolHoyCol\/\",\"https:\/\/x.com\/FutbolHoyCol\",\"https:\/\/www.instagram.com\/futbolhoycol\/\"]},{\"@type\":\"Person\",\"@id\":\"https:\/\/futbolhoy.co\/#\/schema\/person\/1721b69355b6623eaff15ac7b92d4cc3\",\"name\":\"contenido\",\"image\":{\"@type\":\"ImageObject\",\"inLanguage\":\"es\",\"@id\":\"https:\/\/futbolhoy.co\/#\/schema\/person\/image\/\",\"url\":\"https:\/\/secure.gravatar.com\/avatar\/4f656d3256f5134f466206e7c3941518?s=96&d=mm&r=g\",\"contentUrl\":\"https:\/\/secure.gravatar.com\/avatar\/4f656d3256f5134f466206e7c3941518?s=96&d=mm&r=g\",\"caption\":\"contenido\"}}]}<\/script>\n<!-- \/ Yoast SEO plugin. -->","yoast_head_json":{"title":"Muri\u00f3 el arquitecto Luis Su\u00e1rez -","robots":{"index":"index","follow":"follow","max-snippet":"max-snippet:-1","max-image-preview":"max-image-preview:large","max-video-preview":"max-video-preview:-1"},"canonical":"https:\/\/futbolhoy.co\/index.php\/2023\/07\/09\/murio-el-arquitecto-luis-suarez\/","og_locale":"es_ES","og_type":"article","og_title":"Muri\u00f3 el arquitecto Luis Su\u00e1rez -","og_description":"Luis Su\u00e1rez Miramontes, el \u00fanico futbolista hombre nacido en\u00a0Espa\u00f1a\u00a0ganador del\u00a0Bal\u00f3n de Oro en 1960, falleci\u00f3 a los\u00a088 a\u00f1os, inform\u00f3 la\u00a0Real Federaci\u00f3n Espa\u00f1ola de F\u00fatbol y el Inter de Mil\u00e1n,\u00a0club en el que jug\u00f3 gran parte de su carrera. \"Desde la RFEF queremos transmitir nuestro p\u00e9same a todos los familiares y allegados de Luis Su\u00e1rez Miramontes\", [&hellip;]","og_url":"https:\/\/futbolhoy.co\/index.php\/2023\/07\/09\/murio-el-arquitecto-luis-suarez\/","article_publisher":"https:\/\/www.facebook.com\/FutbolHoyCol\/","article_published_time":"2023-07-09T19:56:20+00:00","article_modified_time":"2023-07-09T22:42:22+00:00","og_image":[{"width":1200,"height":750,"url":"https:\/\/futbolhoy.co\/wp-content\/uploads\/2023\/07\/F0mf3X3XoAE80zV.jpg","type":"image\/jpeg"}],"author":"contenido","twitter_card":"summary_large_image","twitter_creator":"@FutbolHoyCol","twitter_site":"@FutbolHoyCol","twitter_misc":{"Escrito por":"contenido","Tiempo de lectura":"2 minutos"},"schema":{"@context":"https:\/\/schema.org","@graph":[{"@type":"Article","@id":"https:\/\/futbolhoy.co\/index.php\/2023\/07\/09\/murio-el-arquitecto-luis-suarez\/#article","isPartOf":{"@id":"https:\/\/futbolhoy.co\/index.php\/2023\/07\/09\/murio-el-arquitecto-luis-suarez\/"},"author":{"name":"contenido","@id":"https:\/\/futbolhoy.co\/#\/schema\/person\/1721b69355b6623eaff15ac7b92d4cc3"},"headline":"Muri\u00f3 el arquitecto Luis Su\u00e1rez","datePublished":"2023-07-09T19:56:20+00:00","dateModified":"2023-07-09T22:42:22+00:00","mainEntityOfPage":{"@id":"https:\/\/futbolhoy.co\/index.php\/2023\/07\/09\/murio-el-arquitecto-luis-suarez\/"},"wordCount":389,"commentCount":0,"publisher":{"@id":"https:\/\/futbolhoy.co\/#organization"},"image":{"@id":"https:\/\/futbolhoy.co\/index.php\/2023\/07\/09\/murio-el-arquitecto-luis-suarez\/#primaryimage"},"thumbnailUrl":"https:\/\/futbolhoy.co\/wp-content\/uploads\/2023\/07\/F0mf3X3XoAE80zV.jpg","articleSection":["Mundo Futbol"],"inLanguage":"es","potentialAction":[{"@type":"CommentAction","name":"Comment","target":["https:\/\/futbolhoy.co\/index.php\/2023\/07\/09\/murio-el-arquitecto-luis-suarez\/#respond"]}]},{"@type":"WebPage","@id":"https:\/\/futbolhoy.co\/index.php\/2023\/07\/09\/murio-el-arquitecto-luis-suarez\/","url":"https:\/\/futbolhoy.co\/index.php\/2023\/07\/09\/murio-el-arquitecto-luis-suarez\/","name":"Muri\u00f3 el arquitecto Luis Su\u00e1rez -","isPartOf":{"@id":"https:\/\/futbolhoy.co\/#website"},"primaryImageOfPage":{"@id":"https:\/\/futbolhoy.co\/index.php\/2023\/07\/09\/murio-el-arquitecto-luis-suarez\/#primaryimage"},"image":{"@id":"https:\/\/futbolhoy.co\/index.php\/2023\/07\/09\/murio-el-arquitecto-luis-suarez\/#primaryimage"},"thumbnailUrl":"https:\/\/futbolhoy.co\/wp-content\/uploads\/2023\/07\/F0mf3X3XoAE80zV.jpg","datePublished":"2023-07-09T19:56:20+00:00","dateModified":"2023-07-09T22:42:22+00:00","breadcrumb":{"@id":"https:\/\/futbolhoy.co\/index.php\/2023\/07\/09\/murio-el-arquitecto-luis-suarez\/#breadcrumb"},"inLanguage":"es","potentialAction":[{"@type":"ReadAction","target":["https:\/\/futbolhoy.co\/index.php\/2023\/07\/09\/murio-el-arquitecto-luis-suarez\/"]}]},{"@type":"ImageObject","inLanguage":"es","@id":"https:\/\/futbolhoy.co\/index.php\/2023\/07\/09\/murio-el-arquitecto-luis-suarez\/#primaryimage","url":"https:\/\/futbolhoy.co\/wp-content\/uploads\/2023\/07\/F0mf3X3XoAE80zV.jpg","contentUrl":"https:\/\/futbolhoy.co\/wp-content\/uploads\/2023\/07\/F0mf3X3XoAE80zV.jpg","width":1200,"height":750},{"@type":"BreadcrumbList","@id":"https:\/\/futbolhoy.co\/index.php\/2023\/07\/09\/murio-el-arquitecto-luis-suarez\/#breadcrumb","itemListElement":[{"@type":"ListItem","position":1,"name":"Portada","item":"https:\/\/futbolhoy.co\/"},{"@type":"ListItem","position":2,"name":"Muri\u00f3 el arquitecto Luis Su\u00e1rez"}]},{"@type":"WebSite","@id":"https:\/\/futbolhoy.co\/#website","url":"https:\/\/futbolhoy.co\/","name":"FutbolHoy","description":"","publisher":{"@id":"https:\/\/futbolhoy.co\/#organization"},"potentialAction":[{"@type":"SearchAction","target":{"@type":"EntryPoint","urlTemplate":"https:\/\/futbolhoy.co\/?s={search_term_string}"},"query-input":{"@type":"PropertyValueSpecification","valueRequired":true,"valueName":"search_term_string"}}],"inLanguage":"es"},{"@type":"Organization","@id":"https:\/\/futbolhoy.co\/#organization","name":"Futbolhoy.co","url":"https:\/\/futbolhoy.co\/","logo":{"@type":"ImageObject","inLanguage":"es","@id":"https:\/\/futbolhoy.co\/#\/schema\/logo\/image\/","url":"https:\/\/futbolhoy.co\/wp-content\/uploads\/2018\/08\/17426380_1906371736249227_6326180412931521141_n.jpg","contentUrl":"https:\/\/futbolhoy.co\/wp-content\/uploads\/2018\/08\/17426380_1906371736249227_6326180412931521141_n.jpg","width":960,"height":960,"caption":"Futbolhoy.co"},"image":{"@id":"https:\/\/futbolhoy.co\/#\/schema\/logo\/image\/"},"sameAs":["https:\/\/www.facebook.com\/FutbolHoyCol\/","https:\/\/x.com\/FutbolHoyCol","https:\/\/www.instagram.com\/futbolhoycol\/"]},{"@type":"Person","@id":"https:\/\/futbolhoy.co\/#\/schema\/person\/1721b69355b6623eaff15ac7b92d4cc3","name":"contenido","image":{"@type":"ImageObject","inLanguage":"es","@id":"https:\/\/futbolhoy.co\/#\/schema\/person\/image\/","url":"https:\/\/secure.gravatar.com\/avatar\/4f656d3256f5134f466206e7c3941518?s=96&d=mm&r=g","contentUrl":"https:\/\/secure.gravatar.com\/avatar\/4f656d3256f5134f466206e7c3941518?s=96&d=mm&r=g","caption":"contenido"}}]}},"publishpress_future_action":{"enabled":false,"date":"2026-05-06 08:46:20","action":"change-status","newStatus":"draft","terms":[],"taxonomy":"category","extraData":[]},"publishpress_future_workflow_manual_trigger":{"enabledWorkflows":[]},"_links":{"self":[{"href":"https:\/\/futbolhoy.co\/index.php\/wp-json\/wp\/v2\/posts\/96917","targetHints":{"allow":["GET"]}}],"collection":[{"href":"https:\/\/futbolhoy.co\/index.php\/wp-json\/wp\/v2\/posts"}],"about":[{"href":"https:\/\/futbolhoy.co\/index.php\/wp-json\/wp\/v2\/types\/post"}],"author":[{"embeddable":true,"href":"https:\/\/futbolhoy.co\/index.php\/wp-json\/wp\/v2\/users\/4"}],"replies":[{"embeddable":true,"href":"https:\/\/futbolhoy.co\/index.php\/wp-json\/wp\/v2\/comments?post=96917"}],"version-history":[{"count":1,"href":"https:\/\/futbolhoy.co\/index.php\/wp-json\/wp\/v2\/posts\/96917\/revisions"}],"predecessor-version":[{"id":96920,"href":"https:\/\/futbolhoy.co\/index.php\/wp-json\/wp\/v2\/posts\/96917\/revisions\/96920"}],"wp:featuredmedia":[{"embeddable":true,"href":"https:\/\/futbolhoy.co\/index.php\/wp-json\/wp\/v2\/media\/96919"}],"wp:attachment":[{"href":"https:\/\/futbolhoy.co\/index.php\/wp-json\/wp\/v2\/media?parent=96917"}],"wp:term":[{"taxonomy":"category","embeddable":true,"href":"https:\/\/futbolhoy.co\/index.php\/wp-json\/wp\/v2\/categories?post=96917"},{"taxonomy":"post_tag","embeddable":true,"href":"https:\/\/futbolhoy.co\/index.php\/wp-json\/wp\/v2\/tags?post=96917"}],"curies":[{"name":"wp","href":"https:\/\/api.w.org\/{rel}","templated":true}]}}