{"id":96921,"date":"2023-07-09T15:16:05","date_gmt":"2023-07-09T20:16:05","guid":{"rendered":"https:\/\/futbolhoy.co\/?p=96921"},"modified":"2023-07-09T18:56:27","modified_gmt":"2023-07-09T23:56:27","slug":"suarez-no-renuncia-a-costa-rica","status":"publish","type":"post","link":"https:\/\/futbolhoy.co\/index.php\/2023\/07\/09\/suarez-no-renuncia-a-costa-rica\/","title":{"rendered":"Su\u00e1rez no renuncia a Costa Rica"},"content":{"rendered":"<p class=\"x_ydpd2a6b43bMsoNormal\" style=\"text-align: justify;\"><span lang=\"ES-MX\" style=\"font-family: helvetica, arial, sans-serif;\">El t\u00e9cnico colombiano\u00a0<b>Luis Fernando Su\u00e1rez<\/b>\u00a0asegur\u00f3 que no dejar\u00e1 su cargo de seleccionador absoluto de\u00a0<b>Costa Rica<\/b>, a pesar de la derrota sufrida ante\u00a0<b>M\u00e9xico 2-0<\/b>\u00a0en los cuartos de final de la\u00a0<b>Copa Oro<\/b>, que supuso su eliminaci\u00f3n del torneo.<\/span><\/p>\n<p class=\"x_ydpd2a6b43bMsoNormal\" style=\"text-align: justify;\"><span lang=\"ES-MX\" style=\"font-family: helvetica, arial, sans-serif;\">Su\u00e1rez, de 63 a\u00f1os, ha sido muy criticado en el pa\u00eds desde la eliminaci\u00f3n del\u00a0<b>Mundial de Qatar<\/b>, donde tuvo una aparatosa ca\u00edda 7-0 ante\u00a0<b>Espa\u00f1a<\/b>\u00a0en la fase de grupos.<\/span><\/p>\n<p class=\"x_ydpd2a6b43bMsoNormal\" style=\"text-align: justify;\"><span lang=\"ES-MX\" style=\"font-family: helvetica, arial, sans-serif;\">\u201cYo no pienso irme, pienso que estoy haciendo las cosas bien. Estoy tranquilo ante lo que he venido haciendo. Habr\u00e1 muchas cosas por corregir, pero creo que hemos hecho cosas interesantes\u201d, declar\u00f3 Su\u00e1rez en rueda de prensa.<\/span><\/p>\n<p class=\"x_ydpd2a6b43bMsoNormal\" style=\"text-align: justify;\"><span lang=\"ES-MX\" style=\"font-family: helvetica, arial, sans-serif;\">Los n\u00fameros del antioque\u00f1o al frente de los\u00a0<b>\u2018ticos\u2019<\/b>\u00a0dejan hasta el momento, 36 partidos dirigidos, con 17 victorias, 7 empates y 12 derrotas, para un rendimiento del 53,7 %.<\/span><\/p>\n","protected":false},"excerpt":{"rendered":"<p>El t\u00e9cnico colombiano\u00a0Luis Fernando Su\u00e1rez\u00a0asegur\u00f3 que no dejar\u00e1 su cargo de seleccionador absoluto de\u00a0Costa Rica, a pesar de la derrota sufrida ante\u00a0M\u00e9xico 2-0\u00a0en los cuartos de final de la\u00a0Copa Oro, que supuso su eliminaci\u00f3n del torneo. Su\u00e1rez, de 63 a\u00f1os, ha sido muy criticado en el pa\u00eds desde la eliminaci\u00f3n del\u00a0Mundial de Qatar, donde tuvo [&hellip;]<\/p>\n","protected":false},"author":4,"featured_media":96332,"comment_status":"open","ping_status":"open","sticky":false,"template":"","format":"standard","meta":{"_acf_changed":false,"footnotes":""},"categories":[152],"tags":[],"class_list":{"0":"post-96921","1":"post","2":"type-post","3":"status-publish","4":"format-standard","5":"has-post-thumbnail","7":"category-mundo-futbol"},"acf":[],"yoast_head":"<!-- This site is optimized with the Yoast SEO plugin v26.8 - https:\/\/yoast.com\/product\/yoast-seo-wordpress\/ -->\n<title>Su\u00e1rez no renuncia a Costa Rica -<\/title>\n<meta name=\"robots\" content=\"index, follow, max-snippet:-1, max-image-preview:large, max-video-preview:-1\" \/>\n<link rel=\"canonical\" href=\"https:\/\/futbolhoy.co\/index.php\/2023\/07\/09\/suarez-no-renuncia-a-costa-rica\/\" \/>\n<meta property=\"og:locale\" content=\"es_ES\" \/>\n<meta property=\"og:type\" content=\"article\" \/>\n<meta property=\"og:title\" content=\"Su\u00e1rez no renuncia a Costa Rica -\" \/>\n<meta property=\"og:description\" content=\"El t\u00e9cnico colombiano\u00a0Luis Fernando Su\u00e1rez\u00a0asegur\u00f3 que no dejar\u00e1 su cargo de seleccionador absoluto de\u00a0Costa Rica, a pesar de la derrota sufrida ante\u00a0M\u00e9xico 2-0\u00a0en los cuartos de final de la\u00a0Copa Oro, que supuso su eliminaci\u00f3n del torneo. Su\u00e1rez, de 63 a\u00f1os, ha sido muy criticado en el pa\u00eds desde la eliminaci\u00f3n del\u00a0Mundial de Qatar, donde tuvo [&hellip;]\" \/>\n<meta property=\"og:url\" content=\"https:\/\/futbolhoy.co\/index.php\/2023\/07\/09\/suarez-no-renuncia-a-costa-rica\/\" \/>\n<meta property=\"article:publisher\" content=\"https:\/\/www.facebook.com\/FutbolHoyCol\/\" \/>\n<meta property=\"article:published_time\" content=\"2023-07-09T20:16:05+00:00\" \/>\n<meta property=\"article:modified_time\" content=\"2023-07-09T23:56:27+00:00\" \/>\n<meta property=\"og:image\" content=\"https:\/\/futbolhoy.co\/wp-content\/uploads\/2023\/06\/Suarez-2.png\" \/>\n\t<meta property=\"og:image:width\" content=\"1164\" \/>\n\t<meta property=\"og:image:height\" content=\"924\" \/>\n\t<meta property=\"og:image:type\" content=\"image\/png\" \/>\n<meta name=\"author\" content=\"contenido\" \/>\n<meta name=\"twitter:card\" content=\"summary_large_image\" \/>\n<meta name=\"twitter:creator\" content=\"@FutbolHoyCol\" \/>\n<meta name=\"twitter:site\" content=\"@FutbolHoyCol\" \/>\n<meta name=\"twitter:label1\" content=\"Escrito por\" \/>\n\t<meta name=\"twitter:data1\" content=\"contenido\" \/>\n\t<meta name=\"twitter:label2\" content=\"Tiempo de lectura\" \/>\n\t<meta name=\"twitter:data2\" content=\"1 minuto\" \/>\n<script type=\"application\/ld+json\" class=\"yoast-schema-graph\">{\"@context\":\"https:\/\/schema.org\",\"@graph\":[{\"@type\":\"Article\",\"@id\":\"https:\/\/futbolhoy.co\/index.php\/2023\/07\/09\/suarez-no-renuncia-a-costa-rica\/#article\",\"isPartOf\":{\"@id\":\"https:\/\/futbolhoy.co\/index.php\/2023\/07\/09\/suarez-no-renuncia-a-costa-rica\/\"},\"author\":{\"name\":\"contenido\",\"@id\":\"https:\/\/futbolhoy.co\/#\/schema\/person\/1721b69355b6623eaff15ac7b92d4cc3\"},\"headline\":\"Su\u00e1rez no renuncia a Costa Rica\",\"datePublished\":\"2023-07-09T20:16:05+00:00\",\"dateModified\":\"2023-07-09T23:56:27+00:00\",\"mainEntityOfPage\":{\"@id\":\"https:\/\/futbolhoy.co\/index.php\/2023\/07\/09\/suarez-no-renuncia-a-costa-rica\/\"},\"wordCount\":153,\"commentCount\":0,\"publisher\":{\"@id\":\"https:\/\/futbolhoy.co\/#organization\"},\"image\":{\"@id\":\"https:\/\/futbolhoy.co\/index.php\/2023\/07\/09\/suarez-no-renuncia-a-costa-rica\/#primaryimage\"},\"thumbnailUrl\":\"https:\/\/futbolhoy.co\/wp-content\/uploads\/2023\/06\/Suarez-2.png\",\"articleSection\":[\"Mundo Futbol\"],\"inLanguage\":\"es\",\"potentialAction\":[{\"@type\":\"CommentAction\",\"name\":\"Comment\",\"target\":[\"https:\/\/futbolhoy.co\/index.php\/2023\/07\/09\/suarez-no-renuncia-a-costa-rica\/#respond\"]}]},{\"@type\":\"WebPage\",\"@id\":\"https:\/\/futbolhoy.co\/index.php\/2023\/07\/09\/suarez-no-renuncia-a-costa-rica\/\",\"url\":\"https:\/\/futbolhoy.co\/index.php\/2023\/07\/09\/suarez-no-renuncia-a-costa-rica\/\",\"name\":\"Su\u00e1rez no renuncia a Costa Rica -\",\"isPartOf\":{\"@id\":\"https:\/\/futbolhoy.co\/#website\"},\"primaryImageOfPage\":{\"@id\":\"https:\/\/futbolhoy.co\/index.php\/2023\/07\/09\/suarez-no-renuncia-a-costa-rica\/#primaryimage\"},\"image\":{\"@id\":\"https:\/\/futbolhoy.co\/index.php\/2023\/07\/09\/suarez-no-renuncia-a-costa-rica\/#primaryimage\"},\"thumbnailUrl\":\"https:\/\/futbolhoy.co\/wp-content\/uploads\/2023\/06\/Suarez-2.png\",\"datePublished\":\"2023-07-09T20:16:05+00:00\",\"dateModified\":\"2023-07-09T23:56:27+00:00\",\"breadcrumb\":{\"@id\":\"https:\/\/futbolhoy.co\/index.php\/2023\/07\/09\/suarez-no-renuncia-a-costa-rica\/#breadcrumb\"},\"inLanguage\":\"es\",\"potentialAction\":[{\"@type\":\"ReadAction\",\"target\":[\"https:\/\/futbolhoy.co\/index.php\/2023\/07\/09\/suarez-no-renuncia-a-costa-rica\/\"]}]},{\"@type\":\"ImageObject\",\"inLanguage\":\"es\",\"@id\":\"https:\/\/futbolhoy.co\/index.php\/2023\/07\/09\/suarez-no-renuncia-a-costa-rica\/#primaryimage\",\"url\":\"https:\/\/futbolhoy.co\/wp-content\/uploads\/2023\/06\/Suarez-2.png\",\"contentUrl\":\"https:\/\/futbolhoy.co\/wp-content\/uploads\/2023\/06\/Suarez-2.png\",\"width\":1164,\"height\":924},{\"@type\":\"BreadcrumbList\",\"@id\":\"https:\/\/futbolhoy.co\/index.php\/2023\/07\/09\/suarez-no-renuncia-a-costa-rica\/#breadcrumb\",\"itemListElement\":[{\"@type\":\"ListItem\",\"position\":1,\"name\":\"Portada\",\"item\":\"https:\/\/futbolhoy.co\/\"},{\"@type\":\"ListItem\",\"position\":2,\"name\":\"Su\u00e1rez no renuncia a Costa Rica\"}]},{\"@type\":\"WebSite\",\"@id\":\"https:\/\/futbolhoy.co\/#website\",\"url\":\"https:\/\/futbolhoy.co\/\",\"name\":\"FutbolHoy\",\"description\":\"\",\"publisher\":{\"@id\":\"https:\/\/futbolhoy.co\/#organization\"},\"potentialAction\":[{\"@type\":\"SearchAction\",\"target\":{\"@type\":\"EntryPoint\",\"urlTemplate\":\"https:\/\/futbolhoy.co\/?s={search_term_string}\"},\"query-input\":{\"@type\":\"PropertyValueSpecification\",\"valueRequired\":true,\"valueName\":\"search_term_string\"}}],\"inLanguage\":\"es\"},{\"@type\":\"Organization\",\"@id\":\"https:\/\/futbolhoy.co\/#organization\",\"name\":\"Futbolhoy.co\",\"url\":\"https:\/\/futbolhoy.co\/\",\"logo\":{\"@type\":\"ImageObject\",\"inLanguage\":\"es\",\"@id\":\"https:\/\/futbolhoy.co\/#\/schema\/logo\/image\/\",\"url\":\"https:\/\/futbolhoy.co\/wp-content\/uploads\/2018\/08\/17426380_1906371736249227_6326180412931521141_n.jpg\",\"contentUrl\":\"https:\/\/futbolhoy.co\/wp-content\/uploads\/2018\/08\/17426380_1906371736249227_6326180412931521141_n.jpg\",\"width\":960,\"height\":960,\"caption\":\"Futbolhoy.co\"},\"image\":{\"@id\":\"https:\/\/futbolhoy.co\/#\/schema\/logo\/image\/\"},\"sameAs\":[\"https:\/\/www.facebook.com\/FutbolHoyCol\/\",\"https:\/\/x.com\/FutbolHoyCol\",\"https:\/\/www.instagram.com\/futbolhoycol\/\"]},{\"@type\":\"Person\",\"@id\":\"https:\/\/futbolhoy.co\/#\/schema\/person\/1721b69355b6623eaff15ac7b92d4cc3\",\"name\":\"contenido\",\"image\":{\"@type\":\"ImageObject\",\"inLanguage\":\"es\",\"@id\":\"https:\/\/futbolhoy.co\/#\/schema\/person\/image\/\",\"url\":\"https:\/\/secure.gravatar.com\/avatar\/4f656d3256f5134f466206e7c3941518?s=96&d=mm&r=g\",\"contentUrl\":\"https:\/\/secure.gravatar.com\/avatar\/4f656d3256f5134f466206e7c3941518?s=96&d=mm&r=g\",\"caption\":\"contenido\"}}]}<\/script>\n<!-- \/ Yoast SEO plugin. -->","yoast_head_json":{"title":"Su\u00e1rez no renuncia a Costa Rica -","robots":{"index":"index","follow":"follow","max-snippet":"max-snippet:-1","max-image-preview":"max-image-preview:large","max-video-preview":"max-video-preview:-1"},"canonical":"https:\/\/futbolhoy.co\/index.php\/2023\/07\/09\/suarez-no-renuncia-a-costa-rica\/","og_locale":"es_ES","og_type":"article","og_title":"Su\u00e1rez no renuncia a Costa Rica -","og_description":"El t\u00e9cnico colombiano\u00a0Luis Fernando Su\u00e1rez\u00a0asegur\u00f3 que no dejar\u00e1 su cargo de seleccionador absoluto de\u00a0Costa Rica, a pesar de la derrota sufrida ante\u00a0M\u00e9xico 2-0\u00a0en los cuartos de final de la\u00a0Copa Oro, que supuso su eliminaci\u00f3n del torneo. Su\u00e1rez, de 63 a\u00f1os, ha sido muy criticado en el pa\u00eds desde la eliminaci\u00f3n del\u00a0Mundial de Qatar, donde tuvo [&hellip;]","og_url":"https:\/\/futbolhoy.co\/index.php\/2023\/07\/09\/suarez-no-renuncia-a-costa-rica\/","article_publisher":"https:\/\/www.facebook.com\/FutbolHoyCol\/","article_published_time":"2023-07-09T20:16:05+00:00","article_modified_time":"2023-07-09T23:56:27+00:00","og_image":[{"width":1164,"height":924,"url":"https:\/\/futbolhoy.co\/wp-content\/uploads\/2023\/06\/Suarez-2.png","type":"image\/png"}],"author":"contenido","twitter_card":"summary_large_image","twitter_creator":"@FutbolHoyCol","twitter_site":"@FutbolHoyCol","twitter_misc":{"Escrito por":"contenido","Tiempo de lectura":"1 minuto"},"schema":{"@context":"https:\/\/schema.org","@graph":[{"@type":"Article","@id":"https:\/\/futbolhoy.co\/index.php\/2023\/07\/09\/suarez-no-renuncia-a-costa-rica\/#article","isPartOf":{"@id":"https:\/\/futbolhoy.co\/index.php\/2023\/07\/09\/suarez-no-renuncia-a-costa-rica\/"},"author":{"name":"contenido","@id":"https:\/\/futbolhoy.co\/#\/schema\/person\/1721b69355b6623eaff15ac7b92d4cc3"},"headline":"Su\u00e1rez no renuncia a Costa Rica","datePublished":"2023-07-09T20:16:05+00:00","dateModified":"2023-07-09T23:56:27+00:00","mainEntityOfPage":{"@id":"https:\/\/futbolhoy.co\/index.php\/2023\/07\/09\/suarez-no-renuncia-a-costa-rica\/"},"wordCount":153,"commentCount":0,"publisher":{"@id":"https:\/\/futbolhoy.co\/#organization"},"image":{"@id":"https:\/\/futbolhoy.co\/index.php\/2023\/07\/09\/suarez-no-renuncia-a-costa-rica\/#primaryimage"},"thumbnailUrl":"https:\/\/futbolhoy.co\/wp-content\/uploads\/2023\/06\/Suarez-2.png","articleSection":["Mundo Futbol"],"inLanguage":"es","potentialAction":[{"@type":"CommentAction","name":"Comment","target":["https:\/\/futbolhoy.co\/index.php\/2023\/07\/09\/suarez-no-renuncia-a-costa-rica\/#respond"]}]},{"@type":"WebPage","@id":"https:\/\/futbolhoy.co\/index.php\/2023\/07\/09\/suarez-no-renuncia-a-costa-rica\/","url":"https:\/\/futbolhoy.co\/index.php\/2023\/07\/09\/suarez-no-renuncia-a-costa-rica\/","name":"Su\u00e1rez no renuncia a Costa Rica -","isPartOf":{"@id":"https:\/\/futbolhoy.co\/#website"},"primaryImageOfPage":{"@id":"https:\/\/futbolhoy.co\/index.php\/2023\/07\/09\/suarez-no-renuncia-a-costa-rica\/#primaryimage"},"image":{"@id":"https:\/\/futbolhoy.co\/index.php\/2023\/07\/09\/suarez-no-renuncia-a-costa-rica\/#primaryimage"},"thumbnailUrl":"https:\/\/futbolhoy.co\/wp-content\/uploads\/2023\/06\/Suarez-2.png","datePublished":"2023-07-09T20:16:05+00:00","dateModified":"2023-07-09T23:56:27+00:00","breadcrumb":{"@id":"https:\/\/futbolhoy.co\/index.php\/2023\/07\/09\/suarez-no-renuncia-a-costa-rica\/#breadcrumb"},"inLanguage":"es","potentialAction":[{"@type":"ReadAction","target":["https:\/\/futbolhoy.co\/index.php\/2023\/07\/09\/suarez-no-renuncia-a-costa-rica\/"]}]},{"@type":"ImageObject","inLanguage":"es","@id":"https:\/\/futbolhoy.co\/index.php\/2023\/07\/09\/suarez-no-renuncia-a-costa-rica\/#primaryimage","url":"https:\/\/futbolhoy.co\/wp-content\/uploads\/2023\/06\/Suarez-2.png","contentUrl":"https:\/\/futbolhoy.co\/wp-content\/uploads\/2023\/06\/Suarez-2.png","width":1164,"height":924},{"@type":"BreadcrumbList","@id":"https:\/\/futbolhoy.co\/index.php\/2023\/07\/09\/suarez-no-renuncia-a-costa-rica\/#breadcrumb","itemListElement":[{"@type":"ListItem","position":1,"name":"Portada","item":"https:\/\/futbolhoy.co\/"},{"@type":"ListItem","position":2,"name":"Su\u00e1rez no renuncia a Costa Rica"}]},{"@type":"WebSite","@id":"https:\/\/futbolhoy.co\/#website","url":"https:\/\/futbolhoy.co\/","name":"FutbolHoy","description":"","publisher":{"@id":"https:\/\/futbolhoy.co\/#organization"},"potentialAction":[{"@type":"SearchAction","target":{"@type":"EntryPoint","urlTemplate":"https:\/\/futbolhoy.co\/?s={search_term_string}"},"query-input":{"@type":"PropertyValueSpecification","valueRequired":true,"valueName":"search_term_string"}}],"inLanguage":"es"},{"@type":"Organization","@id":"https:\/\/futbolhoy.co\/#organization","name":"Futbolhoy.co","url":"https:\/\/futbolhoy.co\/","logo":{"@type":"ImageObject","inLanguage":"es","@id":"https:\/\/futbolhoy.co\/#\/schema\/logo\/image\/","url":"https:\/\/futbolhoy.co\/wp-content\/uploads\/2018\/08\/17426380_1906371736249227_6326180412931521141_n.jpg","contentUrl":"https:\/\/futbolhoy.co\/wp-content\/uploads\/2018\/08\/17426380_1906371736249227_6326180412931521141_n.jpg","width":960,"height":960,"caption":"Futbolhoy.co"},"image":{"@id":"https:\/\/futbolhoy.co\/#\/schema\/logo\/image\/"},"sameAs":["https:\/\/www.facebook.com\/FutbolHoyCol\/","https:\/\/x.com\/FutbolHoyCol","https:\/\/www.instagram.com\/futbolhoycol\/"]},{"@type":"Person","@id":"https:\/\/futbolhoy.co\/#\/schema\/person\/1721b69355b6623eaff15ac7b92d4cc3","name":"contenido","image":{"@type":"ImageObject","inLanguage":"es","@id":"https:\/\/futbolhoy.co\/#\/schema\/person\/image\/","url":"https:\/\/secure.gravatar.com\/avatar\/4f656d3256f5134f466206e7c3941518?s=96&d=mm&r=g","contentUrl":"https:\/\/secure.gravatar.com\/avatar\/4f656d3256f5134f466206e7c3941518?s=96&d=mm&r=g","caption":"contenido"}}]}},"publishpress_future_action":{"enabled":false,"date":"2026-05-06 06:36:09","action":"change-status","newStatus":"draft","terms":[],"taxonomy":"category","extraData":[]},"publishpress_future_workflow_manual_trigger":{"enabledWorkflows":[]},"_links":{"self":[{"href":"https:\/\/futbolhoy.co\/index.php\/wp-json\/wp\/v2\/posts\/96921","targetHints":{"allow":["GET"]}}],"collection":[{"href":"https:\/\/futbolhoy.co\/index.php\/wp-json\/wp\/v2\/posts"}],"about":[{"href":"https:\/\/futbolhoy.co\/index.php\/wp-json\/wp\/v2\/types\/post"}],"author":[{"embeddable":true,"href":"https:\/\/futbolhoy.co\/index.php\/wp-json\/wp\/v2\/users\/4"}],"replies":[{"embeddable":true,"href":"https:\/\/futbolhoy.co\/index.php\/wp-json\/wp\/v2\/comments?post=96921"}],"version-history":[{"count":1,"href":"https:\/\/futbolhoy.co\/index.php\/wp-json\/wp\/v2\/posts\/96921\/revisions"}],"predecessor-version":[{"id":96922,"href":"https:\/\/futbolhoy.co\/index.php\/wp-json\/wp\/v2\/posts\/96921\/revisions\/96922"}],"wp:featuredmedia":[{"embeddable":true,"href":"https:\/\/futbolhoy.co\/index.php\/wp-json\/wp\/v2\/media\/96332"}],"wp:attachment":[{"href":"https:\/\/futbolhoy.co\/index.php\/wp-json\/wp\/v2\/media?parent=96921"}],"wp:term":[{"taxonomy":"category","embeddable":true,"href":"https:\/\/futbolhoy.co\/index.php\/wp-json\/wp\/v2\/categories?post=96921"},{"taxonomy":"post_tag","embeddable":true,"href":"https:\/\/futbolhoy.co\/index.php\/wp-json\/wp\/v2\/tags?post=96921"}],"curies":[{"name":"wp","href":"https:\/\/api.w.org\/{rel}","templated":true}]}}