{"id":96923,"date":"2023-07-09T17:16:12","date_gmt":"2023-07-09T22:16:12","guid":{"rendered":"https:\/\/futbolhoy.co\/?p=96923"},"modified":"2023-07-10T08:04:02","modified_gmt":"2023-07-10T13:04:02","slug":"chico-se-pronuncio-sobre-las-denuncias-de-palmira-salazar","status":"publish","type":"post","link":"https:\/\/futbolhoy.co\/index.php\/2023\/07\/09\/chico-se-pronuncio-sobre-las-denuncias-de-palmira-salazar\/","title":{"rendered":"Chic\u00f3 se pronunci\u00f3 sobre las denuncias de \u2018Palmira\u2019 Salazar"},"content":{"rendered":"<p class=\"x_ydp37a01a45MsoNormal\" style=\"text-align: justify;\"><span style=\"font-family: helvetica, arial, sans-serif;\">El\u00a0<b>Boyac\u00e1 Chic\u00f3<\/b>\u00a0emiti\u00f3 un comunicado oficial en torno a las declaraciones del exdelantero\u00a0<b>N\u00e9stor \u2018Palmira\u2019 Salazar<\/b>, donde acus\u00f3 a un entrenador del club de exigir el pago de 30 millones de pesos para que su hijo Juan Camilo pudiera actuar en primera divisi\u00f3n.<\/span><\/p>\n<p class=\"x_ydp37a01a45MsoNormal\" style=\"text-align: justify;\"><span style=\"font-family: helvetica, arial, sans-serif;\">\u201cEl\u00a0<b>Boyac\u00e1 Chic\u00f3 F.C.,<\/b>\u00a0su junta directiva, su presidente comunican a la opini\u00f3n p\u00fablica que dada la importancia por lo delicadas de las denuncias hechas a los medios de comunicaci\u00f3n por parte del exjugador de f\u00fatbol N\u00e9stor \"Palmira\" Salazar el pasado 6 de julio, donde acusa a un integrante de nuestro cuerpo t\u00e9cnico del club, le pidi\u00f3 la suma de treinta millones de pesos ($30'000.000) como condici\u00f3n para que su hijo que se encontraba entrenando con el plantel profesional del equipo en esa \u00e9poca pudiera jugar\u201d, indica el elenco boyacense en el comunicado.<\/span><\/p>\n<p class=\"x_ydp37a01a45MsoNormal\" style=\"text-align: justify;\"><span style=\"font-family: helvetica, arial, sans-serif;\">Los \u2018ajedrezados\u2019 adem\u00e1s conminaron al vallecaucano: \u201cSe solicita respetuosamente al exjugador N\u00e9stor \"Palmira\" Salazar que nos haga llegar las pruebas correspondientes de su grave denuncia al correo electr\u00f3nico oficial del club en un t\u00e9rmino de tres (3) d\u00edas calendario siguientes a la publicaci\u00f3n de este comunicado\u201d.<\/span><\/p>\n<p class=\"x_ydp37a01a45MsoNormal\" style=\"text-align: justify;\"><span style=\"font-family: helvetica, arial, sans-serif;\">\u201cQue en el caso de que el se\u00f1or Salazar no allegue las pruebas de su denuncia en este t\u00e9rmino de tiempo, nos veremos en la obligaci\u00f3n de interponer la correspondiente demanda penal por da\u00f1os y perjuicios pidiendo amparar y proteger el buen nombre de los t\u00e9cnicos de la instituci\u00f3n para poder minimizar los enormes riesgos perjuicios y da\u00f1os morales que se pueden causar\u201d, finaliza la comunicaci\u00f3n.<\/span><\/p>\n","protected":false},"excerpt":{"rendered":"<p>El\u00a0Boyac\u00e1 Chic\u00f3\u00a0emiti\u00f3 un comunicado oficial en torno a las declaraciones del exdelantero\u00a0N\u00e9stor \u2018Palmira\u2019 Salazar, donde acus\u00f3 a un entrenador del club de exigir el pago de 30 millones de pesos para que su hijo Juan Camilo pudiera actuar en primera divisi\u00f3n. \u201cEl\u00a0Boyac\u00e1 Chic\u00f3 F.C.,\u00a0su junta directiva, su presidente comunican a la opini\u00f3n p\u00fablica que dada [&hellip;]<\/p>\n","protected":false},"author":4,"featured_media":96924,"comment_status":"open","ping_status":"open","sticky":false,"template":"","format":"standard","meta":{"_acf_changed":false,"footnotes":""},"categories":[7],"tags":[],"class_list":{"0":"post-96923","1":"post","2":"type-post","3":"status-publish","4":"format-standard","5":"has-post-thumbnail","7":"category-liga-betplay"},"acf":[],"yoast_head":"<!-- This site is optimized with the Yoast SEO plugin v26.8 - https:\/\/yoast.com\/product\/yoast-seo-wordpress\/ -->\n<title>Chic\u00f3 se pronunci\u00f3 sobre las denuncias de \u2018Palmira\u2019 Salazar -<\/title>\n<meta name=\"robots\" content=\"index, follow, max-snippet:-1, max-image-preview:large, max-video-preview:-1\" \/>\n<link rel=\"canonical\" href=\"https:\/\/futbolhoy.co\/index.php\/2023\/07\/09\/chico-se-pronuncio-sobre-las-denuncias-de-palmira-salazar\/\" \/>\n<meta property=\"og:locale\" content=\"es_ES\" \/>\n<meta property=\"og:type\" content=\"article\" \/>\n<meta property=\"og:title\" content=\"Chic\u00f3 se pronunci\u00f3 sobre las denuncias de \u2018Palmira\u2019 Salazar -\" \/>\n<meta property=\"og:description\" content=\"El\u00a0Boyac\u00e1 Chic\u00f3\u00a0emiti\u00f3 un comunicado oficial en torno a las declaraciones del exdelantero\u00a0N\u00e9stor \u2018Palmira\u2019 Salazar, donde acus\u00f3 a un entrenador del club de exigir el pago de 30 millones de pesos para que su hijo Juan Camilo pudiera actuar en primera divisi\u00f3n. \u201cEl\u00a0Boyac\u00e1 Chic\u00f3 F.C.,\u00a0su junta directiva, su presidente comunican a la opini\u00f3n p\u00fablica que dada [&hellip;]\" \/>\n<meta property=\"og:url\" content=\"https:\/\/futbolhoy.co\/index.php\/2023\/07\/09\/chico-se-pronuncio-sobre-las-denuncias-de-palmira-salazar\/\" \/>\n<meta property=\"article:publisher\" content=\"https:\/\/www.facebook.com\/FutbolHoyCol\/\" \/>\n<meta property=\"article:published_time\" content=\"2023-07-09T22:16:12+00:00\" \/>\n<meta property=\"article:modified_time\" content=\"2023-07-10T13:04:02+00:00\" \/>\n<meta property=\"og:image\" content=\"https:\/\/futbolhoy.co\/wp-content\/uploads\/2023\/07\/FycGwXuXoAAQXn1.jpg\" \/>\n\t<meta property=\"og:image:width\" content=\"2048\" \/>\n\t<meta property=\"og:image:height\" content=\"1536\" \/>\n\t<meta property=\"og:image:type\" content=\"image\/jpeg\" \/>\n<meta name=\"author\" content=\"contenido\" \/>\n<meta name=\"twitter:card\" content=\"summary_large_image\" \/>\n<meta name=\"twitter:creator\" content=\"@FutbolHoyCol\" \/>\n<meta name=\"twitter:site\" content=\"@FutbolHoyCol\" \/>\n<meta name=\"twitter:label1\" content=\"Escrito por\" \/>\n\t<meta name=\"twitter:data1\" content=\"contenido\" \/>\n\t<meta name=\"twitter:label2\" content=\"Tiempo de lectura\" \/>\n\t<meta name=\"twitter:data2\" content=\"1 minuto\" \/>\n<script type=\"application\/ld+json\" class=\"yoast-schema-graph\">{\"@context\":\"https:\/\/schema.org\",\"@graph\":[{\"@type\":\"Article\",\"@id\":\"https:\/\/futbolhoy.co\/index.php\/2023\/07\/09\/chico-se-pronuncio-sobre-las-denuncias-de-palmira-salazar\/#article\",\"isPartOf\":{\"@id\":\"https:\/\/futbolhoy.co\/index.php\/2023\/07\/09\/chico-se-pronuncio-sobre-las-denuncias-de-palmira-salazar\/\"},\"author\":{\"name\":\"contenido\",\"@id\":\"https:\/\/futbolhoy.co\/#\/schema\/person\/1721b69355b6623eaff15ac7b92d4cc3\"},\"headline\":\"Chic\u00f3 se pronunci\u00f3 sobre las denuncias de \u2018Palmira\u2019 Salazar\",\"datePublished\":\"2023-07-09T22:16:12+00:00\",\"dateModified\":\"2023-07-10T13:04:02+00:00\",\"mainEntityOfPage\":{\"@id\":\"https:\/\/futbolhoy.co\/index.php\/2023\/07\/09\/chico-se-pronuncio-sobre-las-denuncias-de-palmira-salazar\/\"},\"wordCount\":279,\"commentCount\":0,\"publisher\":{\"@id\":\"https:\/\/futbolhoy.co\/#organization\"},\"image\":{\"@id\":\"https:\/\/futbolhoy.co\/index.php\/2023\/07\/09\/chico-se-pronuncio-sobre-las-denuncias-de-palmira-salazar\/#primaryimage\"},\"thumbnailUrl\":\"https:\/\/futbolhoy.co\/wp-content\/uploads\/2023\/07\/FycGwXuXoAAQXn1.jpg\",\"articleSection\":[\"Liga BetPlay\"],\"inLanguage\":\"es\",\"potentialAction\":[{\"@type\":\"CommentAction\",\"name\":\"Comment\",\"target\":[\"https:\/\/futbolhoy.co\/index.php\/2023\/07\/09\/chico-se-pronuncio-sobre-las-denuncias-de-palmira-salazar\/#respond\"]}]},{\"@type\":\"WebPage\",\"@id\":\"https:\/\/futbolhoy.co\/index.php\/2023\/07\/09\/chico-se-pronuncio-sobre-las-denuncias-de-palmira-salazar\/\",\"url\":\"https:\/\/futbolhoy.co\/index.php\/2023\/07\/09\/chico-se-pronuncio-sobre-las-denuncias-de-palmira-salazar\/\",\"name\":\"Chic\u00f3 se pronunci\u00f3 sobre las denuncias de \u2018Palmira\u2019 Salazar -\",\"isPartOf\":{\"@id\":\"https:\/\/futbolhoy.co\/#website\"},\"primaryImageOfPage\":{\"@id\":\"https:\/\/futbolhoy.co\/index.php\/2023\/07\/09\/chico-se-pronuncio-sobre-las-denuncias-de-palmira-salazar\/#primaryimage\"},\"image\":{\"@id\":\"https:\/\/futbolhoy.co\/index.php\/2023\/07\/09\/chico-se-pronuncio-sobre-las-denuncias-de-palmira-salazar\/#primaryimage\"},\"thumbnailUrl\":\"https:\/\/futbolhoy.co\/wp-content\/uploads\/2023\/07\/FycGwXuXoAAQXn1.jpg\",\"datePublished\":\"2023-07-09T22:16:12+00:00\",\"dateModified\":\"2023-07-10T13:04:02+00:00\",\"breadcrumb\":{\"@id\":\"https:\/\/futbolhoy.co\/index.php\/2023\/07\/09\/chico-se-pronuncio-sobre-las-denuncias-de-palmira-salazar\/#breadcrumb\"},\"inLanguage\":\"es\",\"potentialAction\":[{\"@type\":\"ReadAction\",\"target\":[\"https:\/\/futbolhoy.co\/index.php\/2023\/07\/09\/chico-se-pronuncio-sobre-las-denuncias-de-palmira-salazar\/\"]}]},{\"@type\":\"ImageObject\",\"inLanguage\":\"es\",\"@id\":\"https:\/\/futbolhoy.co\/index.php\/2023\/07\/09\/chico-se-pronuncio-sobre-las-denuncias-de-palmira-salazar\/#primaryimage\",\"url\":\"https:\/\/futbolhoy.co\/wp-content\/uploads\/2023\/07\/FycGwXuXoAAQXn1.jpg\",\"contentUrl\":\"https:\/\/futbolhoy.co\/wp-content\/uploads\/2023\/07\/FycGwXuXoAAQXn1.jpg\",\"width\":2048,\"height\":1536},{\"@type\":\"BreadcrumbList\",\"@id\":\"https:\/\/futbolhoy.co\/index.php\/2023\/07\/09\/chico-se-pronuncio-sobre-las-denuncias-de-palmira-salazar\/#breadcrumb\",\"itemListElement\":[{\"@type\":\"ListItem\",\"position\":1,\"name\":\"Portada\",\"item\":\"https:\/\/futbolhoy.co\/\"},{\"@type\":\"ListItem\",\"position\":2,\"name\":\"Chic\u00f3 se pronunci\u00f3 sobre las denuncias de \u2018Palmira\u2019 Salazar\"}]},{\"@type\":\"WebSite\",\"@id\":\"https:\/\/futbolhoy.co\/#website\",\"url\":\"https:\/\/futbolhoy.co\/\",\"name\":\"FutbolHoy\",\"description\":\"\",\"publisher\":{\"@id\":\"https:\/\/futbolhoy.co\/#organization\"},\"potentialAction\":[{\"@type\":\"SearchAction\",\"target\":{\"@type\":\"EntryPoint\",\"urlTemplate\":\"https:\/\/futbolhoy.co\/?s={search_term_string}\"},\"query-input\":{\"@type\":\"PropertyValueSpecification\",\"valueRequired\":true,\"valueName\":\"search_term_string\"}}],\"inLanguage\":\"es\"},{\"@type\":\"Organization\",\"@id\":\"https:\/\/futbolhoy.co\/#organization\",\"name\":\"Futbolhoy.co\",\"url\":\"https:\/\/futbolhoy.co\/\",\"logo\":{\"@type\":\"ImageObject\",\"inLanguage\":\"es\",\"@id\":\"https:\/\/futbolhoy.co\/#\/schema\/logo\/image\/\",\"url\":\"https:\/\/futbolhoy.co\/wp-content\/uploads\/2018\/08\/17426380_1906371736249227_6326180412931521141_n.jpg\",\"contentUrl\":\"https:\/\/futbolhoy.co\/wp-content\/uploads\/2018\/08\/17426380_1906371736249227_6326180412931521141_n.jpg\",\"width\":960,\"height\":960,\"caption\":\"Futbolhoy.co\"},\"image\":{\"@id\":\"https:\/\/futbolhoy.co\/#\/schema\/logo\/image\/\"},\"sameAs\":[\"https:\/\/www.facebook.com\/FutbolHoyCol\/\",\"https:\/\/x.com\/FutbolHoyCol\",\"https:\/\/www.instagram.com\/futbolhoycol\/\"]},{\"@type\":\"Person\",\"@id\":\"https:\/\/futbolhoy.co\/#\/schema\/person\/1721b69355b6623eaff15ac7b92d4cc3\",\"name\":\"contenido\",\"image\":{\"@type\":\"ImageObject\",\"inLanguage\":\"es\",\"@id\":\"https:\/\/futbolhoy.co\/#\/schema\/person\/image\/\",\"url\":\"https:\/\/secure.gravatar.com\/avatar\/4f656d3256f5134f466206e7c3941518?s=96&d=mm&r=g\",\"contentUrl\":\"https:\/\/secure.gravatar.com\/avatar\/4f656d3256f5134f466206e7c3941518?s=96&d=mm&r=g\",\"caption\":\"contenido\"}}]}<\/script>\n<!-- \/ Yoast SEO plugin. -->","yoast_head_json":{"title":"Chic\u00f3 se pronunci\u00f3 sobre las denuncias de \u2018Palmira\u2019 Salazar -","robots":{"index":"index","follow":"follow","max-snippet":"max-snippet:-1","max-image-preview":"max-image-preview:large","max-video-preview":"max-video-preview:-1"},"canonical":"https:\/\/futbolhoy.co\/index.php\/2023\/07\/09\/chico-se-pronuncio-sobre-las-denuncias-de-palmira-salazar\/","og_locale":"es_ES","og_type":"article","og_title":"Chic\u00f3 se pronunci\u00f3 sobre las denuncias de \u2018Palmira\u2019 Salazar -","og_description":"El\u00a0Boyac\u00e1 Chic\u00f3\u00a0emiti\u00f3 un comunicado oficial en torno a las declaraciones del exdelantero\u00a0N\u00e9stor \u2018Palmira\u2019 Salazar, donde acus\u00f3 a un entrenador del club de exigir el pago de 30 millones de pesos para que su hijo Juan Camilo pudiera actuar en primera divisi\u00f3n. \u201cEl\u00a0Boyac\u00e1 Chic\u00f3 F.C.,\u00a0su junta directiva, su presidente comunican a la opini\u00f3n p\u00fablica que dada [&hellip;]","og_url":"https:\/\/futbolhoy.co\/index.php\/2023\/07\/09\/chico-se-pronuncio-sobre-las-denuncias-de-palmira-salazar\/","article_publisher":"https:\/\/www.facebook.com\/FutbolHoyCol\/","article_published_time":"2023-07-09T22:16:12+00:00","article_modified_time":"2023-07-10T13:04:02+00:00","og_image":[{"width":2048,"height":1536,"url":"https:\/\/futbolhoy.co\/wp-content\/uploads\/2023\/07\/FycGwXuXoAAQXn1.jpg","type":"image\/jpeg"}],"author":"contenido","twitter_card":"summary_large_image","twitter_creator":"@FutbolHoyCol","twitter_site":"@FutbolHoyCol","twitter_misc":{"Escrito por":"contenido","Tiempo de lectura":"1 minuto"},"schema":{"@context":"https:\/\/schema.org","@graph":[{"@type":"Article","@id":"https:\/\/futbolhoy.co\/index.php\/2023\/07\/09\/chico-se-pronuncio-sobre-las-denuncias-de-palmira-salazar\/#article","isPartOf":{"@id":"https:\/\/futbolhoy.co\/index.php\/2023\/07\/09\/chico-se-pronuncio-sobre-las-denuncias-de-palmira-salazar\/"},"author":{"name":"contenido","@id":"https:\/\/futbolhoy.co\/#\/schema\/person\/1721b69355b6623eaff15ac7b92d4cc3"},"headline":"Chic\u00f3 se pronunci\u00f3 sobre las denuncias de \u2018Palmira\u2019 Salazar","datePublished":"2023-07-09T22:16:12+00:00","dateModified":"2023-07-10T13:04:02+00:00","mainEntityOfPage":{"@id":"https:\/\/futbolhoy.co\/index.php\/2023\/07\/09\/chico-se-pronuncio-sobre-las-denuncias-de-palmira-salazar\/"},"wordCount":279,"commentCount":0,"publisher":{"@id":"https:\/\/futbolhoy.co\/#organization"},"image":{"@id":"https:\/\/futbolhoy.co\/index.php\/2023\/07\/09\/chico-se-pronuncio-sobre-las-denuncias-de-palmira-salazar\/#primaryimage"},"thumbnailUrl":"https:\/\/futbolhoy.co\/wp-content\/uploads\/2023\/07\/FycGwXuXoAAQXn1.jpg","articleSection":["Liga BetPlay"],"inLanguage":"es","potentialAction":[{"@type":"CommentAction","name":"Comment","target":["https:\/\/futbolhoy.co\/index.php\/2023\/07\/09\/chico-se-pronuncio-sobre-las-denuncias-de-palmira-salazar\/#respond"]}]},{"@type":"WebPage","@id":"https:\/\/futbolhoy.co\/index.php\/2023\/07\/09\/chico-se-pronuncio-sobre-las-denuncias-de-palmira-salazar\/","url":"https:\/\/futbolhoy.co\/index.php\/2023\/07\/09\/chico-se-pronuncio-sobre-las-denuncias-de-palmira-salazar\/","name":"Chic\u00f3 se pronunci\u00f3 sobre las denuncias de \u2018Palmira\u2019 Salazar -","isPartOf":{"@id":"https:\/\/futbolhoy.co\/#website"},"primaryImageOfPage":{"@id":"https:\/\/futbolhoy.co\/index.php\/2023\/07\/09\/chico-se-pronuncio-sobre-las-denuncias-de-palmira-salazar\/#primaryimage"},"image":{"@id":"https:\/\/futbolhoy.co\/index.php\/2023\/07\/09\/chico-se-pronuncio-sobre-las-denuncias-de-palmira-salazar\/#primaryimage"},"thumbnailUrl":"https:\/\/futbolhoy.co\/wp-content\/uploads\/2023\/07\/FycGwXuXoAAQXn1.jpg","datePublished":"2023-07-09T22:16:12+00:00","dateModified":"2023-07-10T13:04:02+00:00","breadcrumb":{"@id":"https:\/\/futbolhoy.co\/index.php\/2023\/07\/09\/chico-se-pronuncio-sobre-las-denuncias-de-palmira-salazar\/#breadcrumb"},"inLanguage":"es","potentialAction":[{"@type":"ReadAction","target":["https:\/\/futbolhoy.co\/index.php\/2023\/07\/09\/chico-se-pronuncio-sobre-las-denuncias-de-palmira-salazar\/"]}]},{"@type":"ImageObject","inLanguage":"es","@id":"https:\/\/futbolhoy.co\/index.php\/2023\/07\/09\/chico-se-pronuncio-sobre-las-denuncias-de-palmira-salazar\/#primaryimage","url":"https:\/\/futbolhoy.co\/wp-content\/uploads\/2023\/07\/FycGwXuXoAAQXn1.jpg","contentUrl":"https:\/\/futbolhoy.co\/wp-content\/uploads\/2023\/07\/FycGwXuXoAAQXn1.jpg","width":2048,"height":1536},{"@type":"BreadcrumbList","@id":"https:\/\/futbolhoy.co\/index.php\/2023\/07\/09\/chico-se-pronuncio-sobre-las-denuncias-de-palmira-salazar\/#breadcrumb","itemListElement":[{"@type":"ListItem","position":1,"name":"Portada","item":"https:\/\/futbolhoy.co\/"},{"@type":"ListItem","position":2,"name":"Chic\u00f3 se pronunci\u00f3 sobre las denuncias de \u2018Palmira\u2019 Salazar"}]},{"@type":"WebSite","@id":"https:\/\/futbolhoy.co\/#website","url":"https:\/\/futbolhoy.co\/","name":"FutbolHoy","description":"","publisher":{"@id":"https:\/\/futbolhoy.co\/#organization"},"potentialAction":[{"@type":"SearchAction","target":{"@type":"EntryPoint","urlTemplate":"https:\/\/futbolhoy.co\/?s={search_term_string}"},"query-input":{"@type":"PropertyValueSpecification","valueRequired":true,"valueName":"search_term_string"}}],"inLanguage":"es"},{"@type":"Organization","@id":"https:\/\/futbolhoy.co\/#organization","name":"Futbolhoy.co","url":"https:\/\/futbolhoy.co\/","logo":{"@type":"ImageObject","inLanguage":"es","@id":"https:\/\/futbolhoy.co\/#\/schema\/logo\/image\/","url":"https:\/\/futbolhoy.co\/wp-content\/uploads\/2018\/08\/17426380_1906371736249227_6326180412931521141_n.jpg","contentUrl":"https:\/\/futbolhoy.co\/wp-content\/uploads\/2018\/08\/17426380_1906371736249227_6326180412931521141_n.jpg","width":960,"height":960,"caption":"Futbolhoy.co"},"image":{"@id":"https:\/\/futbolhoy.co\/#\/schema\/logo\/image\/"},"sameAs":["https:\/\/www.facebook.com\/FutbolHoyCol\/","https:\/\/x.com\/FutbolHoyCol","https:\/\/www.instagram.com\/futbolhoycol\/"]},{"@type":"Person","@id":"https:\/\/futbolhoy.co\/#\/schema\/person\/1721b69355b6623eaff15ac7b92d4cc3","name":"contenido","image":{"@type":"ImageObject","inLanguage":"es","@id":"https:\/\/futbolhoy.co\/#\/schema\/person\/image\/","url":"https:\/\/secure.gravatar.com\/avatar\/4f656d3256f5134f466206e7c3941518?s=96&d=mm&r=g","contentUrl":"https:\/\/secure.gravatar.com\/avatar\/4f656d3256f5134f466206e7c3941518?s=96&d=mm&r=g","caption":"contenido"}}]}},"publishpress_future_action":{"enabled":false,"date":"2026-05-06 01:44:04","action":"change-status","newStatus":"draft","terms":[],"taxonomy":"category","extraData":[]},"publishpress_future_workflow_manual_trigger":{"enabledWorkflows":[]},"_links":{"self":[{"href":"https:\/\/futbolhoy.co\/index.php\/wp-json\/wp\/v2\/posts\/96923","targetHints":{"allow":["GET"]}}],"collection":[{"href":"https:\/\/futbolhoy.co\/index.php\/wp-json\/wp\/v2\/posts"}],"about":[{"href":"https:\/\/futbolhoy.co\/index.php\/wp-json\/wp\/v2\/types\/post"}],"author":[{"embeddable":true,"href":"https:\/\/futbolhoy.co\/index.php\/wp-json\/wp\/v2\/users\/4"}],"replies":[{"embeddable":true,"href":"https:\/\/futbolhoy.co\/index.php\/wp-json\/wp\/v2\/comments?post=96923"}],"version-history":[{"count":1,"href":"https:\/\/futbolhoy.co\/index.php\/wp-json\/wp\/v2\/posts\/96923\/revisions"}],"predecessor-version":[{"id":96925,"href":"https:\/\/futbolhoy.co\/index.php\/wp-json\/wp\/v2\/posts\/96923\/revisions\/96925"}],"wp:featuredmedia":[{"embeddable":true,"href":"https:\/\/futbolhoy.co\/index.php\/wp-json\/wp\/v2\/media\/96924"}],"wp:attachment":[{"href":"https:\/\/futbolhoy.co\/index.php\/wp-json\/wp\/v2\/media?parent=96923"}],"wp:term":[{"taxonomy":"category","embeddable":true,"href":"https:\/\/futbolhoy.co\/index.php\/wp-json\/wp\/v2\/categories?post=96923"},{"taxonomy":"post_tag","embeddable":true,"href":"https:\/\/futbolhoy.co\/index.php\/wp-json\/wp\/v2\/tags?post=96923"}],"curies":[{"name":"wp","href":"https:\/\/api.w.org\/{rel}","templated":true}]}}