{"id":96934,"date":"2023-07-09T18:59:13","date_gmt":"2023-07-09T23:59:13","guid":{"rendered":"https:\/\/futbolhoy.co\/?p=96934"},"modified":"2023-07-10T17:11:10","modified_gmt":"2023-07-10T22:11:10","slug":"mbappe-debe-irse-por-el-bien-del-psg-leonardo","status":"publish","type":"post","link":"https:\/\/futbolhoy.co\/index.php\/2023\/07\/09\/mbappe-debe-irse-por-el-bien-del-psg-leonardo\/","title":{"rendered":"Mbapp\u00e9 debe irse por el bien del PSG: Leonardo"},"content":{"rendered":"<p class=\"x_ydpe1e64081MsoNormal\" style=\"text-align: justify;\"><span lang=\"ES-MX\" style=\"font-family: helvetica, arial, sans-serif;\">El exdirector deportivo del <b>Paris Saint Germain, el brasile\u00f1o Leonardo<\/b>, asegur\u00f3 que, por el bien del club, su m\u00e1xima estrella, el franc\u00e9s\u00a0<b>Kylian Mbapp\u00e9<\/b>, deber\u00eda marcharse de inmediato.<\/span><\/p>\n<p class=\"x_ydpe1e64081MsoNormal\" style=\"text-align: justify;\"><span lang=\"ES-MX\" style=\"font-family: helvetica, arial, sans-serif;\">\"Por el bien del\u00a0<b>PSG<\/b>, creo que ha llegado el momento de que Mbapp\u00e9 se vaya, pase lo que pase. El Paris Saint-Germain exist\u00eda antes de Kylian Mbapp\u00e9 y existir\u00e1 despu\u00e9s de \u00e9l. Lleva seis a\u00f1os en\u00a0<b>Par\u00eds<\/b>\u00a0y, en esas seis temporadas, cinco clubes diferentes han ganado la\u00a0<b>Champions League: Real Madrid en 2018 y 2022<\/b>,\u00a0<b>Liverpool en 2019, Bayern M\u00fanich en 2020, Chelsea en 2021 y Manchester City en 2023<\/b>. Ninguno de los cuales contaba con Mbapp\u00e9 en sus filas. Eso significa que es totalmente posible ganar esta competici\u00f3n sin \u00e9l\", declar\u00f3 Leonardo en entrevista al diario deportivo\u00a0<b>L\u2019\u00c9quipe<\/b>.<\/span><\/p>\n<p class=\"x_ydpe1e64081MsoNormal\" style=\"text-align: justify;\"><span lang=\"ES-MX\" style=\"font-family: helvetica, arial, sans-serif;\">El brasile\u00f1o agreg\u00f3: \"Debido a su comportamiento en los dos \u00faltimos a\u00f1os, Mbapp\u00e9 ha demostrado que todav\u00eda no es un jugador capaz de guiar realmente a un equipo. Es un gran jugador, pero no un l\u00edder. Es un gran goleador, no un creador de juego. Es dif\u00edcil construir un equipo a su alrededor\".<\/span><\/p>\n<p class=\"x_ydpe1e64081MsoNormal\" style=\"text-align: justify;\"><span lang=\"ES-MX\" style=\"font-family: helvetica, arial, sans-serif;\">Las declaraciones de Leonardo se dan en medio de las pol\u00e9micas surgidas en torno al jugador, quien no quiere renovar su contrato con el club de la\u00a0<b>Ciudad Luz<\/b>, el cual\u00a0<b>vence en junio de 2024.<\/b><\/span><\/p>\n<p class=\"x_ydpe1e64081MsoNormal\" style=\"text-align: justify;\"><span lang=\"ES-MX\" style=\"font-family: helvetica, arial, sans-serif;\">Sin embargo, los dirigentes del club parisino han mostrado su inconformismo ante la postura del atacante y se niegan a que se marche gratis la pr\u00f3xima temporada, por lo que quieren \u2018obligarlo\u2019 a renovar su v\u00ednculo.<\/span><\/p>\n","protected":false},"excerpt":{"rendered":"<p>El exdirector deportivo del Paris Saint Germain, el brasile\u00f1o Leonardo, asegur\u00f3 que, por el bien del club, su m\u00e1xima estrella, el franc\u00e9s\u00a0Kylian Mbapp\u00e9, deber\u00eda marcharse de inmediato. \"Por el bien del\u00a0PSG, creo que ha llegado el momento de que Mbapp\u00e9 se vaya, pase lo que pase. El Paris Saint-Germain exist\u00eda antes de Kylian Mbapp\u00e9 y [&hellip;]<\/p>\n","protected":false},"author":4,"featured_media":34496,"comment_status":"open","ping_status":"open","sticky":false,"template":"","format":"standard","meta":{"_acf_changed":false,"footnotes":""},"categories":[152],"tags":[],"class_list":{"0":"post-96934","1":"post","2":"type-post","3":"status-publish","4":"format-standard","5":"has-post-thumbnail","7":"category-mundo-futbol"},"acf":[],"yoast_head":"<!-- This site is optimized with the Yoast SEO plugin v26.8 - https:\/\/yoast.com\/product\/yoast-seo-wordpress\/ -->\n<title>Mbapp\u00e9 debe irse por el bien del PSG: Leonardo -<\/title>\n<meta name=\"robots\" content=\"index, follow, max-snippet:-1, max-image-preview:large, max-video-preview:-1\" \/>\n<link rel=\"canonical\" href=\"https:\/\/futbolhoy.co\/index.php\/2023\/07\/09\/mbappe-debe-irse-por-el-bien-del-psg-leonardo\/\" \/>\n<meta property=\"og:locale\" content=\"es_ES\" \/>\n<meta property=\"og:type\" content=\"article\" \/>\n<meta property=\"og:title\" content=\"Mbapp\u00e9 debe irse por el bien del PSG: Leonardo -\" \/>\n<meta property=\"og:description\" content=\"El exdirector deportivo del Paris Saint Germain, el brasile\u00f1o Leonardo, asegur\u00f3 que, por el bien del club, su m\u00e1xima estrella, el franc\u00e9s\u00a0Kylian Mbapp\u00e9, deber\u00eda marcharse de inmediato. &quot;Por el bien del\u00a0PSG, creo que ha llegado el momento de que Mbapp\u00e9 se vaya, pase lo que pase. El Paris Saint-Germain exist\u00eda antes de Kylian Mbapp\u00e9 y [&hellip;]\" \/>\n<meta property=\"og:url\" content=\"https:\/\/futbolhoy.co\/index.php\/2023\/07\/09\/mbappe-debe-irse-por-el-bien-del-psg-leonardo\/\" \/>\n<meta property=\"article:publisher\" content=\"https:\/\/www.facebook.com\/FutbolHoyCol\/\" \/>\n<meta property=\"article:published_time\" content=\"2023-07-09T23:59:13+00:00\" \/>\n<meta property=\"article:modified_time\" content=\"2023-07-10T22:11:10+00:00\" \/>\n<meta property=\"og:image\" content=\"https:\/\/futbolhoy.co\/wp-content\/uploads\/2019\/04\/Mbappe1.jpg\" \/>\n\t<meta property=\"og:image:width\" content=\"1069\" \/>\n\t<meta property=\"og:image:height\" content=\"1200\" \/>\n\t<meta property=\"og:image:type\" content=\"image\/jpeg\" \/>\n<meta name=\"author\" content=\"contenido\" \/>\n<meta name=\"twitter:card\" content=\"summary_large_image\" \/>\n<meta name=\"twitter:creator\" content=\"@FutbolHoyCol\" \/>\n<meta name=\"twitter:site\" content=\"@FutbolHoyCol\" \/>\n<meta name=\"twitter:label1\" content=\"Escrito por\" \/>\n\t<meta name=\"twitter:data1\" content=\"contenido\" \/>\n\t<meta name=\"twitter:label2\" content=\"Tiempo de lectura\" \/>\n\t<meta name=\"twitter:data2\" content=\"1 minuto\" \/>\n<script type=\"application\/ld+json\" class=\"yoast-schema-graph\">{\"@context\":\"https:\/\/schema.org\",\"@graph\":[{\"@type\":\"Article\",\"@id\":\"https:\/\/futbolhoy.co\/index.php\/2023\/07\/09\/mbappe-debe-irse-por-el-bien-del-psg-leonardo\/#article\",\"isPartOf\":{\"@id\":\"https:\/\/futbolhoy.co\/index.php\/2023\/07\/09\/mbappe-debe-irse-por-el-bien-del-psg-leonardo\/\"},\"author\":{\"name\":\"contenido\",\"@id\":\"https:\/\/futbolhoy.co\/#\/schema\/person\/1721b69355b6623eaff15ac7b92d4cc3\"},\"headline\":\"Mbapp\u00e9 debe irse por el bien del PSG: Leonardo\",\"datePublished\":\"2023-07-09T23:59:13+00:00\",\"dateModified\":\"2023-07-10T22:11:10+00:00\",\"mainEntityOfPage\":{\"@id\":\"https:\/\/futbolhoy.co\/index.php\/2023\/07\/09\/mbappe-debe-irse-por-el-bien-del-psg-leonardo\/\"},\"wordCount\":275,\"commentCount\":0,\"publisher\":{\"@id\":\"https:\/\/futbolhoy.co\/#organization\"},\"image\":{\"@id\":\"https:\/\/futbolhoy.co\/index.php\/2023\/07\/09\/mbappe-debe-irse-por-el-bien-del-psg-leonardo\/#primaryimage\"},\"thumbnailUrl\":\"https:\/\/futbolhoy.co\/wp-content\/uploads\/2019\/04\/Mbappe1.jpg\",\"articleSection\":[\"Mundo Futbol\"],\"inLanguage\":\"es\",\"potentialAction\":[{\"@type\":\"CommentAction\",\"name\":\"Comment\",\"target\":[\"https:\/\/futbolhoy.co\/index.php\/2023\/07\/09\/mbappe-debe-irse-por-el-bien-del-psg-leonardo\/#respond\"]}]},{\"@type\":\"WebPage\",\"@id\":\"https:\/\/futbolhoy.co\/index.php\/2023\/07\/09\/mbappe-debe-irse-por-el-bien-del-psg-leonardo\/\",\"url\":\"https:\/\/futbolhoy.co\/index.php\/2023\/07\/09\/mbappe-debe-irse-por-el-bien-del-psg-leonardo\/\",\"name\":\"Mbapp\u00e9 debe irse por el bien del PSG: Leonardo -\",\"isPartOf\":{\"@id\":\"https:\/\/futbolhoy.co\/#website\"},\"primaryImageOfPage\":{\"@id\":\"https:\/\/futbolhoy.co\/index.php\/2023\/07\/09\/mbappe-debe-irse-por-el-bien-del-psg-leonardo\/#primaryimage\"},\"image\":{\"@id\":\"https:\/\/futbolhoy.co\/index.php\/2023\/07\/09\/mbappe-debe-irse-por-el-bien-del-psg-leonardo\/#primaryimage\"},\"thumbnailUrl\":\"https:\/\/futbolhoy.co\/wp-content\/uploads\/2019\/04\/Mbappe1.jpg\",\"datePublished\":\"2023-07-09T23:59:13+00:00\",\"dateModified\":\"2023-07-10T22:11:10+00:00\",\"breadcrumb\":{\"@id\":\"https:\/\/futbolhoy.co\/index.php\/2023\/07\/09\/mbappe-debe-irse-por-el-bien-del-psg-leonardo\/#breadcrumb\"},\"inLanguage\":\"es\",\"potentialAction\":[{\"@type\":\"ReadAction\",\"target\":[\"https:\/\/futbolhoy.co\/index.php\/2023\/07\/09\/mbappe-debe-irse-por-el-bien-del-psg-leonardo\/\"]}]},{\"@type\":\"ImageObject\",\"inLanguage\":\"es\",\"@id\":\"https:\/\/futbolhoy.co\/index.php\/2023\/07\/09\/mbappe-debe-irse-por-el-bien-del-psg-leonardo\/#primaryimage\",\"url\":\"https:\/\/futbolhoy.co\/wp-content\/uploads\/2019\/04\/Mbappe1.jpg\",\"contentUrl\":\"https:\/\/futbolhoy.co\/wp-content\/uploads\/2019\/04\/Mbappe1.jpg\",\"width\":1069,\"height\":1200,\"caption\":\"@PSG_inside\"},{\"@type\":\"BreadcrumbList\",\"@id\":\"https:\/\/futbolhoy.co\/index.php\/2023\/07\/09\/mbappe-debe-irse-por-el-bien-del-psg-leonardo\/#breadcrumb\",\"itemListElement\":[{\"@type\":\"ListItem\",\"position\":1,\"name\":\"Portada\",\"item\":\"https:\/\/futbolhoy.co\/\"},{\"@type\":\"ListItem\",\"position\":2,\"name\":\"Mbapp\u00e9 debe irse por el bien del PSG: Leonardo\"}]},{\"@type\":\"WebSite\",\"@id\":\"https:\/\/futbolhoy.co\/#website\",\"url\":\"https:\/\/futbolhoy.co\/\",\"name\":\"FutbolHoy\",\"description\":\"\",\"publisher\":{\"@id\":\"https:\/\/futbolhoy.co\/#organization\"},\"potentialAction\":[{\"@type\":\"SearchAction\",\"target\":{\"@type\":\"EntryPoint\",\"urlTemplate\":\"https:\/\/futbolhoy.co\/?s={search_term_string}\"},\"query-input\":{\"@type\":\"PropertyValueSpecification\",\"valueRequired\":true,\"valueName\":\"search_term_string\"}}],\"inLanguage\":\"es\"},{\"@type\":\"Organization\",\"@id\":\"https:\/\/futbolhoy.co\/#organization\",\"name\":\"Futbolhoy.co\",\"url\":\"https:\/\/futbolhoy.co\/\",\"logo\":{\"@type\":\"ImageObject\",\"inLanguage\":\"es\",\"@id\":\"https:\/\/futbolhoy.co\/#\/schema\/logo\/image\/\",\"url\":\"https:\/\/futbolhoy.co\/wp-content\/uploads\/2018\/08\/17426380_1906371736249227_6326180412931521141_n.jpg\",\"contentUrl\":\"https:\/\/futbolhoy.co\/wp-content\/uploads\/2018\/08\/17426380_1906371736249227_6326180412931521141_n.jpg\",\"width\":960,\"height\":960,\"caption\":\"Futbolhoy.co\"},\"image\":{\"@id\":\"https:\/\/futbolhoy.co\/#\/schema\/logo\/image\/\"},\"sameAs\":[\"https:\/\/www.facebook.com\/FutbolHoyCol\/\",\"https:\/\/x.com\/FutbolHoyCol\",\"https:\/\/www.instagram.com\/futbolhoycol\/\"]},{\"@type\":\"Person\",\"@id\":\"https:\/\/futbolhoy.co\/#\/schema\/person\/1721b69355b6623eaff15ac7b92d4cc3\",\"name\":\"contenido\",\"image\":{\"@type\":\"ImageObject\",\"inLanguage\":\"es\",\"@id\":\"https:\/\/futbolhoy.co\/#\/schema\/person\/image\/\",\"url\":\"https:\/\/secure.gravatar.com\/avatar\/4f656d3256f5134f466206e7c3941518?s=96&d=mm&r=g\",\"contentUrl\":\"https:\/\/secure.gravatar.com\/avatar\/4f656d3256f5134f466206e7c3941518?s=96&d=mm&r=g\",\"caption\":\"contenido\"}}]}<\/script>\n<!-- \/ Yoast SEO plugin. -->","yoast_head_json":{"title":"Mbapp\u00e9 debe irse por el bien del PSG: Leonardo -","robots":{"index":"index","follow":"follow","max-snippet":"max-snippet:-1","max-image-preview":"max-image-preview:large","max-video-preview":"max-video-preview:-1"},"canonical":"https:\/\/futbolhoy.co\/index.php\/2023\/07\/09\/mbappe-debe-irse-por-el-bien-del-psg-leonardo\/","og_locale":"es_ES","og_type":"article","og_title":"Mbapp\u00e9 debe irse por el bien del PSG: Leonardo -","og_description":"El exdirector deportivo del Paris Saint Germain, el brasile\u00f1o Leonardo, asegur\u00f3 que, por el bien del club, su m\u00e1xima estrella, el franc\u00e9s\u00a0Kylian Mbapp\u00e9, deber\u00eda marcharse de inmediato. \"Por el bien del\u00a0PSG, creo que ha llegado el momento de que Mbapp\u00e9 se vaya, pase lo que pase. El Paris Saint-Germain exist\u00eda antes de Kylian Mbapp\u00e9 y [&hellip;]","og_url":"https:\/\/futbolhoy.co\/index.php\/2023\/07\/09\/mbappe-debe-irse-por-el-bien-del-psg-leonardo\/","article_publisher":"https:\/\/www.facebook.com\/FutbolHoyCol\/","article_published_time":"2023-07-09T23:59:13+00:00","article_modified_time":"2023-07-10T22:11:10+00:00","og_image":[{"width":1069,"height":1200,"url":"https:\/\/futbolhoy.co\/wp-content\/uploads\/2019\/04\/Mbappe1.jpg","type":"image\/jpeg"}],"author":"contenido","twitter_card":"summary_large_image","twitter_creator":"@FutbolHoyCol","twitter_site":"@FutbolHoyCol","twitter_misc":{"Escrito por":"contenido","Tiempo de lectura":"1 minuto"},"schema":{"@context":"https:\/\/schema.org","@graph":[{"@type":"Article","@id":"https:\/\/futbolhoy.co\/index.php\/2023\/07\/09\/mbappe-debe-irse-por-el-bien-del-psg-leonardo\/#article","isPartOf":{"@id":"https:\/\/futbolhoy.co\/index.php\/2023\/07\/09\/mbappe-debe-irse-por-el-bien-del-psg-leonardo\/"},"author":{"name":"contenido","@id":"https:\/\/futbolhoy.co\/#\/schema\/person\/1721b69355b6623eaff15ac7b92d4cc3"},"headline":"Mbapp\u00e9 debe irse por el bien del PSG: Leonardo","datePublished":"2023-07-09T23:59:13+00:00","dateModified":"2023-07-10T22:11:10+00:00","mainEntityOfPage":{"@id":"https:\/\/futbolhoy.co\/index.php\/2023\/07\/09\/mbappe-debe-irse-por-el-bien-del-psg-leonardo\/"},"wordCount":275,"commentCount":0,"publisher":{"@id":"https:\/\/futbolhoy.co\/#organization"},"image":{"@id":"https:\/\/futbolhoy.co\/index.php\/2023\/07\/09\/mbappe-debe-irse-por-el-bien-del-psg-leonardo\/#primaryimage"},"thumbnailUrl":"https:\/\/futbolhoy.co\/wp-content\/uploads\/2019\/04\/Mbappe1.jpg","articleSection":["Mundo Futbol"],"inLanguage":"es","potentialAction":[{"@type":"CommentAction","name":"Comment","target":["https:\/\/futbolhoy.co\/index.php\/2023\/07\/09\/mbappe-debe-irse-por-el-bien-del-psg-leonardo\/#respond"]}]},{"@type":"WebPage","@id":"https:\/\/futbolhoy.co\/index.php\/2023\/07\/09\/mbappe-debe-irse-por-el-bien-del-psg-leonardo\/","url":"https:\/\/futbolhoy.co\/index.php\/2023\/07\/09\/mbappe-debe-irse-por-el-bien-del-psg-leonardo\/","name":"Mbapp\u00e9 debe irse por el bien del PSG: Leonardo -","isPartOf":{"@id":"https:\/\/futbolhoy.co\/#website"},"primaryImageOfPage":{"@id":"https:\/\/futbolhoy.co\/index.php\/2023\/07\/09\/mbappe-debe-irse-por-el-bien-del-psg-leonardo\/#primaryimage"},"image":{"@id":"https:\/\/futbolhoy.co\/index.php\/2023\/07\/09\/mbappe-debe-irse-por-el-bien-del-psg-leonardo\/#primaryimage"},"thumbnailUrl":"https:\/\/futbolhoy.co\/wp-content\/uploads\/2019\/04\/Mbappe1.jpg","datePublished":"2023-07-09T23:59:13+00:00","dateModified":"2023-07-10T22:11:10+00:00","breadcrumb":{"@id":"https:\/\/futbolhoy.co\/index.php\/2023\/07\/09\/mbappe-debe-irse-por-el-bien-del-psg-leonardo\/#breadcrumb"},"inLanguage":"es","potentialAction":[{"@type":"ReadAction","target":["https:\/\/futbolhoy.co\/index.php\/2023\/07\/09\/mbappe-debe-irse-por-el-bien-del-psg-leonardo\/"]}]},{"@type":"ImageObject","inLanguage":"es","@id":"https:\/\/futbolhoy.co\/index.php\/2023\/07\/09\/mbappe-debe-irse-por-el-bien-del-psg-leonardo\/#primaryimage","url":"https:\/\/futbolhoy.co\/wp-content\/uploads\/2019\/04\/Mbappe1.jpg","contentUrl":"https:\/\/futbolhoy.co\/wp-content\/uploads\/2019\/04\/Mbappe1.jpg","width":1069,"height":1200,"caption":"@PSG_inside"},{"@type":"BreadcrumbList","@id":"https:\/\/futbolhoy.co\/index.php\/2023\/07\/09\/mbappe-debe-irse-por-el-bien-del-psg-leonardo\/#breadcrumb","itemListElement":[{"@type":"ListItem","position":1,"name":"Portada","item":"https:\/\/futbolhoy.co\/"},{"@type":"ListItem","position":2,"name":"Mbapp\u00e9 debe irse por el bien del PSG: Leonardo"}]},{"@type":"WebSite","@id":"https:\/\/futbolhoy.co\/#website","url":"https:\/\/futbolhoy.co\/","name":"FutbolHoy","description":"","publisher":{"@id":"https:\/\/futbolhoy.co\/#organization"},"potentialAction":[{"@type":"SearchAction","target":{"@type":"EntryPoint","urlTemplate":"https:\/\/futbolhoy.co\/?s={search_term_string}"},"query-input":{"@type":"PropertyValueSpecification","valueRequired":true,"valueName":"search_term_string"}}],"inLanguage":"es"},{"@type":"Organization","@id":"https:\/\/futbolhoy.co\/#organization","name":"Futbolhoy.co","url":"https:\/\/futbolhoy.co\/","logo":{"@type":"ImageObject","inLanguage":"es","@id":"https:\/\/futbolhoy.co\/#\/schema\/logo\/image\/","url":"https:\/\/futbolhoy.co\/wp-content\/uploads\/2018\/08\/17426380_1906371736249227_6326180412931521141_n.jpg","contentUrl":"https:\/\/futbolhoy.co\/wp-content\/uploads\/2018\/08\/17426380_1906371736249227_6326180412931521141_n.jpg","width":960,"height":960,"caption":"Futbolhoy.co"},"image":{"@id":"https:\/\/futbolhoy.co\/#\/schema\/logo\/image\/"},"sameAs":["https:\/\/www.facebook.com\/FutbolHoyCol\/","https:\/\/x.com\/FutbolHoyCol","https:\/\/www.instagram.com\/futbolhoycol\/"]},{"@type":"Person","@id":"https:\/\/futbolhoy.co\/#\/schema\/person\/1721b69355b6623eaff15ac7b92d4cc3","name":"contenido","image":{"@type":"ImageObject","inLanguage":"es","@id":"https:\/\/futbolhoy.co\/#\/schema\/person\/image\/","url":"https:\/\/secure.gravatar.com\/avatar\/4f656d3256f5134f466206e7c3941518?s=96&d=mm&r=g","contentUrl":"https:\/\/secure.gravatar.com\/avatar\/4f656d3256f5134f466206e7c3941518?s=96&d=mm&r=g","caption":"contenido"}}]}},"publishpress_future_action":{"enabled":false,"date":"2026-05-05 22:52:57","action":"change-status","newStatus":"draft","terms":[],"taxonomy":"category","extraData":[]},"publishpress_future_workflow_manual_trigger":{"enabledWorkflows":[]},"_links":{"self":[{"href":"https:\/\/futbolhoy.co\/index.php\/wp-json\/wp\/v2\/posts\/96934","targetHints":{"allow":["GET"]}}],"collection":[{"href":"https:\/\/futbolhoy.co\/index.php\/wp-json\/wp\/v2\/posts"}],"about":[{"href":"https:\/\/futbolhoy.co\/index.php\/wp-json\/wp\/v2\/types\/post"}],"author":[{"embeddable":true,"href":"https:\/\/futbolhoy.co\/index.php\/wp-json\/wp\/v2\/users\/4"}],"replies":[{"embeddable":true,"href":"https:\/\/futbolhoy.co\/index.php\/wp-json\/wp\/v2\/comments?post=96934"}],"version-history":[{"count":2,"href":"https:\/\/futbolhoy.co\/index.php\/wp-json\/wp\/v2\/posts\/96934\/revisions"}],"predecessor-version":[{"id":96936,"href":"https:\/\/futbolhoy.co\/index.php\/wp-json\/wp\/v2\/posts\/96934\/revisions\/96936"}],"wp:featuredmedia":[{"embeddable":true,"href":"https:\/\/futbolhoy.co\/index.php\/wp-json\/wp\/v2\/media\/34496"}],"wp:attachment":[{"href":"https:\/\/futbolhoy.co\/index.php\/wp-json\/wp\/v2\/media?parent=96934"}],"wp:term":[{"taxonomy":"category","embeddable":true,"href":"https:\/\/futbolhoy.co\/index.php\/wp-json\/wp\/v2\/categories?post=96934"},{"taxonomy":"post_tag","embeddable":true,"href":"https:\/\/futbolhoy.co\/index.php\/wp-json\/wp\/v2\/tags?post=96934"}],"curies":[{"name":"wp","href":"https:\/\/api.w.org\/{rel}","templated":true}]}}