{"id":96943,"date":"2023-07-10T09:32:54","date_gmt":"2023-07-10T14:32:54","guid":{"rendered":"https:\/\/futbolhoy.co\/?p=96943"},"modified":"2023-07-10T22:15:36","modified_gmt":"2023-07-11T03:15:36","slug":"edwin-cardona-podria-regresar-a-la-liga-colombiana","status":"publish","type":"post","link":"https:\/\/futbolhoy.co\/index.php\/2023\/07\/10\/edwin-cardona-podria-regresar-a-la-liga-colombiana\/","title":{"rendered":"Edwin Cardona podr\u00eda regresar a la Liga Colombiana"},"content":{"rendered":"<p style=\"font-weight: 400; text-align: justify;\"><span style=\"font-family: helvetica, arial, sans-serif;\"><span style=\"font-weight: 400;\">El mercado de fichajes de la <\/span><b>Liga<\/b> <b>Colombiana<\/b><span style=\"font-weight: 400;\"> sigue dando de qu\u00e9 hablar y ahora en fichaje estrella del <\/span><b>Am\u00e9rica<\/b><span style=\"font-weight: 400;\"> de Cali llegar\u00eda desde <\/span><b>Argentina<\/b><span style=\"font-weight: 400;\">, con la posible incorporaci\u00f3n de <\/span><b>Edwin<\/b> <b>Cardona<\/b><span style=\"font-weight: 400;\"> al cuadro escarlata.\u00a0<\/span><\/span><\/p>\n<p style=\"font-weight: 400; text-align: justify;\"><span style=\"font-family: helvetica, arial, sans-serif;\"><span style=\"font-weight: 400;\">Mucho se ha especulado sobre el futuro de Cardona, tras su inminente salida de <\/span><b>Racing<\/b> <b>de<\/b> <b>Avellaneda<\/b><span style=\"font-weight: 400;\">. Si bien el colombiano tendr\u00eda ofertas en <\/span><b>Arabia<\/b> <b>Saudita<\/b><span style=\"font-weight: 400;\">, en las \u00faltimas horas se conoci\u00f3 la posibilidad de regresar a la Liga Colombiana con el <\/span><b>Am\u00e9rica<\/b><span style=\"font-weight: 400;\">, aunque el jugador habr\u00eda exigido algunas cosas.\u00a0<\/span><\/span><\/p>\n<p style=\"font-weight: 400; text-align: justify;\"><span style=\"font-family: helvetica, arial, sans-serif;\"><span style=\"font-weight: 400;\">En primer lugar, <\/span><b>Cardona<\/b><span style=\"font-weight: 400;\"> busca continuidad, por lo que ser <\/span><b>titular<\/b><span style=\"font-weight: 400;\"> es indispensable para recuperar el tiempo que ha perdido en Argentina, donde ha tenido pocos minutos.\u00a0<\/span><\/span><\/p>\n<p style=\"font-weight: 400; text-align: justify;\"><span style=\"font-family: helvetica, arial, sans-serif;\"><span style=\"font-weight: 400;\">As\u00ed mismo, el colombiano quiere que el tr\u00e1mite se haga de forma r\u00e1pida, por lo que ser\u00eda el mediador para llegar cedido al Am\u00e9rica, con un salario mucho m\u00e1s bajo de lo que incluso le ofrecieron en Arabia, todo por tener continuidad y, sobre todo, estar cerca de su <\/span><b>familia<\/b><span style=\"font-weight: 400;\">.\u00a0<\/span><\/span><\/p>\n<p style=\"font-weight: 400; text-align: justify;\"><span style=\"font-family: helvetica, arial, sans-serif;\"><span style=\"font-weight: 400;\">De tal forma que Cardona quiere venir a <\/span><b>Colombia<\/b><span style=\"font-weight: 400;\">, sobre todo, pensando en la posibilidad de ser m\u00e1s protagonista y as\u00ed llamar la atenci\u00f3n de la <\/span><b>Selecci\u00f3n<\/b><span style=\"font-weight: 400;\"> de <\/span><b>N\u00e9stor Lorenzo.\u00a0<\/b><\/span><\/p>\n","protected":false},"excerpt":{"rendered":"<p>El mercado de fichajes de la Liga Colombiana sigue dando de qu\u00e9 hablar y ahora en fichaje estrella del Am\u00e9rica de Cali llegar\u00eda desde Argentina, con la posible incorporaci\u00f3n de Edwin Cardona al cuadro escarlata.\u00a0 Mucho se ha especulado sobre el futuro de Cardona, tras su inminente salida de Racing de Avellaneda. Si bien el [&hellip;]<\/p>\n","protected":false},"author":4,"featured_media":96944,"comment_status":"open","ping_status":"open","sticky":false,"template":"","format":"standard","meta":{"_acf_changed":false,"footnotes":""},"categories":[7],"tags":[],"class_list":{"0":"post-96943","1":"post","2":"type-post","3":"status-publish","4":"format-standard","5":"has-post-thumbnail","7":"category-liga-betplay"},"acf":[],"yoast_head":"<!-- This site is optimized with the Yoast SEO plugin v26.8 - https:\/\/yoast.com\/product\/yoast-seo-wordpress\/ -->\n<title>Edwin Cardona podr\u00eda regresar a la Liga Colombiana -<\/title>\n<meta name=\"robots\" content=\"index, follow, max-snippet:-1, max-image-preview:large, max-video-preview:-1\" \/>\n<link rel=\"canonical\" href=\"https:\/\/futbolhoy.co\/index.php\/2023\/07\/10\/edwin-cardona-podria-regresar-a-la-liga-colombiana\/\" \/>\n<meta property=\"og:locale\" content=\"es_ES\" \/>\n<meta property=\"og:type\" content=\"article\" \/>\n<meta property=\"og:title\" content=\"Edwin Cardona podr\u00eda regresar a la Liga Colombiana -\" \/>\n<meta property=\"og:description\" content=\"El mercado de fichajes de la Liga Colombiana sigue dando de qu\u00e9 hablar y ahora en fichaje estrella del Am\u00e9rica de Cali llegar\u00eda desde Argentina, con la posible incorporaci\u00f3n de Edwin Cardona al cuadro escarlata.\u00a0 Mucho se ha especulado sobre el futuro de Cardona, tras su inminente salida de Racing de Avellaneda. Si bien el [&hellip;]\" \/>\n<meta property=\"og:url\" content=\"https:\/\/futbolhoy.co\/index.php\/2023\/07\/10\/edwin-cardona-podria-regresar-a-la-liga-colombiana\/\" \/>\n<meta property=\"article:publisher\" content=\"https:\/\/www.facebook.com\/FutbolHoyCol\/\" \/>\n<meta property=\"article:published_time\" content=\"2023-07-10T14:32:54+00:00\" \/>\n<meta property=\"article:modified_time\" content=\"2023-07-11T03:15:36+00:00\" \/>\n<meta property=\"og:image\" content=\"https:\/\/futbolhoy.co\/wp-content\/uploads\/2023\/07\/IMG_5019.jpeg\" \/>\n\t<meta property=\"og:image:width\" content=\"1000\" \/>\n\t<meta property=\"og:image:height\" content=\"667\" \/>\n\t<meta property=\"og:image:type\" content=\"image\/jpeg\" \/>\n<meta name=\"author\" content=\"contenido\" \/>\n<meta name=\"twitter:card\" content=\"summary_large_image\" \/>\n<meta name=\"twitter:creator\" content=\"@FutbolHoyCol\" \/>\n<meta name=\"twitter:site\" content=\"@FutbolHoyCol\" \/>\n<meta name=\"twitter:label1\" content=\"Escrito por\" \/>\n\t<meta name=\"twitter:data1\" content=\"contenido\" \/>\n\t<meta name=\"twitter:label2\" content=\"Tiempo de lectura\" \/>\n\t<meta name=\"twitter:data2\" content=\"1 minuto\" \/>\n<script type=\"application\/ld+json\" class=\"yoast-schema-graph\">{\"@context\":\"https:\/\/schema.org\",\"@graph\":[{\"@type\":\"Article\",\"@id\":\"https:\/\/futbolhoy.co\/index.php\/2023\/07\/10\/edwin-cardona-podria-regresar-a-la-liga-colombiana\/#article\",\"isPartOf\":{\"@id\":\"https:\/\/futbolhoy.co\/index.php\/2023\/07\/10\/edwin-cardona-podria-regresar-a-la-liga-colombiana\/\"},\"author\":{\"name\":\"contenido\",\"@id\":\"https:\/\/futbolhoy.co\/#\/schema\/person\/1721b69355b6623eaff15ac7b92d4cc3\"},\"headline\":\"Edwin Cardona podr\u00eda regresar a la Liga Colombiana\",\"datePublished\":\"2023-07-10T14:32:54+00:00\",\"dateModified\":\"2023-07-11T03:15:36+00:00\",\"mainEntityOfPage\":{\"@id\":\"https:\/\/futbolhoy.co\/index.php\/2023\/07\/10\/edwin-cardona-podria-regresar-a-la-liga-colombiana\/\"},\"wordCount\":216,\"commentCount\":0,\"publisher\":{\"@id\":\"https:\/\/futbolhoy.co\/#organization\"},\"image\":{\"@id\":\"https:\/\/futbolhoy.co\/index.php\/2023\/07\/10\/edwin-cardona-podria-regresar-a-la-liga-colombiana\/#primaryimage\"},\"thumbnailUrl\":\"https:\/\/futbolhoy.co\/wp-content\/uploads\/2023\/07\/IMG_5019.jpeg\",\"articleSection\":[\"Liga BetPlay\"],\"inLanguage\":\"es\",\"potentialAction\":[{\"@type\":\"CommentAction\",\"name\":\"Comment\",\"target\":[\"https:\/\/futbolhoy.co\/index.php\/2023\/07\/10\/edwin-cardona-podria-regresar-a-la-liga-colombiana\/#respond\"]}]},{\"@type\":\"WebPage\",\"@id\":\"https:\/\/futbolhoy.co\/index.php\/2023\/07\/10\/edwin-cardona-podria-regresar-a-la-liga-colombiana\/\",\"url\":\"https:\/\/futbolhoy.co\/index.php\/2023\/07\/10\/edwin-cardona-podria-regresar-a-la-liga-colombiana\/\",\"name\":\"Edwin Cardona podr\u00eda regresar a la Liga Colombiana -\",\"isPartOf\":{\"@id\":\"https:\/\/futbolhoy.co\/#website\"},\"primaryImageOfPage\":{\"@id\":\"https:\/\/futbolhoy.co\/index.php\/2023\/07\/10\/edwin-cardona-podria-regresar-a-la-liga-colombiana\/#primaryimage\"},\"image\":{\"@id\":\"https:\/\/futbolhoy.co\/index.php\/2023\/07\/10\/edwin-cardona-podria-regresar-a-la-liga-colombiana\/#primaryimage\"},\"thumbnailUrl\":\"https:\/\/futbolhoy.co\/wp-content\/uploads\/2023\/07\/IMG_5019.jpeg\",\"datePublished\":\"2023-07-10T14:32:54+00:00\",\"dateModified\":\"2023-07-11T03:15:36+00:00\",\"breadcrumb\":{\"@id\":\"https:\/\/futbolhoy.co\/index.php\/2023\/07\/10\/edwin-cardona-podria-regresar-a-la-liga-colombiana\/#breadcrumb\"},\"inLanguage\":\"es\",\"potentialAction\":[{\"@type\":\"ReadAction\",\"target\":[\"https:\/\/futbolhoy.co\/index.php\/2023\/07\/10\/edwin-cardona-podria-regresar-a-la-liga-colombiana\/\"]}]},{\"@type\":\"ImageObject\",\"inLanguage\":\"es\",\"@id\":\"https:\/\/futbolhoy.co\/index.php\/2023\/07\/10\/edwin-cardona-podria-regresar-a-la-liga-colombiana\/#primaryimage\",\"url\":\"https:\/\/futbolhoy.co\/wp-content\/uploads\/2023\/07\/IMG_5019.jpeg\",\"contentUrl\":\"https:\/\/futbolhoy.co\/wp-content\/uploads\/2023\/07\/IMG_5019.jpeg\",\"width\":1000,\"height\":667},{\"@type\":\"BreadcrumbList\",\"@id\":\"https:\/\/futbolhoy.co\/index.php\/2023\/07\/10\/edwin-cardona-podria-regresar-a-la-liga-colombiana\/#breadcrumb\",\"itemListElement\":[{\"@type\":\"ListItem\",\"position\":1,\"name\":\"Portada\",\"item\":\"https:\/\/futbolhoy.co\/\"},{\"@type\":\"ListItem\",\"position\":2,\"name\":\"Edwin Cardona podr\u00eda regresar a la Liga Colombiana\"}]},{\"@type\":\"WebSite\",\"@id\":\"https:\/\/futbolhoy.co\/#website\",\"url\":\"https:\/\/futbolhoy.co\/\",\"name\":\"FutbolHoy\",\"description\":\"\",\"publisher\":{\"@id\":\"https:\/\/futbolhoy.co\/#organization\"},\"potentialAction\":[{\"@type\":\"SearchAction\",\"target\":{\"@type\":\"EntryPoint\",\"urlTemplate\":\"https:\/\/futbolhoy.co\/?s={search_term_string}\"},\"query-input\":{\"@type\":\"PropertyValueSpecification\",\"valueRequired\":true,\"valueName\":\"search_term_string\"}}],\"inLanguage\":\"es\"},{\"@type\":\"Organization\",\"@id\":\"https:\/\/futbolhoy.co\/#organization\",\"name\":\"Futbolhoy.co\",\"url\":\"https:\/\/futbolhoy.co\/\",\"logo\":{\"@type\":\"ImageObject\",\"inLanguage\":\"es\",\"@id\":\"https:\/\/futbolhoy.co\/#\/schema\/logo\/image\/\",\"url\":\"https:\/\/futbolhoy.co\/wp-content\/uploads\/2018\/08\/17426380_1906371736249227_6326180412931521141_n.jpg\",\"contentUrl\":\"https:\/\/futbolhoy.co\/wp-content\/uploads\/2018\/08\/17426380_1906371736249227_6326180412931521141_n.jpg\",\"width\":960,\"height\":960,\"caption\":\"Futbolhoy.co\"},\"image\":{\"@id\":\"https:\/\/futbolhoy.co\/#\/schema\/logo\/image\/\"},\"sameAs\":[\"https:\/\/www.facebook.com\/FutbolHoyCol\/\",\"https:\/\/x.com\/FutbolHoyCol\",\"https:\/\/www.instagram.com\/futbolhoycol\/\"]},{\"@type\":\"Person\",\"@id\":\"https:\/\/futbolhoy.co\/#\/schema\/person\/1721b69355b6623eaff15ac7b92d4cc3\",\"name\":\"contenido\",\"image\":{\"@type\":\"ImageObject\",\"inLanguage\":\"es\",\"@id\":\"https:\/\/futbolhoy.co\/#\/schema\/person\/image\/\",\"url\":\"https:\/\/secure.gravatar.com\/avatar\/4f656d3256f5134f466206e7c3941518?s=96&d=mm&r=g\",\"contentUrl\":\"https:\/\/secure.gravatar.com\/avatar\/4f656d3256f5134f466206e7c3941518?s=96&d=mm&r=g\",\"caption\":\"contenido\"}}]}<\/script>\n<!-- \/ Yoast SEO plugin. -->","yoast_head_json":{"title":"Edwin Cardona podr\u00eda regresar a la Liga Colombiana -","robots":{"index":"index","follow":"follow","max-snippet":"max-snippet:-1","max-image-preview":"max-image-preview:large","max-video-preview":"max-video-preview:-1"},"canonical":"https:\/\/futbolhoy.co\/index.php\/2023\/07\/10\/edwin-cardona-podria-regresar-a-la-liga-colombiana\/","og_locale":"es_ES","og_type":"article","og_title":"Edwin Cardona podr\u00eda regresar a la Liga Colombiana -","og_description":"El mercado de fichajes de la Liga Colombiana sigue dando de qu\u00e9 hablar y ahora en fichaje estrella del Am\u00e9rica de Cali llegar\u00eda desde Argentina, con la posible incorporaci\u00f3n de Edwin Cardona al cuadro escarlata.\u00a0 Mucho se ha especulado sobre el futuro de Cardona, tras su inminente salida de Racing de Avellaneda. Si bien el [&hellip;]","og_url":"https:\/\/futbolhoy.co\/index.php\/2023\/07\/10\/edwin-cardona-podria-regresar-a-la-liga-colombiana\/","article_publisher":"https:\/\/www.facebook.com\/FutbolHoyCol\/","article_published_time":"2023-07-10T14:32:54+00:00","article_modified_time":"2023-07-11T03:15:36+00:00","og_image":[{"width":1000,"height":667,"url":"https:\/\/futbolhoy.co\/wp-content\/uploads\/2023\/07\/IMG_5019.jpeg","type":"image\/jpeg"}],"author":"contenido","twitter_card":"summary_large_image","twitter_creator":"@FutbolHoyCol","twitter_site":"@FutbolHoyCol","twitter_misc":{"Escrito por":"contenido","Tiempo de lectura":"1 minuto"},"schema":{"@context":"https:\/\/schema.org","@graph":[{"@type":"Article","@id":"https:\/\/futbolhoy.co\/index.php\/2023\/07\/10\/edwin-cardona-podria-regresar-a-la-liga-colombiana\/#article","isPartOf":{"@id":"https:\/\/futbolhoy.co\/index.php\/2023\/07\/10\/edwin-cardona-podria-regresar-a-la-liga-colombiana\/"},"author":{"name":"contenido","@id":"https:\/\/futbolhoy.co\/#\/schema\/person\/1721b69355b6623eaff15ac7b92d4cc3"},"headline":"Edwin Cardona podr\u00eda regresar a la Liga Colombiana","datePublished":"2023-07-10T14:32:54+00:00","dateModified":"2023-07-11T03:15:36+00:00","mainEntityOfPage":{"@id":"https:\/\/futbolhoy.co\/index.php\/2023\/07\/10\/edwin-cardona-podria-regresar-a-la-liga-colombiana\/"},"wordCount":216,"commentCount":0,"publisher":{"@id":"https:\/\/futbolhoy.co\/#organization"},"image":{"@id":"https:\/\/futbolhoy.co\/index.php\/2023\/07\/10\/edwin-cardona-podria-regresar-a-la-liga-colombiana\/#primaryimage"},"thumbnailUrl":"https:\/\/futbolhoy.co\/wp-content\/uploads\/2023\/07\/IMG_5019.jpeg","articleSection":["Liga BetPlay"],"inLanguage":"es","potentialAction":[{"@type":"CommentAction","name":"Comment","target":["https:\/\/futbolhoy.co\/index.php\/2023\/07\/10\/edwin-cardona-podria-regresar-a-la-liga-colombiana\/#respond"]}]},{"@type":"WebPage","@id":"https:\/\/futbolhoy.co\/index.php\/2023\/07\/10\/edwin-cardona-podria-regresar-a-la-liga-colombiana\/","url":"https:\/\/futbolhoy.co\/index.php\/2023\/07\/10\/edwin-cardona-podria-regresar-a-la-liga-colombiana\/","name":"Edwin Cardona podr\u00eda regresar a la Liga Colombiana -","isPartOf":{"@id":"https:\/\/futbolhoy.co\/#website"},"primaryImageOfPage":{"@id":"https:\/\/futbolhoy.co\/index.php\/2023\/07\/10\/edwin-cardona-podria-regresar-a-la-liga-colombiana\/#primaryimage"},"image":{"@id":"https:\/\/futbolhoy.co\/index.php\/2023\/07\/10\/edwin-cardona-podria-regresar-a-la-liga-colombiana\/#primaryimage"},"thumbnailUrl":"https:\/\/futbolhoy.co\/wp-content\/uploads\/2023\/07\/IMG_5019.jpeg","datePublished":"2023-07-10T14:32:54+00:00","dateModified":"2023-07-11T03:15:36+00:00","breadcrumb":{"@id":"https:\/\/futbolhoy.co\/index.php\/2023\/07\/10\/edwin-cardona-podria-regresar-a-la-liga-colombiana\/#breadcrumb"},"inLanguage":"es","potentialAction":[{"@type":"ReadAction","target":["https:\/\/futbolhoy.co\/index.php\/2023\/07\/10\/edwin-cardona-podria-regresar-a-la-liga-colombiana\/"]}]},{"@type":"ImageObject","inLanguage":"es","@id":"https:\/\/futbolhoy.co\/index.php\/2023\/07\/10\/edwin-cardona-podria-regresar-a-la-liga-colombiana\/#primaryimage","url":"https:\/\/futbolhoy.co\/wp-content\/uploads\/2023\/07\/IMG_5019.jpeg","contentUrl":"https:\/\/futbolhoy.co\/wp-content\/uploads\/2023\/07\/IMG_5019.jpeg","width":1000,"height":667},{"@type":"BreadcrumbList","@id":"https:\/\/futbolhoy.co\/index.php\/2023\/07\/10\/edwin-cardona-podria-regresar-a-la-liga-colombiana\/#breadcrumb","itemListElement":[{"@type":"ListItem","position":1,"name":"Portada","item":"https:\/\/futbolhoy.co\/"},{"@type":"ListItem","position":2,"name":"Edwin Cardona podr\u00eda regresar a la Liga Colombiana"}]},{"@type":"WebSite","@id":"https:\/\/futbolhoy.co\/#website","url":"https:\/\/futbolhoy.co\/","name":"FutbolHoy","description":"","publisher":{"@id":"https:\/\/futbolhoy.co\/#organization"},"potentialAction":[{"@type":"SearchAction","target":{"@type":"EntryPoint","urlTemplate":"https:\/\/futbolhoy.co\/?s={search_term_string}"},"query-input":{"@type":"PropertyValueSpecification","valueRequired":true,"valueName":"search_term_string"}}],"inLanguage":"es"},{"@type":"Organization","@id":"https:\/\/futbolhoy.co\/#organization","name":"Futbolhoy.co","url":"https:\/\/futbolhoy.co\/","logo":{"@type":"ImageObject","inLanguage":"es","@id":"https:\/\/futbolhoy.co\/#\/schema\/logo\/image\/","url":"https:\/\/futbolhoy.co\/wp-content\/uploads\/2018\/08\/17426380_1906371736249227_6326180412931521141_n.jpg","contentUrl":"https:\/\/futbolhoy.co\/wp-content\/uploads\/2018\/08\/17426380_1906371736249227_6326180412931521141_n.jpg","width":960,"height":960,"caption":"Futbolhoy.co"},"image":{"@id":"https:\/\/futbolhoy.co\/#\/schema\/logo\/image\/"},"sameAs":["https:\/\/www.facebook.com\/FutbolHoyCol\/","https:\/\/x.com\/FutbolHoyCol","https:\/\/www.instagram.com\/futbolhoycol\/"]},{"@type":"Person","@id":"https:\/\/futbolhoy.co\/#\/schema\/person\/1721b69355b6623eaff15ac7b92d4cc3","name":"contenido","image":{"@type":"ImageObject","inLanguage":"es","@id":"https:\/\/futbolhoy.co\/#\/schema\/person\/image\/","url":"https:\/\/secure.gravatar.com\/avatar\/4f656d3256f5134f466206e7c3941518?s=96&d=mm&r=g","contentUrl":"https:\/\/secure.gravatar.com\/avatar\/4f656d3256f5134f466206e7c3941518?s=96&d=mm&r=g","caption":"contenido"}}]}},"publishpress_future_action":{"enabled":false,"date":"2026-05-05 21:04:18","action":"change-status","newStatus":"draft","terms":[],"taxonomy":"category","extraData":[]},"publishpress_future_workflow_manual_trigger":{"enabledWorkflows":[]},"_links":{"self":[{"href":"https:\/\/futbolhoy.co\/index.php\/wp-json\/wp\/v2\/posts\/96943","targetHints":{"allow":["GET"]}}],"collection":[{"href":"https:\/\/futbolhoy.co\/index.php\/wp-json\/wp\/v2\/posts"}],"about":[{"href":"https:\/\/futbolhoy.co\/index.php\/wp-json\/wp\/v2\/types\/post"}],"author":[{"embeddable":true,"href":"https:\/\/futbolhoy.co\/index.php\/wp-json\/wp\/v2\/users\/4"}],"replies":[{"embeddable":true,"href":"https:\/\/futbolhoy.co\/index.php\/wp-json\/wp\/v2\/comments?post=96943"}],"version-history":[{"count":1,"href":"https:\/\/futbolhoy.co\/index.php\/wp-json\/wp\/v2\/posts\/96943\/revisions"}],"predecessor-version":[{"id":96945,"href":"https:\/\/futbolhoy.co\/index.php\/wp-json\/wp\/v2\/posts\/96943\/revisions\/96945"}],"wp:featuredmedia":[{"embeddable":true,"href":"https:\/\/futbolhoy.co\/index.php\/wp-json\/wp\/v2\/media\/96944"}],"wp:attachment":[{"href":"https:\/\/futbolhoy.co\/index.php\/wp-json\/wp\/v2\/media?parent=96943"}],"wp:term":[{"taxonomy":"category","embeddable":true,"href":"https:\/\/futbolhoy.co\/index.php\/wp-json\/wp\/v2\/categories?post=96943"},{"taxonomy":"post_tag","embeddable":true,"href":"https:\/\/futbolhoy.co\/index.php\/wp-json\/wp\/v2\/tags?post=96943"}],"curies":[{"name":"wp","href":"https:\/\/api.w.org\/{rel}","templated":true}]}}