{"id":96946,"date":"2023-07-10T12:42:44","date_gmt":"2023-07-10T17:42:44","guid":{"rendered":"https:\/\/futbolhoy.co\/?p=96946"},"modified":"2023-07-11T12:06:44","modified_gmt":"2023-07-11T17:06:44","slug":"bolillo-revela-lo-que-paso-con-quintero","status":"publish","type":"post","link":"https:\/\/futbolhoy.co\/index.php\/2023\/07\/10\/bolillo-revela-lo-que-paso-con-quintero\/","title":{"rendered":"Bolillo revela lo que pas\u00f3 con Quintero"},"content":{"rendered":"<p style=\"font-weight: 400; text-align: justify;\"><span style=\"font-family: helvetica, arial, sans-serif;\"><span style=\"font-weight: 400;\">En medio de la pol\u00e9mica salida de <\/span><b>Juan Fernando Quintero <\/b><span style=\"font-weight: 400;\">del Junior los rumores apuntaron directamente a una mala relaci\u00f3n del jugador con <\/span><b>Hern\u00e1n Dar\u00edo \u2018Bolillo\u2019 G\u00f3mez<\/b><span style=\"font-weight: 400;\">. Ante la situaci\u00f3n, el DT sali\u00f3 a dar la cara y sin titubear dijo lo que sucedi\u00f3 con el futbolista.\u00a0<\/span><\/span><\/p>\n<p style=\"font-weight: 400; text-align: justify;\"><span style=\"font-family: helvetica, arial, sans-serif;\"><span style=\"font-weight: 400;\">Desde que se supo que <\/span><b>Quintero pidi\u00f3 al Junior que lo dejara marcharse<\/b><span style=\"font-weight: 400;\"> antes de iniciar la liga y cuando su contrato venc\u00eda en seis meses, todo apunt\u00f3 a que sucedi\u00f3 por problemas con el <\/span><b>Bolillo<\/b> <b>G\u00f3mez<\/b><span style=\"font-weight: 400;\">. No obstante, el t\u00e9cnico asegur\u00f3 que si bien no sabe lo que motiv\u00f3 a Quintero para irse, no fue \u00e9l el responsable.\u00a0<\/span><\/span><\/p>\n<p style=\"font-weight: 400; text-align: justify;\"><span style=\"font-family: helvetica, arial, sans-serif;\"><span style=\"font-weight: 400;\">\u201cLa salida de <\/span><b>Juanfer<\/b><span style=\"font-weight: 400;\"> es la que yo voy a decir, cualquier cosa que diga otra persona, o si lo dice distinto Juanfer, no es verdad, la verdad es la que voy a decir. <\/span><b>Hicimos dos partidos <\/b><span style=\"font-weight: 400;\">amistosos donde Juanfer fue titular y despu\u00e9s del partido con Magdalena me reun\u00ed con el grupo y les dije que iba a buscar variantes porque el equipo no andaba bien\u201d, explic\u00f3.\u00a0<\/span><\/span><\/p>\n<p style=\"font-weight: 400; text-align: justify;\"><span style=\"font-family: helvetica, arial, sans-serif;\"><span style=\"font-weight: 400;\">\u201cMe reun\u00ed con ellos en la mitad de la cancha y le dije al grupo va a jugar tal y tal, le dije a <\/span><b>Juanfer \u2018vas a trabajar en otro equipo\u2019<\/b><span style=\"font-weight: 400;\">. Le dije \u2018te voy a llevar de a poco hasta que vuelvas a ser la figura porque hace cuatro meses no est\u00e1s jugando y te est\u00e1 costando\u201d, a\u00f1adi\u00f3.\u00a0<\/span><\/span><\/p>\n<p style=\"font-weight: 400; text-align: justify;\"><span style=\"font-family: helvetica, arial, sans-serif;\"><span style=\"font-weight: 400;\">Sin embargo, la sorpresa fue grande cuando al d\u00eda siguiente se entera por parte de <\/span><b>Fuad<\/b> <b>Char<\/b><span style=\"font-weight: 400;\"> que Quintero hab\u00eda pedido salir del equipo.\u00a0<\/span><\/span><\/p>\n<p style=\"font-weight: 400; text-align: justify;\"><span style=\"font-family: helvetica, arial, sans-serif;\"><span style=\"font-weight: 400;\">\u201cAl otro d\u00eda me llama don Fuad <\/span><b>que qu\u00e9 pas\u00f3 con Juanfer <\/b><span style=\"font-weight: 400;\">y me qued\u00e9 sorprendido, me pregunt\u00f3 que si hubo alg\u00fan problema. Siempre hemos tenido una buena relaci\u00f3n\", coment\u00f3 el Bolillo.\u00a0<\/span><\/span><\/p>\n<p style=\"font-weight: 400; text-align: justify;\"><span style=\"font-weight: 400; font-family: helvetica, arial, sans-serif;\">\u201cLleg\u00f3 al entrenamiento como siempre. Se me recost\u00f3, 'quiubo pa', yo 'quiubo hijo', sin ning\u00fan problema ni alguna pelea. Nunca tuve discusiones con \u00e9l\", cont\u00f3.\u00a0<\/span><\/p>\n<p style=\"font-weight: 400; text-align: justify;\"><span style=\"font-family: helvetica, arial, sans-serif;\"><span style=\"font-weight: 400;\">\"Esa es la \u00fanica manera que hay y por la que Juanfer se fue de la instituci\u00f3n, no fue porque <\/span><b>Junior no le quisiera pagar<\/b><span style=\"font-weight: 400;\"> ni porque tuviera problemas conmigo o con el grupo. \u00c9l fue al otro d\u00eda y se despidi\u00f3 de todos nosotros. No inventen y esa es la \u00fanica explicaci\u00f3n por la que se quiso ir del equipo\", se\u00f1al\u00f3.\u00a0<\/span><\/span><\/p>\n<p style=\"font-weight: 400; text-align: justify;\"><span style=\"font-family: helvetica, arial, sans-serif;\"><span style=\"font-weight: 400;\">As\u00ed mismo, el t\u00e9cnico dej\u00f3 claro que <\/span><b>\u00e9l no es quien echa jugadores <\/b><span style=\"font-weight: 400;\">y tampoco ha tenido problemas con nadie en el Junior, sobre todo al ser se\u00f1alado por la salida de Sebasti\u00e1n Viera.\u00a0<\/span><\/span><\/p>\n<p style=\"font-weight: 400; text-align: justify;\"><span style=\"font-family: helvetica, arial, sans-serif;\"><span style=\"font-weight: 400;\">\u201cEn el Junior hay c\u00f3digos y yo no echo a nadie, <\/span><b>la gente se sale sola<\/b><span style=\"font-weight: 400;\">. Sea porque no tiene su nivel o porque quiere estar en otro lado, por lo que sea. Yo en Junior no he tenido problemas ni con Sebasti\u00e1n ni con Bacca ni con Juanfer. El grupo vive bien y no hay problemas, pero inconformes en el f\u00fatbol siempre hay\u201d, sentenci\u00f3.\u00a0<\/span><\/span><\/p>\n","protected":false},"excerpt":{"rendered":"<p>En medio de la pol\u00e9mica salida de Juan Fernando Quintero del Junior los rumores apuntaron directamente a una mala relaci\u00f3n del jugador con Hern\u00e1n Dar\u00edo \u2018Bolillo\u2019 G\u00f3mez. Ante la situaci\u00f3n, el DT sali\u00f3 a dar la cara y sin titubear dijo lo que sucedi\u00f3 con el futbolista.\u00a0 Desde que se supo que Quintero pidi\u00f3 al [&hellip;]<\/p>\n","protected":false},"author":4,"featured_media":96947,"comment_status":"open","ping_status":"open","sticky":false,"template":"","format":"standard","meta":{"_acf_changed":false,"footnotes":""},"categories":[7],"tags":[],"class_list":{"0":"post-96946","1":"post","2":"type-post","3":"status-publish","4":"format-standard","5":"has-post-thumbnail","7":"category-liga-betplay"},"acf":[],"yoast_head":"<!-- This site is optimized with the Yoast SEO plugin v26.8 - https:\/\/yoast.com\/product\/yoast-seo-wordpress\/ -->\n<title>Bolillo revela lo que pas\u00f3 con Quintero -<\/title>\n<meta name=\"robots\" content=\"index, follow, max-snippet:-1, max-image-preview:large, max-video-preview:-1\" \/>\n<link rel=\"canonical\" href=\"https:\/\/futbolhoy.co\/index.php\/2023\/07\/10\/bolillo-revela-lo-que-paso-con-quintero\/\" \/>\n<meta property=\"og:locale\" content=\"es_ES\" \/>\n<meta property=\"og:type\" content=\"article\" \/>\n<meta property=\"og:title\" content=\"Bolillo revela lo que pas\u00f3 con Quintero -\" \/>\n<meta property=\"og:description\" content=\"En medio de la pol\u00e9mica salida de Juan Fernando Quintero del Junior los rumores apuntaron directamente a una mala relaci\u00f3n del jugador con Hern\u00e1n Dar\u00edo \u2018Bolillo\u2019 G\u00f3mez. Ante la situaci\u00f3n, el DT sali\u00f3 a dar la cara y sin titubear dijo lo que sucedi\u00f3 con el futbolista.\u00a0 Desde que se supo que Quintero pidi\u00f3 al [&hellip;]\" \/>\n<meta property=\"og:url\" content=\"https:\/\/futbolhoy.co\/index.php\/2023\/07\/10\/bolillo-revela-lo-que-paso-con-quintero\/\" \/>\n<meta property=\"article:publisher\" content=\"https:\/\/www.facebook.com\/FutbolHoyCol\/\" \/>\n<meta property=\"article:published_time\" content=\"2023-07-10T17:42:44+00:00\" \/>\n<meta property=\"article:modified_time\" content=\"2023-07-11T17:06:44+00:00\" \/>\n<meta property=\"og:image\" content=\"https:\/\/futbolhoy.co\/wp-content\/uploads\/2023\/07\/IMG_5025.jpeg\" \/>\n\t<meta property=\"og:image:width\" content=\"620\" \/>\n\t<meta property=\"og:image:height\" content=\"420\" \/>\n\t<meta property=\"og:image:type\" content=\"image\/jpeg\" \/>\n<meta name=\"author\" content=\"contenido\" \/>\n<meta name=\"twitter:card\" content=\"summary_large_image\" \/>\n<meta name=\"twitter:creator\" content=\"@FutbolHoyCol\" \/>\n<meta name=\"twitter:site\" content=\"@FutbolHoyCol\" \/>\n<meta name=\"twitter:label1\" content=\"Escrito por\" \/>\n\t<meta name=\"twitter:data1\" content=\"contenido\" \/>\n\t<meta name=\"twitter:label2\" content=\"Tiempo de lectura\" \/>\n\t<meta name=\"twitter:data2\" content=\"3 minutos\" \/>\n<script type=\"application\/ld+json\" class=\"yoast-schema-graph\">{\"@context\":\"https:\/\/schema.org\",\"@graph\":[{\"@type\":\"Article\",\"@id\":\"https:\/\/futbolhoy.co\/index.php\/2023\/07\/10\/bolillo-revela-lo-que-paso-con-quintero\/#article\",\"isPartOf\":{\"@id\":\"https:\/\/futbolhoy.co\/index.php\/2023\/07\/10\/bolillo-revela-lo-que-paso-con-quintero\/\"},\"author\":{\"name\":\"contenido\",\"@id\":\"https:\/\/futbolhoy.co\/#\/schema\/person\/1721b69355b6623eaff15ac7b92d4cc3\"},\"headline\":\"Bolillo revela lo que pas\u00f3 con Quintero\",\"datePublished\":\"2023-07-10T17:42:44+00:00\",\"dateModified\":\"2023-07-11T17:06:44+00:00\",\"mainEntityOfPage\":{\"@id\":\"https:\/\/futbolhoy.co\/index.php\/2023\/07\/10\/bolillo-revela-lo-que-paso-con-quintero\/\"},\"wordCount\":510,\"commentCount\":0,\"publisher\":{\"@id\":\"https:\/\/futbolhoy.co\/#organization\"},\"image\":{\"@id\":\"https:\/\/futbolhoy.co\/index.php\/2023\/07\/10\/bolillo-revela-lo-que-paso-con-quintero\/#primaryimage\"},\"thumbnailUrl\":\"https:\/\/futbolhoy.co\/wp-content\/uploads\/2023\/07\/IMG_5025.jpeg\",\"articleSection\":[\"Liga BetPlay\"],\"inLanguage\":\"es\",\"potentialAction\":[{\"@type\":\"CommentAction\",\"name\":\"Comment\",\"target\":[\"https:\/\/futbolhoy.co\/index.php\/2023\/07\/10\/bolillo-revela-lo-que-paso-con-quintero\/#respond\"]}]},{\"@type\":\"WebPage\",\"@id\":\"https:\/\/futbolhoy.co\/index.php\/2023\/07\/10\/bolillo-revela-lo-que-paso-con-quintero\/\",\"url\":\"https:\/\/futbolhoy.co\/index.php\/2023\/07\/10\/bolillo-revela-lo-que-paso-con-quintero\/\",\"name\":\"Bolillo revela lo que pas\u00f3 con Quintero -\",\"isPartOf\":{\"@id\":\"https:\/\/futbolhoy.co\/#website\"},\"primaryImageOfPage\":{\"@id\":\"https:\/\/futbolhoy.co\/index.php\/2023\/07\/10\/bolillo-revela-lo-que-paso-con-quintero\/#primaryimage\"},\"image\":{\"@id\":\"https:\/\/futbolhoy.co\/index.php\/2023\/07\/10\/bolillo-revela-lo-que-paso-con-quintero\/#primaryimage\"},\"thumbnailUrl\":\"https:\/\/futbolhoy.co\/wp-content\/uploads\/2023\/07\/IMG_5025.jpeg\",\"datePublished\":\"2023-07-10T17:42:44+00:00\",\"dateModified\":\"2023-07-11T17:06:44+00:00\",\"breadcrumb\":{\"@id\":\"https:\/\/futbolhoy.co\/index.php\/2023\/07\/10\/bolillo-revela-lo-que-paso-con-quintero\/#breadcrumb\"},\"inLanguage\":\"es\",\"potentialAction\":[{\"@type\":\"ReadAction\",\"target\":[\"https:\/\/futbolhoy.co\/index.php\/2023\/07\/10\/bolillo-revela-lo-que-paso-con-quintero\/\"]}]},{\"@type\":\"ImageObject\",\"inLanguage\":\"es\",\"@id\":\"https:\/\/futbolhoy.co\/index.php\/2023\/07\/10\/bolillo-revela-lo-que-paso-con-quintero\/#primaryimage\",\"url\":\"https:\/\/futbolhoy.co\/wp-content\/uploads\/2023\/07\/IMG_5025.jpeg\",\"contentUrl\":\"https:\/\/futbolhoy.co\/wp-content\/uploads\/2023\/07\/IMG_5025.jpeg\",\"width\":620,\"height\":420},{\"@type\":\"BreadcrumbList\",\"@id\":\"https:\/\/futbolhoy.co\/index.php\/2023\/07\/10\/bolillo-revela-lo-que-paso-con-quintero\/#breadcrumb\",\"itemListElement\":[{\"@type\":\"ListItem\",\"position\":1,\"name\":\"Portada\",\"item\":\"https:\/\/futbolhoy.co\/\"},{\"@type\":\"ListItem\",\"position\":2,\"name\":\"Bolillo revela lo que pas\u00f3 con Quintero\"}]},{\"@type\":\"WebSite\",\"@id\":\"https:\/\/futbolhoy.co\/#website\",\"url\":\"https:\/\/futbolhoy.co\/\",\"name\":\"FutbolHoy\",\"description\":\"\",\"publisher\":{\"@id\":\"https:\/\/futbolhoy.co\/#organization\"},\"potentialAction\":[{\"@type\":\"SearchAction\",\"target\":{\"@type\":\"EntryPoint\",\"urlTemplate\":\"https:\/\/futbolhoy.co\/?s={search_term_string}\"},\"query-input\":{\"@type\":\"PropertyValueSpecification\",\"valueRequired\":true,\"valueName\":\"search_term_string\"}}],\"inLanguage\":\"es\"},{\"@type\":\"Organization\",\"@id\":\"https:\/\/futbolhoy.co\/#organization\",\"name\":\"Futbolhoy.co\",\"url\":\"https:\/\/futbolhoy.co\/\",\"logo\":{\"@type\":\"ImageObject\",\"inLanguage\":\"es\",\"@id\":\"https:\/\/futbolhoy.co\/#\/schema\/logo\/image\/\",\"url\":\"https:\/\/futbolhoy.co\/wp-content\/uploads\/2018\/08\/17426380_1906371736249227_6326180412931521141_n.jpg\",\"contentUrl\":\"https:\/\/futbolhoy.co\/wp-content\/uploads\/2018\/08\/17426380_1906371736249227_6326180412931521141_n.jpg\",\"width\":960,\"height\":960,\"caption\":\"Futbolhoy.co\"},\"image\":{\"@id\":\"https:\/\/futbolhoy.co\/#\/schema\/logo\/image\/\"},\"sameAs\":[\"https:\/\/www.facebook.com\/FutbolHoyCol\/\",\"https:\/\/x.com\/FutbolHoyCol\",\"https:\/\/www.instagram.com\/futbolhoycol\/\"]},{\"@type\":\"Person\",\"@id\":\"https:\/\/futbolhoy.co\/#\/schema\/person\/1721b69355b6623eaff15ac7b92d4cc3\",\"name\":\"contenido\",\"image\":{\"@type\":\"ImageObject\",\"inLanguage\":\"es\",\"@id\":\"https:\/\/futbolhoy.co\/#\/schema\/person\/image\/\",\"url\":\"https:\/\/secure.gravatar.com\/avatar\/4f656d3256f5134f466206e7c3941518?s=96&d=mm&r=g\",\"contentUrl\":\"https:\/\/secure.gravatar.com\/avatar\/4f656d3256f5134f466206e7c3941518?s=96&d=mm&r=g\",\"caption\":\"contenido\"}}]}<\/script>\n<!-- \/ Yoast SEO plugin. -->","yoast_head_json":{"title":"Bolillo revela lo que pas\u00f3 con Quintero -","robots":{"index":"index","follow":"follow","max-snippet":"max-snippet:-1","max-image-preview":"max-image-preview:large","max-video-preview":"max-video-preview:-1"},"canonical":"https:\/\/futbolhoy.co\/index.php\/2023\/07\/10\/bolillo-revela-lo-que-paso-con-quintero\/","og_locale":"es_ES","og_type":"article","og_title":"Bolillo revela lo que pas\u00f3 con Quintero -","og_description":"En medio de la pol\u00e9mica salida de Juan Fernando Quintero del Junior los rumores apuntaron directamente a una mala relaci\u00f3n del jugador con Hern\u00e1n Dar\u00edo \u2018Bolillo\u2019 G\u00f3mez. Ante la situaci\u00f3n, el DT sali\u00f3 a dar la cara y sin titubear dijo lo que sucedi\u00f3 con el futbolista.\u00a0 Desde que se supo que Quintero pidi\u00f3 al [&hellip;]","og_url":"https:\/\/futbolhoy.co\/index.php\/2023\/07\/10\/bolillo-revela-lo-que-paso-con-quintero\/","article_publisher":"https:\/\/www.facebook.com\/FutbolHoyCol\/","article_published_time":"2023-07-10T17:42:44+00:00","article_modified_time":"2023-07-11T17:06:44+00:00","og_image":[{"width":620,"height":420,"url":"https:\/\/futbolhoy.co\/wp-content\/uploads\/2023\/07\/IMG_5025.jpeg","type":"image\/jpeg"}],"author":"contenido","twitter_card":"summary_large_image","twitter_creator":"@FutbolHoyCol","twitter_site":"@FutbolHoyCol","twitter_misc":{"Escrito por":"contenido","Tiempo de lectura":"3 minutos"},"schema":{"@context":"https:\/\/schema.org","@graph":[{"@type":"Article","@id":"https:\/\/futbolhoy.co\/index.php\/2023\/07\/10\/bolillo-revela-lo-que-paso-con-quintero\/#article","isPartOf":{"@id":"https:\/\/futbolhoy.co\/index.php\/2023\/07\/10\/bolillo-revela-lo-que-paso-con-quintero\/"},"author":{"name":"contenido","@id":"https:\/\/futbolhoy.co\/#\/schema\/person\/1721b69355b6623eaff15ac7b92d4cc3"},"headline":"Bolillo revela lo que pas\u00f3 con Quintero","datePublished":"2023-07-10T17:42:44+00:00","dateModified":"2023-07-11T17:06:44+00:00","mainEntityOfPage":{"@id":"https:\/\/futbolhoy.co\/index.php\/2023\/07\/10\/bolillo-revela-lo-que-paso-con-quintero\/"},"wordCount":510,"commentCount":0,"publisher":{"@id":"https:\/\/futbolhoy.co\/#organization"},"image":{"@id":"https:\/\/futbolhoy.co\/index.php\/2023\/07\/10\/bolillo-revela-lo-que-paso-con-quintero\/#primaryimage"},"thumbnailUrl":"https:\/\/futbolhoy.co\/wp-content\/uploads\/2023\/07\/IMG_5025.jpeg","articleSection":["Liga BetPlay"],"inLanguage":"es","potentialAction":[{"@type":"CommentAction","name":"Comment","target":["https:\/\/futbolhoy.co\/index.php\/2023\/07\/10\/bolillo-revela-lo-que-paso-con-quintero\/#respond"]}]},{"@type":"WebPage","@id":"https:\/\/futbolhoy.co\/index.php\/2023\/07\/10\/bolillo-revela-lo-que-paso-con-quintero\/","url":"https:\/\/futbolhoy.co\/index.php\/2023\/07\/10\/bolillo-revela-lo-que-paso-con-quintero\/","name":"Bolillo revela lo que pas\u00f3 con Quintero -","isPartOf":{"@id":"https:\/\/futbolhoy.co\/#website"},"primaryImageOfPage":{"@id":"https:\/\/futbolhoy.co\/index.php\/2023\/07\/10\/bolillo-revela-lo-que-paso-con-quintero\/#primaryimage"},"image":{"@id":"https:\/\/futbolhoy.co\/index.php\/2023\/07\/10\/bolillo-revela-lo-que-paso-con-quintero\/#primaryimage"},"thumbnailUrl":"https:\/\/futbolhoy.co\/wp-content\/uploads\/2023\/07\/IMG_5025.jpeg","datePublished":"2023-07-10T17:42:44+00:00","dateModified":"2023-07-11T17:06:44+00:00","breadcrumb":{"@id":"https:\/\/futbolhoy.co\/index.php\/2023\/07\/10\/bolillo-revela-lo-que-paso-con-quintero\/#breadcrumb"},"inLanguage":"es","potentialAction":[{"@type":"ReadAction","target":["https:\/\/futbolhoy.co\/index.php\/2023\/07\/10\/bolillo-revela-lo-que-paso-con-quintero\/"]}]},{"@type":"ImageObject","inLanguage":"es","@id":"https:\/\/futbolhoy.co\/index.php\/2023\/07\/10\/bolillo-revela-lo-que-paso-con-quintero\/#primaryimage","url":"https:\/\/futbolhoy.co\/wp-content\/uploads\/2023\/07\/IMG_5025.jpeg","contentUrl":"https:\/\/futbolhoy.co\/wp-content\/uploads\/2023\/07\/IMG_5025.jpeg","width":620,"height":420},{"@type":"BreadcrumbList","@id":"https:\/\/futbolhoy.co\/index.php\/2023\/07\/10\/bolillo-revela-lo-que-paso-con-quintero\/#breadcrumb","itemListElement":[{"@type":"ListItem","position":1,"name":"Portada","item":"https:\/\/futbolhoy.co\/"},{"@type":"ListItem","position":2,"name":"Bolillo revela lo que pas\u00f3 con Quintero"}]},{"@type":"WebSite","@id":"https:\/\/futbolhoy.co\/#website","url":"https:\/\/futbolhoy.co\/","name":"FutbolHoy","description":"","publisher":{"@id":"https:\/\/futbolhoy.co\/#organization"},"potentialAction":[{"@type":"SearchAction","target":{"@type":"EntryPoint","urlTemplate":"https:\/\/futbolhoy.co\/?s={search_term_string}"},"query-input":{"@type":"PropertyValueSpecification","valueRequired":true,"valueName":"search_term_string"}}],"inLanguage":"es"},{"@type":"Organization","@id":"https:\/\/futbolhoy.co\/#organization","name":"Futbolhoy.co","url":"https:\/\/futbolhoy.co\/","logo":{"@type":"ImageObject","inLanguage":"es","@id":"https:\/\/futbolhoy.co\/#\/schema\/logo\/image\/","url":"https:\/\/futbolhoy.co\/wp-content\/uploads\/2018\/08\/17426380_1906371736249227_6326180412931521141_n.jpg","contentUrl":"https:\/\/futbolhoy.co\/wp-content\/uploads\/2018\/08\/17426380_1906371736249227_6326180412931521141_n.jpg","width":960,"height":960,"caption":"Futbolhoy.co"},"image":{"@id":"https:\/\/futbolhoy.co\/#\/schema\/logo\/image\/"},"sameAs":["https:\/\/www.facebook.com\/FutbolHoyCol\/","https:\/\/x.com\/FutbolHoyCol","https:\/\/www.instagram.com\/futbolhoycol\/"]},{"@type":"Person","@id":"https:\/\/futbolhoy.co\/#\/schema\/person\/1721b69355b6623eaff15ac7b92d4cc3","name":"contenido","image":{"@type":"ImageObject","inLanguage":"es","@id":"https:\/\/futbolhoy.co\/#\/schema\/person\/image\/","url":"https:\/\/secure.gravatar.com\/avatar\/4f656d3256f5134f466206e7c3941518?s=96&d=mm&r=g","contentUrl":"https:\/\/secure.gravatar.com\/avatar\/4f656d3256f5134f466206e7c3941518?s=96&d=mm&r=g","caption":"contenido"}}]}},"publishpress_future_action":{"enabled":false,"date":"2026-05-05 18:54:17","action":"change-status","newStatus":"draft","terms":[],"taxonomy":"category","extraData":[]},"publishpress_future_workflow_manual_trigger":{"enabledWorkflows":[]},"_links":{"self":[{"href":"https:\/\/futbolhoy.co\/index.php\/wp-json\/wp\/v2\/posts\/96946","targetHints":{"allow":["GET"]}}],"collection":[{"href":"https:\/\/futbolhoy.co\/index.php\/wp-json\/wp\/v2\/posts"}],"about":[{"href":"https:\/\/futbolhoy.co\/index.php\/wp-json\/wp\/v2\/types\/post"}],"author":[{"embeddable":true,"href":"https:\/\/futbolhoy.co\/index.php\/wp-json\/wp\/v2\/users\/4"}],"replies":[{"embeddable":true,"href":"https:\/\/futbolhoy.co\/index.php\/wp-json\/wp\/v2\/comments?post=96946"}],"version-history":[{"count":1,"href":"https:\/\/futbolhoy.co\/index.php\/wp-json\/wp\/v2\/posts\/96946\/revisions"}],"predecessor-version":[{"id":96948,"href":"https:\/\/futbolhoy.co\/index.php\/wp-json\/wp\/v2\/posts\/96946\/revisions\/96948"}],"wp:featuredmedia":[{"embeddable":true,"href":"https:\/\/futbolhoy.co\/index.php\/wp-json\/wp\/v2\/media\/96947"}],"wp:attachment":[{"href":"https:\/\/futbolhoy.co\/index.php\/wp-json\/wp\/v2\/media?parent=96946"}],"wp:term":[{"taxonomy":"category","embeddable":true,"href":"https:\/\/futbolhoy.co\/index.php\/wp-json\/wp\/v2\/categories?post=96946"},{"taxonomy":"post_tag","embeddable":true,"href":"https:\/\/futbolhoy.co\/index.php\/wp-json\/wp\/v2\/tags?post=96946"}],"curies":[{"name":"wp","href":"https:\/\/api.w.org\/{rel}","templated":true}]}}