{"id":96949,"date":"2023-07-10T17:15:03","date_gmt":"2023-07-10T22:15:03","guid":{"rendered":"https:\/\/futbolhoy.co\/?p=96949"},"modified":"2023-07-11T13:28:41","modified_gmt":"2023-07-11T18:28:41","slug":"quintero-explica-la-razon-de-su-salida-del-junior","status":"publish","type":"post","link":"https:\/\/futbolhoy.co\/index.php\/2023\/07\/10\/quintero-explica-la-razon-de-su-salida-del-junior\/","title":{"rendered":"Quintero explica la raz\u00f3n de su salida del Junior"},"content":{"rendered":"<p style=\"text-align: justify;\"><span style=\"font-family: helvetica, arial, sans-serif;\">La novela de la salida de <strong>Juan Fernando Quintero<\/strong> del <strong>Junior<\/strong> tiene otro cap\u00edtulo. Luego de que <strong>Bolillo G\u00f3mez<\/strong> revelara la \u201cverdadera\u201d raz\u00f3n de la salida del jugador del equipo, fue el volante el que ahora se encarg\u00f3 de dar su versi\u00f3n.<\/span><\/p>\n<p><span style=\"font-family: helvetica, arial, sans-serif;\">\u201cYo veo que en estos \u00faltimos dos o tres d\u00edas, empiezo a sentir que yo no encajo y fui realista conmigo mismo. Tomo la decisi\u00f3n de decir que no voy. Despu\u00e9s sacan historias y cuentos de que soy suplente\u201d, explic\u00f3 el antique\u00f1o de 32 a\u00f1os en charla con <em>Win Sports.<\/em><\/span><\/p>\n<p style=\"text-align: justify;\"><span style=\"font-family: helvetica, arial, sans-serif;\">Asimismo, manifest\u00f3 que no qued\u00f3 en enemistad con el t\u00e9cnico como se ha especulado, sino que se trat\u00f3 de una decisi\u00f3n basada netamente en su opini\u00f3n.<\/span><br \/>\n<span style=\"font-family: helvetica, arial, sans-serif;\">\u201cEn alguna ocasi\u00f3n lo busqu\u00e9 y le dije: \u2018tenemos tiempo de conocernos\u2019, simplemente. No tengo nada en contra del profesor Hern\u00e1n Dar\u00edo G\u00f3mez. Si tuviera algo en contra, no voy y me despido a su oficina de uno en uno\u201d.<\/span><\/p>\n<p style=\"text-align: justify;\"><span style=\"font-family: helvetica, arial, sans-serif;\">Finalmente, asegur\u00f3 que las declaraciones del entrenador en las que explic\u00f3 su salida, no le cayeron mal.<\/span><\/p>\n<p style=\"text-align: justify;\"><span style=\"font-family: helvetica, arial, sans-serif;\">\u201cA m\u00ed realmente no me caen mal. No voy a juzgar ni a entrar en eso. Doy mi punto de vista y ya est\u00e1. A m\u00ed no me cayeron mal. Tom\u00e9 la decisi\u00f3n de decir que no soy capaz de seguir, no encajo y fui a donde don <strong>Fuad<\/strong> y ya est\u00e1. Es una decisi\u00f3n respetable\u201d, concluy\u00f3.<\/span><\/p>\n","protected":false},"excerpt":{"rendered":"<p>La novela de la salida de Juan Fernando Quintero del Junior tiene otro cap\u00edtulo. Luego de que Bolillo G\u00f3mez revelara la \u201cverdadera\u201d raz\u00f3n de la salida del jugador del equipo, fue el volante el que ahora se encarg\u00f3 de dar su versi\u00f3n. \u201cYo veo que en estos \u00faltimos dos o tres d\u00edas, empiezo a sentir [&hellip;]<\/p>\n","protected":false},"author":4,"featured_media":89491,"comment_status":"open","ping_status":"open","sticky":false,"template":"","format":"standard","meta":{"_acf_changed":false,"footnotes":""},"categories":[7],"tags":[],"class_list":{"0":"post-96949","1":"post","2":"type-post","3":"status-publish","4":"format-standard","5":"has-post-thumbnail","7":"category-liga-betplay"},"acf":[],"yoast_head":"<!-- This site is optimized with the Yoast SEO plugin v26.8 - https:\/\/yoast.com\/product\/yoast-seo-wordpress\/ -->\n<title>Quintero explica la raz\u00f3n de su salida del Junior -<\/title>\n<meta name=\"robots\" content=\"index, follow, max-snippet:-1, max-image-preview:large, max-video-preview:-1\" \/>\n<link rel=\"canonical\" href=\"https:\/\/futbolhoy.co\/index.php\/2023\/07\/10\/quintero-explica-la-razon-de-su-salida-del-junior\/\" \/>\n<meta property=\"og:locale\" content=\"es_ES\" \/>\n<meta property=\"og:type\" content=\"article\" \/>\n<meta property=\"og:title\" content=\"Quintero explica la raz\u00f3n de su salida del Junior -\" \/>\n<meta property=\"og:description\" content=\"La novela de la salida de Juan Fernando Quintero del Junior tiene otro cap\u00edtulo. Luego de que Bolillo G\u00f3mez revelara la \u201cverdadera\u201d raz\u00f3n de la salida del jugador del equipo, fue el volante el que ahora se encarg\u00f3 de dar su versi\u00f3n. \u201cYo veo que en estos \u00faltimos dos o tres d\u00edas, empiezo a sentir [&hellip;]\" \/>\n<meta property=\"og:url\" content=\"https:\/\/futbolhoy.co\/index.php\/2023\/07\/10\/quintero-explica-la-razon-de-su-salida-del-junior\/\" \/>\n<meta property=\"article:publisher\" content=\"https:\/\/www.facebook.com\/FutbolHoyCol\/\" \/>\n<meta property=\"article:published_time\" content=\"2023-07-10T22:15:03+00:00\" \/>\n<meta property=\"article:modified_time\" content=\"2023-07-11T18:28:41+00:00\" \/>\n<meta property=\"og:image\" content=\"https:\/\/futbolhoy.co\/wp-content\/uploads\/2023\/01\/Quintero-JuanFer.jpg\" \/>\n\t<meta property=\"og:image:width\" content=\"978\" \/>\n\t<meta property=\"og:image:height\" content=\"668\" \/>\n\t<meta property=\"og:image:type\" content=\"image\/jpeg\" \/>\n<meta name=\"author\" content=\"contenido\" \/>\n<meta name=\"twitter:card\" content=\"summary_large_image\" \/>\n<meta name=\"twitter:creator\" content=\"@FutbolHoyCol\" \/>\n<meta name=\"twitter:site\" content=\"@FutbolHoyCol\" \/>\n<meta name=\"twitter:label1\" content=\"Escrito por\" \/>\n\t<meta name=\"twitter:data1\" content=\"contenido\" \/>\n\t<meta name=\"twitter:label2\" content=\"Tiempo de lectura\" \/>\n\t<meta name=\"twitter:data2\" content=\"1 minuto\" \/>\n<script type=\"application\/ld+json\" class=\"yoast-schema-graph\">{\"@context\":\"https:\/\/schema.org\",\"@graph\":[{\"@type\":\"Article\",\"@id\":\"https:\/\/futbolhoy.co\/index.php\/2023\/07\/10\/quintero-explica-la-razon-de-su-salida-del-junior\/#article\",\"isPartOf\":{\"@id\":\"https:\/\/futbolhoy.co\/index.php\/2023\/07\/10\/quintero-explica-la-razon-de-su-salida-del-junior\/\"},\"author\":{\"name\":\"contenido\",\"@id\":\"https:\/\/futbolhoy.co\/#\/schema\/person\/1721b69355b6623eaff15ac7b92d4cc3\"},\"headline\":\"Quintero explica la raz\u00f3n de su salida del Junior\",\"datePublished\":\"2023-07-10T22:15:03+00:00\",\"dateModified\":\"2023-07-11T18:28:41+00:00\",\"mainEntityOfPage\":{\"@id\":\"https:\/\/futbolhoy.co\/index.php\/2023\/07\/10\/quintero-explica-la-razon-de-su-salida-del-junior\/\"},\"wordCount\":259,\"commentCount\":0,\"publisher\":{\"@id\":\"https:\/\/futbolhoy.co\/#organization\"},\"image\":{\"@id\":\"https:\/\/futbolhoy.co\/index.php\/2023\/07\/10\/quintero-explica-la-razon-de-su-salida-del-junior\/#primaryimage\"},\"thumbnailUrl\":\"https:\/\/futbolhoy.co\/wp-content\/uploads\/2023\/01\/Quintero-JuanFer.jpg\",\"articleSection\":[\"Liga BetPlay\"],\"inLanguage\":\"es\",\"potentialAction\":[{\"@type\":\"CommentAction\",\"name\":\"Comment\",\"target\":[\"https:\/\/futbolhoy.co\/index.php\/2023\/07\/10\/quintero-explica-la-razon-de-su-salida-del-junior\/#respond\"]}]},{\"@type\":\"WebPage\",\"@id\":\"https:\/\/futbolhoy.co\/index.php\/2023\/07\/10\/quintero-explica-la-razon-de-su-salida-del-junior\/\",\"url\":\"https:\/\/futbolhoy.co\/index.php\/2023\/07\/10\/quintero-explica-la-razon-de-su-salida-del-junior\/\",\"name\":\"Quintero explica la raz\u00f3n de su salida del Junior -\",\"isPartOf\":{\"@id\":\"https:\/\/futbolhoy.co\/#website\"},\"primaryImageOfPage\":{\"@id\":\"https:\/\/futbolhoy.co\/index.php\/2023\/07\/10\/quintero-explica-la-razon-de-su-salida-del-junior\/#primaryimage\"},\"image\":{\"@id\":\"https:\/\/futbolhoy.co\/index.php\/2023\/07\/10\/quintero-explica-la-razon-de-su-salida-del-junior\/#primaryimage\"},\"thumbnailUrl\":\"https:\/\/futbolhoy.co\/wp-content\/uploads\/2023\/01\/Quintero-JuanFer.jpg\",\"datePublished\":\"2023-07-10T22:15:03+00:00\",\"dateModified\":\"2023-07-11T18:28:41+00:00\",\"breadcrumb\":{\"@id\":\"https:\/\/futbolhoy.co\/index.php\/2023\/07\/10\/quintero-explica-la-razon-de-su-salida-del-junior\/#breadcrumb\"},\"inLanguage\":\"es\",\"potentialAction\":[{\"@type\":\"ReadAction\",\"target\":[\"https:\/\/futbolhoy.co\/index.php\/2023\/07\/10\/quintero-explica-la-razon-de-su-salida-del-junior\/\"]}]},{\"@type\":\"ImageObject\",\"inLanguage\":\"es\",\"@id\":\"https:\/\/futbolhoy.co\/index.php\/2023\/07\/10\/quintero-explica-la-razon-de-su-salida-del-junior\/#primaryimage\",\"url\":\"https:\/\/futbolhoy.co\/wp-content\/uploads\/2023\/01\/Quintero-JuanFer.jpg\",\"contentUrl\":\"https:\/\/futbolhoy.co\/wp-content\/uploads\/2023\/01\/Quintero-JuanFer.jpg\",\"width\":978,\"height\":668},{\"@type\":\"BreadcrumbList\",\"@id\":\"https:\/\/futbolhoy.co\/index.php\/2023\/07\/10\/quintero-explica-la-razon-de-su-salida-del-junior\/#breadcrumb\",\"itemListElement\":[{\"@type\":\"ListItem\",\"position\":1,\"name\":\"Portada\",\"item\":\"https:\/\/futbolhoy.co\/\"},{\"@type\":\"ListItem\",\"position\":2,\"name\":\"Quintero explica la raz\u00f3n de su salida del Junior\"}]},{\"@type\":\"WebSite\",\"@id\":\"https:\/\/futbolhoy.co\/#website\",\"url\":\"https:\/\/futbolhoy.co\/\",\"name\":\"FutbolHoy\",\"description\":\"\",\"publisher\":{\"@id\":\"https:\/\/futbolhoy.co\/#organization\"},\"potentialAction\":[{\"@type\":\"SearchAction\",\"target\":{\"@type\":\"EntryPoint\",\"urlTemplate\":\"https:\/\/futbolhoy.co\/?s={search_term_string}\"},\"query-input\":{\"@type\":\"PropertyValueSpecification\",\"valueRequired\":true,\"valueName\":\"search_term_string\"}}],\"inLanguage\":\"es\"},{\"@type\":\"Organization\",\"@id\":\"https:\/\/futbolhoy.co\/#organization\",\"name\":\"Futbolhoy.co\",\"url\":\"https:\/\/futbolhoy.co\/\",\"logo\":{\"@type\":\"ImageObject\",\"inLanguage\":\"es\",\"@id\":\"https:\/\/futbolhoy.co\/#\/schema\/logo\/image\/\",\"url\":\"https:\/\/futbolhoy.co\/wp-content\/uploads\/2018\/08\/17426380_1906371736249227_6326180412931521141_n.jpg\",\"contentUrl\":\"https:\/\/futbolhoy.co\/wp-content\/uploads\/2018\/08\/17426380_1906371736249227_6326180412931521141_n.jpg\",\"width\":960,\"height\":960,\"caption\":\"Futbolhoy.co\"},\"image\":{\"@id\":\"https:\/\/futbolhoy.co\/#\/schema\/logo\/image\/\"},\"sameAs\":[\"https:\/\/www.facebook.com\/FutbolHoyCol\/\",\"https:\/\/x.com\/FutbolHoyCol\",\"https:\/\/www.instagram.com\/futbolhoycol\/\"]},{\"@type\":\"Person\",\"@id\":\"https:\/\/futbolhoy.co\/#\/schema\/person\/1721b69355b6623eaff15ac7b92d4cc3\",\"name\":\"contenido\",\"image\":{\"@type\":\"ImageObject\",\"inLanguage\":\"es\",\"@id\":\"https:\/\/futbolhoy.co\/#\/schema\/person\/image\/\",\"url\":\"https:\/\/secure.gravatar.com\/avatar\/4f656d3256f5134f466206e7c3941518?s=96&d=mm&r=g\",\"contentUrl\":\"https:\/\/secure.gravatar.com\/avatar\/4f656d3256f5134f466206e7c3941518?s=96&d=mm&r=g\",\"caption\":\"contenido\"}}]}<\/script>\n<!-- \/ Yoast SEO plugin. -->","yoast_head_json":{"title":"Quintero explica la raz\u00f3n de su salida del Junior -","robots":{"index":"index","follow":"follow","max-snippet":"max-snippet:-1","max-image-preview":"max-image-preview:large","max-video-preview":"max-video-preview:-1"},"canonical":"https:\/\/futbolhoy.co\/index.php\/2023\/07\/10\/quintero-explica-la-razon-de-su-salida-del-junior\/","og_locale":"es_ES","og_type":"article","og_title":"Quintero explica la raz\u00f3n de su salida del Junior -","og_description":"La novela de la salida de Juan Fernando Quintero del Junior tiene otro cap\u00edtulo. Luego de que Bolillo G\u00f3mez revelara la \u201cverdadera\u201d raz\u00f3n de la salida del jugador del equipo, fue el volante el que ahora se encarg\u00f3 de dar su versi\u00f3n. \u201cYo veo que en estos \u00faltimos dos o tres d\u00edas, empiezo a sentir [&hellip;]","og_url":"https:\/\/futbolhoy.co\/index.php\/2023\/07\/10\/quintero-explica-la-razon-de-su-salida-del-junior\/","article_publisher":"https:\/\/www.facebook.com\/FutbolHoyCol\/","article_published_time":"2023-07-10T22:15:03+00:00","article_modified_time":"2023-07-11T18:28:41+00:00","og_image":[{"width":978,"height":668,"url":"https:\/\/futbolhoy.co\/wp-content\/uploads\/2023\/01\/Quintero-JuanFer.jpg","type":"image\/jpeg"}],"author":"contenido","twitter_card":"summary_large_image","twitter_creator":"@FutbolHoyCol","twitter_site":"@FutbolHoyCol","twitter_misc":{"Escrito por":"contenido","Tiempo de lectura":"1 minuto"},"schema":{"@context":"https:\/\/schema.org","@graph":[{"@type":"Article","@id":"https:\/\/futbolhoy.co\/index.php\/2023\/07\/10\/quintero-explica-la-razon-de-su-salida-del-junior\/#article","isPartOf":{"@id":"https:\/\/futbolhoy.co\/index.php\/2023\/07\/10\/quintero-explica-la-razon-de-su-salida-del-junior\/"},"author":{"name":"contenido","@id":"https:\/\/futbolhoy.co\/#\/schema\/person\/1721b69355b6623eaff15ac7b92d4cc3"},"headline":"Quintero explica la raz\u00f3n de su salida del Junior","datePublished":"2023-07-10T22:15:03+00:00","dateModified":"2023-07-11T18:28:41+00:00","mainEntityOfPage":{"@id":"https:\/\/futbolhoy.co\/index.php\/2023\/07\/10\/quintero-explica-la-razon-de-su-salida-del-junior\/"},"wordCount":259,"commentCount":0,"publisher":{"@id":"https:\/\/futbolhoy.co\/#organization"},"image":{"@id":"https:\/\/futbolhoy.co\/index.php\/2023\/07\/10\/quintero-explica-la-razon-de-su-salida-del-junior\/#primaryimage"},"thumbnailUrl":"https:\/\/futbolhoy.co\/wp-content\/uploads\/2023\/01\/Quintero-JuanFer.jpg","articleSection":["Liga BetPlay"],"inLanguage":"es","potentialAction":[{"@type":"CommentAction","name":"Comment","target":["https:\/\/futbolhoy.co\/index.php\/2023\/07\/10\/quintero-explica-la-razon-de-su-salida-del-junior\/#respond"]}]},{"@type":"WebPage","@id":"https:\/\/futbolhoy.co\/index.php\/2023\/07\/10\/quintero-explica-la-razon-de-su-salida-del-junior\/","url":"https:\/\/futbolhoy.co\/index.php\/2023\/07\/10\/quintero-explica-la-razon-de-su-salida-del-junior\/","name":"Quintero explica la raz\u00f3n de su salida del Junior -","isPartOf":{"@id":"https:\/\/futbolhoy.co\/#website"},"primaryImageOfPage":{"@id":"https:\/\/futbolhoy.co\/index.php\/2023\/07\/10\/quintero-explica-la-razon-de-su-salida-del-junior\/#primaryimage"},"image":{"@id":"https:\/\/futbolhoy.co\/index.php\/2023\/07\/10\/quintero-explica-la-razon-de-su-salida-del-junior\/#primaryimage"},"thumbnailUrl":"https:\/\/futbolhoy.co\/wp-content\/uploads\/2023\/01\/Quintero-JuanFer.jpg","datePublished":"2023-07-10T22:15:03+00:00","dateModified":"2023-07-11T18:28:41+00:00","breadcrumb":{"@id":"https:\/\/futbolhoy.co\/index.php\/2023\/07\/10\/quintero-explica-la-razon-de-su-salida-del-junior\/#breadcrumb"},"inLanguage":"es","potentialAction":[{"@type":"ReadAction","target":["https:\/\/futbolhoy.co\/index.php\/2023\/07\/10\/quintero-explica-la-razon-de-su-salida-del-junior\/"]}]},{"@type":"ImageObject","inLanguage":"es","@id":"https:\/\/futbolhoy.co\/index.php\/2023\/07\/10\/quintero-explica-la-razon-de-su-salida-del-junior\/#primaryimage","url":"https:\/\/futbolhoy.co\/wp-content\/uploads\/2023\/01\/Quintero-JuanFer.jpg","contentUrl":"https:\/\/futbolhoy.co\/wp-content\/uploads\/2023\/01\/Quintero-JuanFer.jpg","width":978,"height":668},{"@type":"BreadcrumbList","@id":"https:\/\/futbolhoy.co\/index.php\/2023\/07\/10\/quintero-explica-la-razon-de-su-salida-del-junior\/#breadcrumb","itemListElement":[{"@type":"ListItem","position":1,"name":"Portada","item":"https:\/\/futbolhoy.co\/"},{"@type":"ListItem","position":2,"name":"Quintero explica la raz\u00f3n de su salida del Junior"}]},{"@type":"WebSite","@id":"https:\/\/futbolhoy.co\/#website","url":"https:\/\/futbolhoy.co\/","name":"FutbolHoy","description":"","publisher":{"@id":"https:\/\/futbolhoy.co\/#organization"},"potentialAction":[{"@type":"SearchAction","target":{"@type":"EntryPoint","urlTemplate":"https:\/\/futbolhoy.co\/?s={search_term_string}"},"query-input":{"@type":"PropertyValueSpecification","valueRequired":true,"valueName":"search_term_string"}}],"inLanguage":"es"},{"@type":"Organization","@id":"https:\/\/futbolhoy.co\/#organization","name":"Futbolhoy.co","url":"https:\/\/futbolhoy.co\/","logo":{"@type":"ImageObject","inLanguage":"es","@id":"https:\/\/futbolhoy.co\/#\/schema\/logo\/image\/","url":"https:\/\/futbolhoy.co\/wp-content\/uploads\/2018\/08\/17426380_1906371736249227_6326180412931521141_n.jpg","contentUrl":"https:\/\/futbolhoy.co\/wp-content\/uploads\/2018\/08\/17426380_1906371736249227_6326180412931521141_n.jpg","width":960,"height":960,"caption":"Futbolhoy.co"},"image":{"@id":"https:\/\/futbolhoy.co\/#\/schema\/logo\/image\/"},"sameAs":["https:\/\/www.facebook.com\/FutbolHoyCol\/","https:\/\/x.com\/FutbolHoyCol","https:\/\/www.instagram.com\/futbolhoycol\/"]},{"@type":"Person","@id":"https:\/\/futbolhoy.co\/#\/schema\/person\/1721b69355b6623eaff15ac7b92d4cc3","name":"contenido","image":{"@type":"ImageObject","inLanguage":"es","@id":"https:\/\/futbolhoy.co\/#\/schema\/person\/image\/","url":"https:\/\/secure.gravatar.com\/avatar\/4f656d3256f5134f466206e7c3941518?s=96&d=mm&r=g","contentUrl":"https:\/\/secure.gravatar.com\/avatar\/4f656d3256f5134f466206e7c3941518?s=96&d=mm&r=g","caption":"contenido"}}]}},"publishpress_future_action":{"enabled":false,"date":"2026-05-05 15:17:16","action":"change-status","newStatus":"draft","terms":[],"taxonomy":"category","extraData":[]},"publishpress_future_workflow_manual_trigger":{"enabledWorkflows":[]},"_links":{"self":[{"href":"https:\/\/futbolhoy.co\/index.php\/wp-json\/wp\/v2\/posts\/96949","targetHints":{"allow":["GET"]}}],"collection":[{"href":"https:\/\/futbolhoy.co\/index.php\/wp-json\/wp\/v2\/posts"}],"about":[{"href":"https:\/\/futbolhoy.co\/index.php\/wp-json\/wp\/v2\/types\/post"}],"author":[{"embeddable":true,"href":"https:\/\/futbolhoy.co\/index.php\/wp-json\/wp\/v2\/users\/4"}],"replies":[{"embeddable":true,"href":"https:\/\/futbolhoy.co\/index.php\/wp-json\/wp\/v2\/comments?post=96949"}],"version-history":[{"count":2,"href":"https:\/\/futbolhoy.co\/index.php\/wp-json\/wp\/v2\/posts\/96949\/revisions"}],"predecessor-version":[{"id":96974,"href":"https:\/\/futbolhoy.co\/index.php\/wp-json\/wp\/v2\/posts\/96949\/revisions\/96974"}],"wp:featuredmedia":[{"embeddable":true,"href":"https:\/\/futbolhoy.co\/index.php\/wp-json\/wp\/v2\/media\/89491"}],"wp:attachment":[{"href":"https:\/\/futbolhoy.co\/index.php\/wp-json\/wp\/v2\/media?parent=96949"}],"wp:term":[{"taxonomy":"category","embeddable":true,"href":"https:\/\/futbolhoy.co\/index.php\/wp-json\/wp\/v2\/categories?post=96949"},{"taxonomy":"post_tag","embeddable":true,"href":"https:\/\/futbolhoy.co\/index.php\/wp-json\/wp\/v2\/tags?post=96949"}],"curies":[{"name":"wp","href":"https:\/\/api.w.org\/{rel}","templated":true}]}}