{"id":96951,"date":"2023-07-10T12:39:16","date_gmt":"2023-07-10T17:39:16","guid":{"rendered":"https:\/\/futbolhoy.co\/?p=96951"},"modified":"2023-07-11T08:59:02","modified_gmt":"2023-07-11T13:59:02","slug":"fifa-visita-colombia-con-miras-al-mundial","status":"publish","type":"post","link":"https:\/\/futbolhoy.co\/index.php\/2023\/07\/10\/fifa-visita-colombia-con-miras-al-mundial\/","title":{"rendered":"FIFA visita Colombia con miras al Mundial"},"content":{"rendered":"<p style=\"text-align: justify;\"><span style=\"font-family: helvetica, arial, sans-serif;\">Delegados de la <strong>FIFA<\/strong> se encuentran en <strong>Colombia<\/strong> realizando la primera visita con miras al <strong>Mundial<\/strong> <strong>Femenino Sub-20<\/strong> que tendr\u00e1 lugar en el pa\u00eds durante el 2024.<\/span><\/p>\n<p style=\"text-align: justify;\"><span style=\"font-family: helvetica, arial, sans-serif;\">As\u00ed lo dio a conocer la <strong>Federaci\u00f3n Colombiana de F\u00fatbol<\/strong> en un comunicado. \u201cMa\u00f1ana (martes) la delegaci\u00f3n <strong>FIFA<\/strong> y personal administrativo de la Federaci\u00f3n Colombiana de F\u00fatbol, iniciaran su calendario de visitas por el territorio nacional, \u00e9l cual se extender\u00e1 hasta el pr\u00f3ximo viernes\u201d.<\/span><\/p>\n<p style=\"text-align: justify;\"><span style=\"font-family: helvetica, arial, sans-serif;\">El pasado 23 de junio la <strong>FCF<\/strong> confirm\u00f3 la elecci\u00f3n del pa\u00eds como sede de la Copa Mundo de la categor\u00eda. <strong>Ram\u00f3n Jesur\u00fan<\/strong> explic\u00f3 que la elecci\u00f3n se debi\u00f3 a que Colombia \u201cgenera mucha simpat\u00eda a nivel internacional, nos quieren m\u00e1s afuera que nosotros mismos aqu\u00ed adentro. Finalmente se logr\u00f3. Se hizo la propuesta y aceptaron que la sede fuera Colombia\u201d.<\/span><\/p>\n<p style=\"text-align: justify;\"><span style=\"font-family: helvetica, arial, sans-serif;\">A la fecha, se han disputado diez torneos, dejando como saldo de campeones a <strong>Alemania<\/strong> (3 veces), <strong>Estados Unidos (3 veces), Corea del Norte (2 veces), Jap\u00f3n (1 vez) y Espa\u00f1a (1 vez),<\/strong> que son las vigentes portadoras del t\u00edtulo.<\/span><\/p>\n","protected":false},"excerpt":{"rendered":"<p>Delegados de la FIFA se encuentran en Colombia realizando la primera visita con miras al Mundial Femenino Sub-20 que tendr\u00e1 lugar en el pa\u00eds durante el 2024. As\u00ed lo dio a conocer la Federaci\u00f3n Colombiana de F\u00fatbol en un comunicado. \u201cMa\u00f1ana (martes) la delegaci\u00f3n FIFA y personal administrativo de la Federaci\u00f3n Colombiana de F\u00fatbol, iniciaran [&hellip;]<\/p>\n","protected":false},"author":4,"featured_media":96952,"comment_status":"open","ping_status":"open","sticky":false,"template":"","format":"standard","meta":{"_acf_changed":false,"footnotes":""},"categories":[418],"tags":[],"class_list":{"0":"post-96951","1":"post","2":"type-post","3":"status-publish","4":"format-standard","5":"has-post-thumbnail","7":"category-colombia"},"acf":[],"yoast_head":"<!-- This site is optimized with the Yoast SEO plugin v26.8 - https:\/\/yoast.com\/product\/yoast-seo-wordpress\/ -->\n<title>FIFA visita Colombia con miras al Mundial -<\/title>\n<meta name=\"robots\" content=\"index, follow, max-snippet:-1, max-image-preview:large, max-video-preview:-1\" \/>\n<link rel=\"canonical\" href=\"https:\/\/futbolhoy.co\/index.php\/2023\/07\/10\/fifa-visita-colombia-con-miras-al-mundial\/\" \/>\n<meta property=\"og:locale\" content=\"es_ES\" \/>\n<meta property=\"og:type\" content=\"article\" \/>\n<meta property=\"og:title\" content=\"FIFA visita Colombia con miras al Mundial -\" \/>\n<meta property=\"og:description\" content=\"Delegados de la FIFA se encuentran en Colombia realizando la primera visita con miras al Mundial Femenino Sub-20 que tendr\u00e1 lugar en el pa\u00eds durante el 2024. As\u00ed lo dio a conocer la Federaci\u00f3n Colombiana de F\u00fatbol en un comunicado. \u201cMa\u00f1ana (martes) la delegaci\u00f3n FIFA y personal administrativo de la Federaci\u00f3n Colombiana de F\u00fatbol, iniciaran [&hellip;]\" \/>\n<meta property=\"og:url\" content=\"https:\/\/futbolhoy.co\/index.php\/2023\/07\/10\/fifa-visita-colombia-con-miras-al-mundial\/\" \/>\n<meta property=\"article:publisher\" content=\"https:\/\/www.facebook.com\/FutbolHoyCol\/\" \/>\n<meta property=\"article:published_time\" content=\"2023-07-10T17:39:16+00:00\" \/>\n<meta property=\"article:modified_time\" content=\"2023-07-11T13:59:02+00:00\" \/>\n<meta property=\"og:image\" content=\"https:\/\/futbolhoy.co\/wp-content\/uploads\/2023\/07\/F0tGPYiX0AE_HG6.jpg\" \/>\n\t<meta property=\"og:image:width\" content=\"1056\" \/>\n\t<meta property=\"og:image:height\" content=\"605\" \/>\n\t<meta property=\"og:image:type\" content=\"image\/jpeg\" \/>\n<meta name=\"author\" content=\"contenido\" \/>\n<meta name=\"twitter:card\" content=\"summary_large_image\" \/>\n<meta name=\"twitter:creator\" content=\"@FutbolHoyCol\" \/>\n<meta name=\"twitter:site\" content=\"@FutbolHoyCol\" \/>\n<meta name=\"twitter:label1\" content=\"Escrito por\" \/>\n\t<meta name=\"twitter:data1\" content=\"contenido\" \/>\n\t<meta name=\"twitter:label2\" content=\"Tiempo de lectura\" \/>\n\t<meta name=\"twitter:data2\" content=\"1 minuto\" \/>\n<script type=\"application\/ld+json\" class=\"yoast-schema-graph\">{\"@context\":\"https:\/\/schema.org\",\"@graph\":[{\"@type\":\"Article\",\"@id\":\"https:\/\/futbolhoy.co\/index.php\/2023\/07\/10\/fifa-visita-colombia-con-miras-al-mundial\/#article\",\"isPartOf\":{\"@id\":\"https:\/\/futbolhoy.co\/index.php\/2023\/07\/10\/fifa-visita-colombia-con-miras-al-mundial\/\"},\"author\":{\"name\":\"contenido\",\"@id\":\"https:\/\/futbolhoy.co\/#\/schema\/person\/1721b69355b6623eaff15ac7b92d4cc3\"},\"headline\":\"FIFA visita Colombia con miras al Mundial\",\"datePublished\":\"2023-07-10T17:39:16+00:00\",\"dateModified\":\"2023-07-11T13:59:02+00:00\",\"mainEntityOfPage\":{\"@id\":\"https:\/\/futbolhoy.co\/index.php\/2023\/07\/10\/fifa-visita-colombia-con-miras-al-mundial\/\"},\"wordCount\":191,\"commentCount\":0,\"publisher\":{\"@id\":\"https:\/\/futbolhoy.co\/#organization\"},\"image\":{\"@id\":\"https:\/\/futbolhoy.co\/index.php\/2023\/07\/10\/fifa-visita-colombia-con-miras-al-mundial\/#primaryimage\"},\"thumbnailUrl\":\"https:\/\/futbolhoy.co\/wp-content\/uploads\/2023\/07\/F0tGPYiX0AE_HG6.jpg\",\"articleSection\":[\"Colombia\"],\"inLanguage\":\"es\",\"potentialAction\":[{\"@type\":\"CommentAction\",\"name\":\"Comment\",\"target\":[\"https:\/\/futbolhoy.co\/index.php\/2023\/07\/10\/fifa-visita-colombia-con-miras-al-mundial\/#respond\"]}]},{\"@type\":\"WebPage\",\"@id\":\"https:\/\/futbolhoy.co\/index.php\/2023\/07\/10\/fifa-visita-colombia-con-miras-al-mundial\/\",\"url\":\"https:\/\/futbolhoy.co\/index.php\/2023\/07\/10\/fifa-visita-colombia-con-miras-al-mundial\/\",\"name\":\"FIFA visita Colombia con miras al Mundial -\",\"isPartOf\":{\"@id\":\"https:\/\/futbolhoy.co\/#website\"},\"primaryImageOfPage\":{\"@id\":\"https:\/\/futbolhoy.co\/index.php\/2023\/07\/10\/fifa-visita-colombia-con-miras-al-mundial\/#primaryimage\"},\"image\":{\"@id\":\"https:\/\/futbolhoy.co\/index.php\/2023\/07\/10\/fifa-visita-colombia-con-miras-al-mundial\/#primaryimage\"},\"thumbnailUrl\":\"https:\/\/futbolhoy.co\/wp-content\/uploads\/2023\/07\/F0tGPYiX0AE_HG6.jpg\",\"datePublished\":\"2023-07-10T17:39:16+00:00\",\"dateModified\":\"2023-07-11T13:59:02+00:00\",\"breadcrumb\":{\"@id\":\"https:\/\/futbolhoy.co\/index.php\/2023\/07\/10\/fifa-visita-colombia-con-miras-al-mundial\/#breadcrumb\"},\"inLanguage\":\"es\",\"potentialAction\":[{\"@type\":\"ReadAction\",\"target\":[\"https:\/\/futbolhoy.co\/index.php\/2023\/07\/10\/fifa-visita-colombia-con-miras-al-mundial\/\"]}]},{\"@type\":\"ImageObject\",\"inLanguage\":\"es\",\"@id\":\"https:\/\/futbolhoy.co\/index.php\/2023\/07\/10\/fifa-visita-colombia-con-miras-al-mundial\/#primaryimage\",\"url\":\"https:\/\/futbolhoy.co\/wp-content\/uploads\/2023\/07\/F0tGPYiX0AE_HG6.jpg\",\"contentUrl\":\"https:\/\/futbolhoy.co\/wp-content\/uploads\/2023\/07\/F0tGPYiX0AE_HG6.jpg\",\"width\":1056,\"height\":605},{\"@type\":\"BreadcrumbList\",\"@id\":\"https:\/\/futbolhoy.co\/index.php\/2023\/07\/10\/fifa-visita-colombia-con-miras-al-mundial\/#breadcrumb\",\"itemListElement\":[{\"@type\":\"ListItem\",\"position\":1,\"name\":\"Portada\",\"item\":\"https:\/\/futbolhoy.co\/\"},{\"@type\":\"ListItem\",\"position\":2,\"name\":\"FIFA visita Colombia con miras al Mundial\"}]},{\"@type\":\"WebSite\",\"@id\":\"https:\/\/futbolhoy.co\/#website\",\"url\":\"https:\/\/futbolhoy.co\/\",\"name\":\"FutbolHoy\",\"description\":\"\",\"publisher\":{\"@id\":\"https:\/\/futbolhoy.co\/#organization\"},\"potentialAction\":[{\"@type\":\"SearchAction\",\"target\":{\"@type\":\"EntryPoint\",\"urlTemplate\":\"https:\/\/futbolhoy.co\/?s={search_term_string}\"},\"query-input\":{\"@type\":\"PropertyValueSpecification\",\"valueRequired\":true,\"valueName\":\"search_term_string\"}}],\"inLanguage\":\"es\"},{\"@type\":\"Organization\",\"@id\":\"https:\/\/futbolhoy.co\/#organization\",\"name\":\"Futbolhoy.co\",\"url\":\"https:\/\/futbolhoy.co\/\",\"logo\":{\"@type\":\"ImageObject\",\"inLanguage\":\"es\",\"@id\":\"https:\/\/futbolhoy.co\/#\/schema\/logo\/image\/\",\"url\":\"https:\/\/futbolhoy.co\/wp-content\/uploads\/2018\/08\/17426380_1906371736249227_6326180412931521141_n.jpg\",\"contentUrl\":\"https:\/\/futbolhoy.co\/wp-content\/uploads\/2018\/08\/17426380_1906371736249227_6326180412931521141_n.jpg\",\"width\":960,\"height\":960,\"caption\":\"Futbolhoy.co\"},\"image\":{\"@id\":\"https:\/\/futbolhoy.co\/#\/schema\/logo\/image\/\"},\"sameAs\":[\"https:\/\/www.facebook.com\/FutbolHoyCol\/\",\"https:\/\/x.com\/FutbolHoyCol\",\"https:\/\/www.instagram.com\/futbolhoycol\/\"]},{\"@type\":\"Person\",\"@id\":\"https:\/\/futbolhoy.co\/#\/schema\/person\/1721b69355b6623eaff15ac7b92d4cc3\",\"name\":\"contenido\",\"image\":{\"@type\":\"ImageObject\",\"inLanguage\":\"es\",\"@id\":\"https:\/\/futbolhoy.co\/#\/schema\/person\/image\/\",\"url\":\"https:\/\/secure.gravatar.com\/avatar\/4f656d3256f5134f466206e7c3941518?s=96&d=mm&r=g\",\"contentUrl\":\"https:\/\/secure.gravatar.com\/avatar\/4f656d3256f5134f466206e7c3941518?s=96&d=mm&r=g\",\"caption\":\"contenido\"}}]}<\/script>\n<!-- \/ Yoast SEO plugin. -->","yoast_head_json":{"title":"FIFA visita Colombia con miras al Mundial -","robots":{"index":"index","follow":"follow","max-snippet":"max-snippet:-1","max-image-preview":"max-image-preview:large","max-video-preview":"max-video-preview:-1"},"canonical":"https:\/\/futbolhoy.co\/index.php\/2023\/07\/10\/fifa-visita-colombia-con-miras-al-mundial\/","og_locale":"es_ES","og_type":"article","og_title":"FIFA visita Colombia con miras al Mundial -","og_description":"Delegados de la FIFA se encuentran en Colombia realizando la primera visita con miras al Mundial Femenino Sub-20 que tendr\u00e1 lugar en el pa\u00eds durante el 2024. As\u00ed lo dio a conocer la Federaci\u00f3n Colombiana de F\u00fatbol en un comunicado. \u201cMa\u00f1ana (martes) la delegaci\u00f3n FIFA y personal administrativo de la Federaci\u00f3n Colombiana de F\u00fatbol, iniciaran [&hellip;]","og_url":"https:\/\/futbolhoy.co\/index.php\/2023\/07\/10\/fifa-visita-colombia-con-miras-al-mundial\/","article_publisher":"https:\/\/www.facebook.com\/FutbolHoyCol\/","article_published_time":"2023-07-10T17:39:16+00:00","article_modified_time":"2023-07-11T13:59:02+00:00","og_image":[{"width":1056,"height":605,"url":"https:\/\/futbolhoy.co\/wp-content\/uploads\/2023\/07\/F0tGPYiX0AE_HG6.jpg","type":"image\/jpeg"}],"author":"contenido","twitter_card":"summary_large_image","twitter_creator":"@FutbolHoyCol","twitter_site":"@FutbolHoyCol","twitter_misc":{"Escrito por":"contenido","Tiempo de lectura":"1 minuto"},"schema":{"@context":"https:\/\/schema.org","@graph":[{"@type":"Article","@id":"https:\/\/futbolhoy.co\/index.php\/2023\/07\/10\/fifa-visita-colombia-con-miras-al-mundial\/#article","isPartOf":{"@id":"https:\/\/futbolhoy.co\/index.php\/2023\/07\/10\/fifa-visita-colombia-con-miras-al-mundial\/"},"author":{"name":"contenido","@id":"https:\/\/futbolhoy.co\/#\/schema\/person\/1721b69355b6623eaff15ac7b92d4cc3"},"headline":"FIFA visita Colombia con miras al Mundial","datePublished":"2023-07-10T17:39:16+00:00","dateModified":"2023-07-11T13:59:02+00:00","mainEntityOfPage":{"@id":"https:\/\/futbolhoy.co\/index.php\/2023\/07\/10\/fifa-visita-colombia-con-miras-al-mundial\/"},"wordCount":191,"commentCount":0,"publisher":{"@id":"https:\/\/futbolhoy.co\/#organization"},"image":{"@id":"https:\/\/futbolhoy.co\/index.php\/2023\/07\/10\/fifa-visita-colombia-con-miras-al-mundial\/#primaryimage"},"thumbnailUrl":"https:\/\/futbolhoy.co\/wp-content\/uploads\/2023\/07\/F0tGPYiX0AE_HG6.jpg","articleSection":["Colombia"],"inLanguage":"es","potentialAction":[{"@type":"CommentAction","name":"Comment","target":["https:\/\/futbolhoy.co\/index.php\/2023\/07\/10\/fifa-visita-colombia-con-miras-al-mundial\/#respond"]}]},{"@type":"WebPage","@id":"https:\/\/futbolhoy.co\/index.php\/2023\/07\/10\/fifa-visita-colombia-con-miras-al-mundial\/","url":"https:\/\/futbolhoy.co\/index.php\/2023\/07\/10\/fifa-visita-colombia-con-miras-al-mundial\/","name":"FIFA visita Colombia con miras al Mundial -","isPartOf":{"@id":"https:\/\/futbolhoy.co\/#website"},"primaryImageOfPage":{"@id":"https:\/\/futbolhoy.co\/index.php\/2023\/07\/10\/fifa-visita-colombia-con-miras-al-mundial\/#primaryimage"},"image":{"@id":"https:\/\/futbolhoy.co\/index.php\/2023\/07\/10\/fifa-visita-colombia-con-miras-al-mundial\/#primaryimage"},"thumbnailUrl":"https:\/\/futbolhoy.co\/wp-content\/uploads\/2023\/07\/F0tGPYiX0AE_HG6.jpg","datePublished":"2023-07-10T17:39:16+00:00","dateModified":"2023-07-11T13:59:02+00:00","breadcrumb":{"@id":"https:\/\/futbolhoy.co\/index.php\/2023\/07\/10\/fifa-visita-colombia-con-miras-al-mundial\/#breadcrumb"},"inLanguage":"es","potentialAction":[{"@type":"ReadAction","target":["https:\/\/futbolhoy.co\/index.php\/2023\/07\/10\/fifa-visita-colombia-con-miras-al-mundial\/"]}]},{"@type":"ImageObject","inLanguage":"es","@id":"https:\/\/futbolhoy.co\/index.php\/2023\/07\/10\/fifa-visita-colombia-con-miras-al-mundial\/#primaryimage","url":"https:\/\/futbolhoy.co\/wp-content\/uploads\/2023\/07\/F0tGPYiX0AE_HG6.jpg","contentUrl":"https:\/\/futbolhoy.co\/wp-content\/uploads\/2023\/07\/F0tGPYiX0AE_HG6.jpg","width":1056,"height":605},{"@type":"BreadcrumbList","@id":"https:\/\/futbolhoy.co\/index.php\/2023\/07\/10\/fifa-visita-colombia-con-miras-al-mundial\/#breadcrumb","itemListElement":[{"@type":"ListItem","position":1,"name":"Portada","item":"https:\/\/futbolhoy.co\/"},{"@type":"ListItem","position":2,"name":"FIFA visita Colombia con miras al Mundial"}]},{"@type":"WebSite","@id":"https:\/\/futbolhoy.co\/#website","url":"https:\/\/futbolhoy.co\/","name":"FutbolHoy","description":"","publisher":{"@id":"https:\/\/futbolhoy.co\/#organization"},"potentialAction":[{"@type":"SearchAction","target":{"@type":"EntryPoint","urlTemplate":"https:\/\/futbolhoy.co\/?s={search_term_string}"},"query-input":{"@type":"PropertyValueSpecification","valueRequired":true,"valueName":"search_term_string"}}],"inLanguage":"es"},{"@type":"Organization","@id":"https:\/\/futbolhoy.co\/#organization","name":"Futbolhoy.co","url":"https:\/\/futbolhoy.co\/","logo":{"@type":"ImageObject","inLanguage":"es","@id":"https:\/\/futbolhoy.co\/#\/schema\/logo\/image\/","url":"https:\/\/futbolhoy.co\/wp-content\/uploads\/2018\/08\/17426380_1906371736249227_6326180412931521141_n.jpg","contentUrl":"https:\/\/futbolhoy.co\/wp-content\/uploads\/2018\/08\/17426380_1906371736249227_6326180412931521141_n.jpg","width":960,"height":960,"caption":"Futbolhoy.co"},"image":{"@id":"https:\/\/futbolhoy.co\/#\/schema\/logo\/image\/"},"sameAs":["https:\/\/www.facebook.com\/FutbolHoyCol\/","https:\/\/x.com\/FutbolHoyCol","https:\/\/www.instagram.com\/futbolhoycol\/"]},{"@type":"Person","@id":"https:\/\/futbolhoy.co\/#\/schema\/person\/1721b69355b6623eaff15ac7b92d4cc3","name":"contenido","image":{"@type":"ImageObject","inLanguage":"es","@id":"https:\/\/futbolhoy.co\/#\/schema\/person\/image\/","url":"https:\/\/secure.gravatar.com\/avatar\/4f656d3256f5134f466206e7c3941518?s=96&d=mm&r=g","contentUrl":"https:\/\/secure.gravatar.com\/avatar\/4f656d3256f5134f466206e7c3941518?s=96&d=mm&r=g","caption":"contenido"}}]}},"publishpress_future_action":{"enabled":false,"date":"2026-05-05 20:03:25","action":"change-status","newStatus":"draft","terms":[],"taxonomy":"category","extraData":[]},"publishpress_future_workflow_manual_trigger":{"enabledWorkflows":[]},"_links":{"self":[{"href":"https:\/\/futbolhoy.co\/index.php\/wp-json\/wp\/v2\/posts\/96951","targetHints":{"allow":["GET"]}}],"collection":[{"href":"https:\/\/futbolhoy.co\/index.php\/wp-json\/wp\/v2\/posts"}],"about":[{"href":"https:\/\/futbolhoy.co\/index.php\/wp-json\/wp\/v2\/types\/post"}],"author":[{"embeddable":true,"href":"https:\/\/futbolhoy.co\/index.php\/wp-json\/wp\/v2\/users\/4"}],"replies":[{"embeddable":true,"href":"https:\/\/futbolhoy.co\/index.php\/wp-json\/wp\/v2\/comments?post=96951"}],"version-history":[{"count":1,"href":"https:\/\/futbolhoy.co\/index.php\/wp-json\/wp\/v2\/posts\/96951\/revisions"}],"predecessor-version":[{"id":96953,"href":"https:\/\/futbolhoy.co\/index.php\/wp-json\/wp\/v2\/posts\/96951\/revisions\/96953"}],"wp:featuredmedia":[{"embeddable":true,"href":"https:\/\/futbolhoy.co\/index.php\/wp-json\/wp\/v2\/media\/96952"}],"wp:attachment":[{"href":"https:\/\/futbolhoy.co\/index.php\/wp-json\/wp\/v2\/media?parent=96951"}],"wp:term":[{"taxonomy":"category","embeddable":true,"href":"https:\/\/futbolhoy.co\/index.php\/wp-json\/wp\/v2\/categories?post=96951"},{"taxonomy":"post_tag","embeddable":true,"href":"https:\/\/futbolhoy.co\/index.php\/wp-json\/wp\/v2\/tags?post=96951"}],"curies":[{"name":"wp","href":"https:\/\/api.w.org\/{rel}","templated":true}]}}