{"id":96956,"date":"2023-07-10T12:41:59","date_gmt":"2023-07-10T17:41:59","guid":{"rendered":"https:\/\/futbolhoy.co\/?p=96956"},"modified":"2023-07-11T11:45:51","modified_gmt":"2023-07-11T16:45:51","slug":"ibarbo-podria-dejar-america-de-cali","status":"publish","type":"post","link":"https:\/\/futbolhoy.co\/index.php\/2023\/07\/10\/ibarbo-podria-dejar-america-de-cali\/","title":{"rendered":"\u00bfIbarbo podr\u00eda dejar Am\u00e9rica de Cali?"},"content":{"rendered":"<p style=\"text-align: justify;\"><span style=\"font-family: helvetica, arial, sans-serif;\"><strong>V\u00edctor Ibarbo<\/strong> fue una de las contrataciones del <strong>Am\u00e9rica de Cali<\/strong> para el nuevo campeonato en <strong>Colombia.<\/strong> El futbolista lleg\u00f3 m\u00e1s por su pasado que por su presente a la instituci\u00f3n Escarlata, ya que no sabe lo que es jugar un partido oficial desde hace a\u00f1o y solo se ven\u00eda entrenando con <strong>\u00c1guilas Doradas.<\/strong><\/span><\/p>\n<p style=\"text-align: justify;\"><span style=\"font-family: helvetica, arial, sans-serif;\">Sin embargo, el delantero de 33 a\u00f1os sufri\u00f3 una lesi\u00f3n en su rodilla izquierda durante la pretemporada del equipo de <strong>Lucas Gonz\u00e1lez,<\/strong> situaci\u00f3n que puso a pensar al jugador en su continuidad con los Diablos Rojos.<\/span><\/p>\n<p style=\"text-align: justify;\"><span style=\"font-family: helvetica, arial, sans-serif;\">\u201cEs cierto lo que dije, si no juego no cobro y adem\u00e1s dependiendo de la lesi\u00f3n que tenga determinar\u00e9 si sigo o no en el club\u201d, manifest\u00f3 en di\u00e1logo con<em> Zona Libre de Humo.<\/em><\/span><\/p>\n<p style=\"text-align: justify;\"><span style=\"font-family: helvetica, arial, sans-serif;\">Todo depender\u00e1 de los resultados de los ex\u00e1menes m\u00e9dicos que se le practiquen. Su \u00faltimo club fue el <strong>V-Varen Nagasaki<\/strong> de Jap\u00f3n, el cual dej\u00f3 a mediados de 2022 y desde entonces estaba como agente libre.<\/span><\/p>\n","protected":false},"excerpt":{"rendered":"<p>V\u00edctor Ibarbo fue una de las contrataciones del Am\u00e9rica de Cali para el nuevo campeonato en Colombia. El futbolista lleg\u00f3 m\u00e1s por su pasado que por su presente a la instituci\u00f3n Escarlata, ya que no sabe lo que es jugar un partido oficial desde hace a\u00f1o y solo se ven\u00eda entrenando con \u00c1guilas Doradas. Sin [&hellip;]<\/p>\n","protected":false},"author":4,"featured_media":96957,"comment_status":"open","ping_status":"open","sticky":false,"template":"","format":"standard","meta":{"_acf_changed":false,"footnotes":""},"categories":[7],"tags":[],"class_list":{"0":"post-96956","1":"post","2":"type-post","3":"status-publish","4":"format-standard","5":"has-post-thumbnail","7":"category-liga-betplay"},"acf":[],"yoast_head":"<!-- This site is optimized with the Yoast SEO plugin v26.8 - https:\/\/yoast.com\/product\/yoast-seo-wordpress\/ -->\n<title>\u00bfIbarbo podr\u00eda dejar Am\u00e9rica de Cali? -<\/title>\n<meta name=\"robots\" content=\"index, follow, max-snippet:-1, max-image-preview:large, max-video-preview:-1\" \/>\n<link rel=\"canonical\" href=\"https:\/\/futbolhoy.co\/index.php\/2023\/07\/10\/ibarbo-podria-dejar-america-de-cali\/\" \/>\n<meta property=\"og:locale\" content=\"es_ES\" \/>\n<meta property=\"og:type\" content=\"article\" \/>\n<meta property=\"og:title\" content=\"\u00bfIbarbo podr\u00eda dejar Am\u00e9rica de Cali? -\" \/>\n<meta property=\"og:description\" content=\"V\u00edctor Ibarbo fue una de las contrataciones del Am\u00e9rica de Cali para el nuevo campeonato en Colombia. El futbolista lleg\u00f3 m\u00e1s por su pasado que por su presente a la instituci\u00f3n Escarlata, ya que no sabe lo que es jugar un partido oficial desde hace a\u00f1o y solo se ven\u00eda entrenando con \u00c1guilas Doradas. Sin [&hellip;]\" \/>\n<meta property=\"og:url\" content=\"https:\/\/futbolhoy.co\/index.php\/2023\/07\/10\/ibarbo-podria-dejar-america-de-cali\/\" \/>\n<meta property=\"article:publisher\" content=\"https:\/\/www.facebook.com\/FutbolHoyCol\/\" \/>\n<meta property=\"article:published_time\" content=\"2023-07-10T17:41:59+00:00\" \/>\n<meta property=\"article:modified_time\" content=\"2023-07-11T16:45:51+00:00\" \/>\n<meta property=\"og:image\" content=\"https:\/\/futbolhoy.co\/wp-content\/uploads\/2023\/07\/Ibarbo-1024x910.png\" \/>\n\t<meta property=\"og:image:width\" content=\"1024\" \/>\n\t<meta property=\"og:image:height\" content=\"910\" \/>\n\t<meta property=\"og:image:type\" content=\"image\/png\" \/>\n<meta name=\"author\" content=\"contenido\" \/>\n<meta name=\"twitter:card\" content=\"summary_large_image\" \/>\n<meta name=\"twitter:creator\" content=\"@FutbolHoyCol\" \/>\n<meta name=\"twitter:site\" content=\"@FutbolHoyCol\" \/>\n<meta name=\"twitter:label1\" content=\"Escrito por\" \/>\n\t<meta name=\"twitter:data1\" content=\"contenido\" \/>\n\t<meta name=\"twitter:label2\" content=\"Tiempo de lectura\" \/>\n\t<meta name=\"twitter:data2\" content=\"1 minuto\" \/>\n<script type=\"application\/ld+json\" class=\"yoast-schema-graph\">{\"@context\":\"https:\/\/schema.org\",\"@graph\":[{\"@type\":\"Article\",\"@id\":\"https:\/\/futbolhoy.co\/index.php\/2023\/07\/10\/ibarbo-podria-dejar-america-de-cali\/#article\",\"isPartOf\":{\"@id\":\"https:\/\/futbolhoy.co\/index.php\/2023\/07\/10\/ibarbo-podria-dejar-america-de-cali\/\"},\"author\":{\"name\":\"contenido\",\"@id\":\"https:\/\/futbolhoy.co\/#\/schema\/person\/1721b69355b6623eaff15ac7b92d4cc3\"},\"headline\":\"\u00bfIbarbo podr\u00eda dejar Am\u00e9rica de Cali?\",\"datePublished\":\"2023-07-10T17:41:59+00:00\",\"dateModified\":\"2023-07-11T16:45:51+00:00\",\"mainEntityOfPage\":{\"@id\":\"https:\/\/futbolhoy.co\/index.php\/2023\/07\/10\/ibarbo-podria-dejar-america-de-cali\/\"},\"wordCount\":182,\"commentCount\":0,\"publisher\":{\"@id\":\"https:\/\/futbolhoy.co\/#organization\"},\"image\":{\"@id\":\"https:\/\/futbolhoy.co\/index.php\/2023\/07\/10\/ibarbo-podria-dejar-america-de-cali\/#primaryimage\"},\"thumbnailUrl\":\"https:\/\/futbolhoy.co\/wp-content\/uploads\/2023\/07\/Ibarbo.png\",\"articleSection\":[\"Liga BetPlay\"],\"inLanguage\":\"es\",\"potentialAction\":[{\"@type\":\"CommentAction\",\"name\":\"Comment\",\"target\":[\"https:\/\/futbolhoy.co\/index.php\/2023\/07\/10\/ibarbo-podria-dejar-america-de-cali\/#respond\"]}]},{\"@type\":\"WebPage\",\"@id\":\"https:\/\/futbolhoy.co\/index.php\/2023\/07\/10\/ibarbo-podria-dejar-america-de-cali\/\",\"url\":\"https:\/\/futbolhoy.co\/index.php\/2023\/07\/10\/ibarbo-podria-dejar-america-de-cali\/\",\"name\":\"\u00bfIbarbo podr\u00eda dejar Am\u00e9rica de Cali? -\",\"isPartOf\":{\"@id\":\"https:\/\/futbolhoy.co\/#website\"},\"primaryImageOfPage\":{\"@id\":\"https:\/\/futbolhoy.co\/index.php\/2023\/07\/10\/ibarbo-podria-dejar-america-de-cali\/#primaryimage\"},\"image\":{\"@id\":\"https:\/\/futbolhoy.co\/index.php\/2023\/07\/10\/ibarbo-podria-dejar-america-de-cali\/#primaryimage\"},\"thumbnailUrl\":\"https:\/\/futbolhoy.co\/wp-content\/uploads\/2023\/07\/Ibarbo.png\",\"datePublished\":\"2023-07-10T17:41:59+00:00\",\"dateModified\":\"2023-07-11T16:45:51+00:00\",\"breadcrumb\":{\"@id\":\"https:\/\/futbolhoy.co\/index.php\/2023\/07\/10\/ibarbo-podria-dejar-america-de-cali\/#breadcrumb\"},\"inLanguage\":\"es\",\"potentialAction\":[{\"@type\":\"ReadAction\",\"target\":[\"https:\/\/futbolhoy.co\/index.php\/2023\/07\/10\/ibarbo-podria-dejar-america-de-cali\/\"]}]},{\"@type\":\"ImageObject\",\"inLanguage\":\"es\",\"@id\":\"https:\/\/futbolhoy.co\/index.php\/2023\/07\/10\/ibarbo-podria-dejar-america-de-cali\/#primaryimage\",\"url\":\"https:\/\/futbolhoy.co\/wp-content\/uploads\/2023\/07\/Ibarbo.png\",\"contentUrl\":\"https:\/\/futbolhoy.co\/wp-content\/uploads\/2023\/07\/Ibarbo.png\",\"width\":1068,\"height\":949},{\"@type\":\"BreadcrumbList\",\"@id\":\"https:\/\/futbolhoy.co\/index.php\/2023\/07\/10\/ibarbo-podria-dejar-america-de-cali\/#breadcrumb\",\"itemListElement\":[{\"@type\":\"ListItem\",\"position\":1,\"name\":\"Portada\",\"item\":\"https:\/\/futbolhoy.co\/\"},{\"@type\":\"ListItem\",\"position\":2,\"name\":\"\u00bfIbarbo podr\u00eda dejar Am\u00e9rica de Cali?\"}]},{\"@type\":\"WebSite\",\"@id\":\"https:\/\/futbolhoy.co\/#website\",\"url\":\"https:\/\/futbolhoy.co\/\",\"name\":\"FutbolHoy\",\"description\":\"\",\"publisher\":{\"@id\":\"https:\/\/futbolhoy.co\/#organization\"},\"potentialAction\":[{\"@type\":\"SearchAction\",\"target\":{\"@type\":\"EntryPoint\",\"urlTemplate\":\"https:\/\/futbolhoy.co\/?s={search_term_string}\"},\"query-input\":{\"@type\":\"PropertyValueSpecification\",\"valueRequired\":true,\"valueName\":\"search_term_string\"}}],\"inLanguage\":\"es\"},{\"@type\":\"Organization\",\"@id\":\"https:\/\/futbolhoy.co\/#organization\",\"name\":\"Futbolhoy.co\",\"url\":\"https:\/\/futbolhoy.co\/\",\"logo\":{\"@type\":\"ImageObject\",\"inLanguage\":\"es\",\"@id\":\"https:\/\/futbolhoy.co\/#\/schema\/logo\/image\/\",\"url\":\"https:\/\/futbolhoy.co\/wp-content\/uploads\/2018\/08\/17426380_1906371736249227_6326180412931521141_n.jpg\",\"contentUrl\":\"https:\/\/futbolhoy.co\/wp-content\/uploads\/2018\/08\/17426380_1906371736249227_6326180412931521141_n.jpg\",\"width\":960,\"height\":960,\"caption\":\"Futbolhoy.co\"},\"image\":{\"@id\":\"https:\/\/futbolhoy.co\/#\/schema\/logo\/image\/\"},\"sameAs\":[\"https:\/\/www.facebook.com\/FutbolHoyCol\/\",\"https:\/\/x.com\/FutbolHoyCol\",\"https:\/\/www.instagram.com\/futbolhoycol\/\"]},{\"@type\":\"Person\",\"@id\":\"https:\/\/futbolhoy.co\/#\/schema\/person\/1721b69355b6623eaff15ac7b92d4cc3\",\"name\":\"contenido\",\"image\":{\"@type\":\"ImageObject\",\"inLanguage\":\"es\",\"@id\":\"https:\/\/futbolhoy.co\/#\/schema\/person\/image\/\",\"url\":\"https:\/\/secure.gravatar.com\/avatar\/4f656d3256f5134f466206e7c3941518?s=96&d=mm&r=g\",\"contentUrl\":\"https:\/\/secure.gravatar.com\/avatar\/4f656d3256f5134f466206e7c3941518?s=96&d=mm&r=g\",\"caption\":\"contenido\"}}]}<\/script>\n<!-- \/ Yoast SEO plugin. -->","yoast_head_json":{"title":"\u00bfIbarbo podr\u00eda dejar Am\u00e9rica de Cali? -","robots":{"index":"index","follow":"follow","max-snippet":"max-snippet:-1","max-image-preview":"max-image-preview:large","max-video-preview":"max-video-preview:-1"},"canonical":"https:\/\/futbolhoy.co\/index.php\/2023\/07\/10\/ibarbo-podria-dejar-america-de-cali\/","og_locale":"es_ES","og_type":"article","og_title":"\u00bfIbarbo podr\u00eda dejar Am\u00e9rica de Cali? -","og_description":"V\u00edctor Ibarbo fue una de las contrataciones del Am\u00e9rica de Cali para el nuevo campeonato en Colombia. El futbolista lleg\u00f3 m\u00e1s por su pasado que por su presente a la instituci\u00f3n Escarlata, ya que no sabe lo que es jugar un partido oficial desde hace a\u00f1o y solo se ven\u00eda entrenando con \u00c1guilas Doradas. Sin [&hellip;]","og_url":"https:\/\/futbolhoy.co\/index.php\/2023\/07\/10\/ibarbo-podria-dejar-america-de-cali\/","article_publisher":"https:\/\/www.facebook.com\/FutbolHoyCol\/","article_published_time":"2023-07-10T17:41:59+00:00","article_modified_time":"2023-07-11T16:45:51+00:00","og_image":[{"width":1024,"height":910,"url":"https:\/\/futbolhoy.co\/wp-content\/uploads\/2023\/07\/Ibarbo-1024x910.png","type":"image\/png"}],"author":"contenido","twitter_card":"summary_large_image","twitter_creator":"@FutbolHoyCol","twitter_site":"@FutbolHoyCol","twitter_misc":{"Escrito por":"contenido","Tiempo de lectura":"1 minuto"},"schema":{"@context":"https:\/\/schema.org","@graph":[{"@type":"Article","@id":"https:\/\/futbolhoy.co\/index.php\/2023\/07\/10\/ibarbo-podria-dejar-america-de-cali\/#article","isPartOf":{"@id":"https:\/\/futbolhoy.co\/index.php\/2023\/07\/10\/ibarbo-podria-dejar-america-de-cali\/"},"author":{"name":"contenido","@id":"https:\/\/futbolhoy.co\/#\/schema\/person\/1721b69355b6623eaff15ac7b92d4cc3"},"headline":"\u00bfIbarbo podr\u00eda dejar Am\u00e9rica de Cali?","datePublished":"2023-07-10T17:41:59+00:00","dateModified":"2023-07-11T16:45:51+00:00","mainEntityOfPage":{"@id":"https:\/\/futbolhoy.co\/index.php\/2023\/07\/10\/ibarbo-podria-dejar-america-de-cali\/"},"wordCount":182,"commentCount":0,"publisher":{"@id":"https:\/\/futbolhoy.co\/#organization"},"image":{"@id":"https:\/\/futbolhoy.co\/index.php\/2023\/07\/10\/ibarbo-podria-dejar-america-de-cali\/#primaryimage"},"thumbnailUrl":"https:\/\/futbolhoy.co\/wp-content\/uploads\/2023\/07\/Ibarbo.png","articleSection":["Liga BetPlay"],"inLanguage":"es","potentialAction":[{"@type":"CommentAction","name":"Comment","target":["https:\/\/futbolhoy.co\/index.php\/2023\/07\/10\/ibarbo-podria-dejar-america-de-cali\/#respond"]}]},{"@type":"WebPage","@id":"https:\/\/futbolhoy.co\/index.php\/2023\/07\/10\/ibarbo-podria-dejar-america-de-cali\/","url":"https:\/\/futbolhoy.co\/index.php\/2023\/07\/10\/ibarbo-podria-dejar-america-de-cali\/","name":"\u00bfIbarbo podr\u00eda dejar Am\u00e9rica de Cali? -","isPartOf":{"@id":"https:\/\/futbolhoy.co\/#website"},"primaryImageOfPage":{"@id":"https:\/\/futbolhoy.co\/index.php\/2023\/07\/10\/ibarbo-podria-dejar-america-de-cali\/#primaryimage"},"image":{"@id":"https:\/\/futbolhoy.co\/index.php\/2023\/07\/10\/ibarbo-podria-dejar-america-de-cali\/#primaryimage"},"thumbnailUrl":"https:\/\/futbolhoy.co\/wp-content\/uploads\/2023\/07\/Ibarbo.png","datePublished":"2023-07-10T17:41:59+00:00","dateModified":"2023-07-11T16:45:51+00:00","breadcrumb":{"@id":"https:\/\/futbolhoy.co\/index.php\/2023\/07\/10\/ibarbo-podria-dejar-america-de-cali\/#breadcrumb"},"inLanguage":"es","potentialAction":[{"@type":"ReadAction","target":["https:\/\/futbolhoy.co\/index.php\/2023\/07\/10\/ibarbo-podria-dejar-america-de-cali\/"]}]},{"@type":"ImageObject","inLanguage":"es","@id":"https:\/\/futbolhoy.co\/index.php\/2023\/07\/10\/ibarbo-podria-dejar-america-de-cali\/#primaryimage","url":"https:\/\/futbolhoy.co\/wp-content\/uploads\/2023\/07\/Ibarbo.png","contentUrl":"https:\/\/futbolhoy.co\/wp-content\/uploads\/2023\/07\/Ibarbo.png","width":1068,"height":949},{"@type":"BreadcrumbList","@id":"https:\/\/futbolhoy.co\/index.php\/2023\/07\/10\/ibarbo-podria-dejar-america-de-cali\/#breadcrumb","itemListElement":[{"@type":"ListItem","position":1,"name":"Portada","item":"https:\/\/futbolhoy.co\/"},{"@type":"ListItem","position":2,"name":"\u00bfIbarbo podr\u00eda dejar Am\u00e9rica de Cali?"}]},{"@type":"WebSite","@id":"https:\/\/futbolhoy.co\/#website","url":"https:\/\/futbolhoy.co\/","name":"FutbolHoy","description":"","publisher":{"@id":"https:\/\/futbolhoy.co\/#organization"},"potentialAction":[{"@type":"SearchAction","target":{"@type":"EntryPoint","urlTemplate":"https:\/\/futbolhoy.co\/?s={search_term_string}"},"query-input":{"@type":"PropertyValueSpecification","valueRequired":true,"valueName":"search_term_string"}}],"inLanguage":"es"},{"@type":"Organization","@id":"https:\/\/futbolhoy.co\/#organization","name":"Futbolhoy.co","url":"https:\/\/futbolhoy.co\/","logo":{"@type":"ImageObject","inLanguage":"es","@id":"https:\/\/futbolhoy.co\/#\/schema\/logo\/image\/","url":"https:\/\/futbolhoy.co\/wp-content\/uploads\/2018\/08\/17426380_1906371736249227_6326180412931521141_n.jpg","contentUrl":"https:\/\/futbolhoy.co\/wp-content\/uploads\/2018\/08\/17426380_1906371736249227_6326180412931521141_n.jpg","width":960,"height":960,"caption":"Futbolhoy.co"},"image":{"@id":"https:\/\/futbolhoy.co\/#\/schema\/logo\/image\/"},"sameAs":["https:\/\/www.facebook.com\/FutbolHoyCol\/","https:\/\/x.com\/FutbolHoyCol","https:\/\/www.instagram.com\/futbolhoycol\/"]},{"@type":"Person","@id":"https:\/\/futbolhoy.co\/#\/schema\/person\/1721b69355b6623eaff15ac7b92d4cc3","name":"contenido","image":{"@type":"ImageObject","inLanguage":"es","@id":"https:\/\/futbolhoy.co\/#\/schema\/person\/image\/","url":"https:\/\/secure.gravatar.com\/avatar\/4f656d3256f5134f466206e7c3941518?s=96&d=mm&r=g","contentUrl":"https:\/\/secure.gravatar.com\/avatar\/4f656d3256f5134f466206e7c3941518?s=96&d=mm&r=g","caption":"contenido"}}]}},"publishpress_future_action":{"enabled":false,"date":"2026-05-05 19:49:07","action":"change-status","newStatus":"draft","terms":[],"taxonomy":"category","extraData":[]},"publishpress_future_workflow_manual_trigger":{"enabledWorkflows":[]},"_links":{"self":[{"href":"https:\/\/futbolhoy.co\/index.php\/wp-json\/wp\/v2\/posts\/96956","targetHints":{"allow":["GET"]}}],"collection":[{"href":"https:\/\/futbolhoy.co\/index.php\/wp-json\/wp\/v2\/posts"}],"about":[{"href":"https:\/\/futbolhoy.co\/index.php\/wp-json\/wp\/v2\/types\/post"}],"author":[{"embeddable":true,"href":"https:\/\/futbolhoy.co\/index.php\/wp-json\/wp\/v2\/users\/4"}],"replies":[{"embeddable":true,"href":"https:\/\/futbolhoy.co\/index.php\/wp-json\/wp\/v2\/comments?post=96956"}],"version-history":[{"count":1,"href":"https:\/\/futbolhoy.co\/index.php\/wp-json\/wp\/v2\/posts\/96956\/revisions"}],"predecessor-version":[{"id":96958,"href":"https:\/\/futbolhoy.co\/index.php\/wp-json\/wp\/v2\/posts\/96956\/revisions\/96958"}],"wp:featuredmedia":[{"embeddable":true,"href":"https:\/\/futbolhoy.co\/index.php\/wp-json\/wp\/v2\/media\/96957"}],"wp:attachment":[{"href":"https:\/\/futbolhoy.co\/index.php\/wp-json\/wp\/v2\/media?parent=96956"}],"wp:term":[{"taxonomy":"category","embeddable":true,"href":"https:\/\/futbolhoy.co\/index.php\/wp-json\/wp\/v2\/categories?post=96956"},{"taxonomy":"post_tag","embeddable":true,"href":"https:\/\/futbolhoy.co\/index.php\/wp-json\/wp\/v2\/tags?post=96956"}],"curies":[{"name":"wp","href":"https:\/\/api.w.org\/{rel}","templated":true}]}}