{"id":96959,"date":"2023-07-11T08:52:37","date_gmt":"2023-07-11T13:52:37","guid":{"rendered":"https:\/\/futbolhoy.co\/?p=96959"},"modified":"2023-07-11T16:28:24","modified_gmt":"2023-07-11T21:28:24","slug":"chino-sandoval-pedi-hablar-con-pinto-pero-se-cerro-y-no-escucho","status":"publish","type":"post","link":"https:\/\/futbolhoy.co\/index.php\/2023\/07\/11\/chino-sandoval-pedi-hablar-con-pinto-pero-se-cerro-y-no-escucho\/","title":{"rendered":"Chino Sandoval: \u201cPed\u00ed hablar con Pinto, pero se cerr\u00f3 y no escuch\u00f3\u201d"},"content":{"rendered":"<p style=\"font-weight: 400; text-align: justify;\"><span style=\"font-family: helvetica, arial, sans-serif;\"><span style=\"font-weight: 400;\">La pol\u00e9mica salida del profesor <\/span><b>Jorge Luis Pinto del Deportivo Cali <\/b><span style=\"font-weight: 400;\">desencaden\u00f3 la realidad de que una de las razones por las que se fue se trat\u00f3 de la llegada de Luis \u2018Chino\u2019 Sandoval, el jugador que durante el semestre pasado sali\u00f3 por actos de indisciplina del Junior.\u00a0<\/span><\/span><\/p>\n<p style=\"font-weight: 400; text-align: justify;\"><span style=\"font-family: helvetica, arial, sans-serif;\"><span style=\"font-weight: 400;\">En entrevista con <\/span><b>El Alargue de Caracol Radio<\/b><span style=\"font-weight: 400;\">, el turno de hablar fue para el <\/span><b>Chino Sandoval<\/b><span style=\"font-weight: 400;\">, quien mostr\u00f3 respeto por el profesor Pinto, pero lament\u00f3 que no lo escuchara antes de que tomara la decisi\u00f3n de irse del Cali\u00a0<\/span><\/span><\/p>\n<p style=\"font-weight: 400; text-align: justify;\"><span style=\"font-family: helvetica, arial, sans-serif;\"><span style=\"font-weight: 400;\">\u201cNo tengo nada que decirle, es su punto de vista, se lo respeto. Al profe lo admiro mucho, es mundialista, con historia. <\/span><b>Tom\u00f3 su decisi\u00f3n, yo la respeto.<\/b><span style=\"font-weight: 400;\"> Cuando escuch\u00e9 eso yo le dije a los directivos que le dijeran que me diera la oportunidad de hablar personalmente con \u00e9l y si igual \u00e9l segu\u00eda tomando esa decisi\u00f3n yo se la iba a respetar. \u00c9l se cerr\u00f3, no me escuch\u00f3, son decisiones que se respetan. Tom\u00f3 la decisi\u00f3n de abandonar el club\u201d, dijo el jugador.\u00a0<\/span><\/span><\/p>\n<p style=\"font-weight: 400; text-align: justify;\"><span style=\"font-family: helvetica, arial, sans-serif;\"><span style=\"font-weight: 400;\">Al mismo tiempo, <\/span><b>Sandoval resalt\u00f3 la admiraci\u00f3n por Pinto <\/b><span style=\"font-weight: 400;\">y hasta la amistad que ten\u00edan.\u00a0<\/span><\/span><\/p>\n<p style=\"font-weight: 400; text-align: justify;\"><span style=\"font-family: helvetica, arial, sans-serif;\"><span style=\"font-weight: 400;\">\u201cEl profe es una calidad de persona, trabaja muy bien. El hombre, como todo sabemos, es un mundialista, con un recorrido importante. Siempre me hablaba, tuve buena amistad con el profe. <\/span><b>Lastimosamente pas\u00f3 lo que pas\u00f3, <\/b><span style=\"font-weight: 400;\">ya ni modo de echar reversa, coment\u00f3.\u00a0<\/span><\/span><\/p>\n<p style=\"font-weight: 400; text-align: justify;\"><span style=\"font-weight: 400; font-family: helvetica, arial, sans-serif;\">Sin embargo, Sandoval sabe que cometi\u00f3 un error, algo que incluso lo hizo pensar en el retiro.\u00a0<\/span><\/p>\n<p style=\"font-weight: 400; text-align: justify;\"><span style=\"font-family: helvetica, arial, sans-serif;\"><span style=\"font-weight: 400;\">\u201cLo llegu\u00e9 a pensar, la verdad fue un golpe muy duro para m\u00ed, mi familia. Gracias a Dios tengo una hermosa familia, mi hijo, mi mam\u00e1 que siempre estuvo ah\u00ed habl\u00e1ndome y apoy\u00e1ndome, mi mam\u00e1 tambi\u00e9n <\/span><b>estuvo ah\u00ed consol\u00e1ndome\u201d.\u00a0<\/b><\/span><\/p>\n","protected":false},"excerpt":{"rendered":"<p>La pol\u00e9mica salida del profesor Jorge Luis Pinto del Deportivo Cali desencaden\u00f3 la realidad de que una de las razones por las que se fue se trat\u00f3 de la llegada de Luis \u2018Chino\u2019 Sandoval, el jugador que durante el semestre pasado sali\u00f3 por actos de indisciplina del Junior.\u00a0 En entrevista con El Alargue de Caracol [&hellip;]<\/p>\n","protected":false},"author":4,"featured_media":96927,"comment_status":"open","ping_status":"open","sticky":false,"template":"","format":"standard","meta":{"_acf_changed":false,"footnotes":""},"categories":[7],"tags":[],"class_list":{"0":"post-96959","1":"post","2":"type-post","3":"status-publish","4":"format-standard","5":"has-post-thumbnail","7":"category-liga-betplay"},"acf":[],"yoast_head":"<!-- This site is optimized with the Yoast SEO plugin v26.8 - https:\/\/yoast.com\/product\/yoast-seo-wordpress\/ -->\n<title>Chino Sandoval: \u201cPed\u00ed hablar con Pinto, pero se cerr\u00f3 y no escuch\u00f3\u201d -<\/title>\n<meta name=\"robots\" content=\"index, follow, max-snippet:-1, max-image-preview:large, max-video-preview:-1\" \/>\n<link rel=\"canonical\" href=\"https:\/\/futbolhoy.co\/index.php\/2023\/07\/11\/chino-sandoval-pedi-hablar-con-pinto-pero-se-cerro-y-no-escucho\/\" \/>\n<meta property=\"og:locale\" content=\"es_ES\" \/>\n<meta property=\"og:type\" content=\"article\" \/>\n<meta property=\"og:title\" content=\"Chino Sandoval: \u201cPed\u00ed hablar con Pinto, pero se cerr\u00f3 y no escuch\u00f3\u201d -\" \/>\n<meta property=\"og:description\" content=\"La pol\u00e9mica salida del profesor Jorge Luis Pinto del Deportivo Cali desencaden\u00f3 la realidad de que una de las razones por las que se fue se trat\u00f3 de la llegada de Luis \u2018Chino\u2019 Sandoval, el jugador que durante el semestre pasado sali\u00f3 por actos de indisciplina del Junior.\u00a0 En entrevista con El Alargue de Caracol [&hellip;]\" \/>\n<meta property=\"og:url\" content=\"https:\/\/futbolhoy.co\/index.php\/2023\/07\/11\/chino-sandoval-pedi-hablar-con-pinto-pero-se-cerro-y-no-escucho\/\" \/>\n<meta property=\"article:publisher\" content=\"https:\/\/www.facebook.com\/FutbolHoyCol\/\" \/>\n<meta property=\"article:published_time\" content=\"2023-07-11T13:52:37+00:00\" \/>\n<meta property=\"article:modified_time\" content=\"2023-07-11T21:28:24+00:00\" \/>\n<meta property=\"og:image\" content=\"https:\/\/futbolhoy.co\/wp-content\/uploads\/2023\/07\/F0nofg1WIAA2PO8.jpg\" \/>\n\t<meta property=\"og:image:width\" content=\"1636\" \/>\n\t<meta property=\"og:image:height\" content=\"1437\" \/>\n\t<meta property=\"og:image:type\" content=\"image\/jpeg\" \/>\n<meta name=\"author\" content=\"contenido\" \/>\n<meta name=\"twitter:card\" content=\"summary_large_image\" \/>\n<meta name=\"twitter:creator\" content=\"@FutbolHoyCol\" \/>\n<meta name=\"twitter:site\" content=\"@FutbolHoyCol\" \/>\n<meta name=\"twitter:label1\" content=\"Escrito por\" \/>\n\t<meta name=\"twitter:data1\" content=\"contenido\" \/>\n\t<meta name=\"twitter:label2\" content=\"Tiempo de lectura\" \/>\n\t<meta name=\"twitter:data2\" content=\"1 minuto\" \/>\n<script type=\"application\/ld+json\" class=\"yoast-schema-graph\">{\"@context\":\"https:\/\/schema.org\",\"@graph\":[{\"@type\":\"Article\",\"@id\":\"https:\/\/futbolhoy.co\/index.php\/2023\/07\/11\/chino-sandoval-pedi-hablar-con-pinto-pero-se-cerro-y-no-escucho\/#article\",\"isPartOf\":{\"@id\":\"https:\/\/futbolhoy.co\/index.php\/2023\/07\/11\/chino-sandoval-pedi-hablar-con-pinto-pero-se-cerro-y-no-escucho\/\"},\"author\":{\"name\":\"contenido\",\"@id\":\"https:\/\/futbolhoy.co\/#\/schema\/person\/1721b69355b6623eaff15ac7b92d4cc3\"},\"headline\":\"Chino Sandoval: \u201cPed\u00ed hablar con Pinto, pero se cerr\u00f3 y no escuch\u00f3\u201d\",\"datePublished\":\"2023-07-11T13:52:37+00:00\",\"dateModified\":\"2023-07-11T21:28:24+00:00\",\"mainEntityOfPage\":{\"@id\":\"https:\/\/futbolhoy.co\/index.php\/2023\/07\/11\/chino-sandoval-pedi-hablar-con-pinto-pero-se-cerro-y-no-escucho\/\"},\"wordCount\":311,\"commentCount\":0,\"publisher\":{\"@id\":\"https:\/\/futbolhoy.co\/#organization\"},\"image\":{\"@id\":\"https:\/\/futbolhoy.co\/index.php\/2023\/07\/11\/chino-sandoval-pedi-hablar-con-pinto-pero-se-cerro-y-no-escucho\/#primaryimage\"},\"thumbnailUrl\":\"https:\/\/futbolhoy.co\/wp-content\/uploads\/2023\/07\/F0nofg1WIAA2PO8.jpg\",\"articleSection\":[\"Liga BetPlay\"],\"inLanguage\":\"es\",\"potentialAction\":[{\"@type\":\"CommentAction\",\"name\":\"Comment\",\"target\":[\"https:\/\/futbolhoy.co\/index.php\/2023\/07\/11\/chino-sandoval-pedi-hablar-con-pinto-pero-se-cerro-y-no-escucho\/#respond\"]}]},{\"@type\":\"WebPage\",\"@id\":\"https:\/\/futbolhoy.co\/index.php\/2023\/07\/11\/chino-sandoval-pedi-hablar-con-pinto-pero-se-cerro-y-no-escucho\/\",\"url\":\"https:\/\/futbolhoy.co\/index.php\/2023\/07\/11\/chino-sandoval-pedi-hablar-con-pinto-pero-se-cerro-y-no-escucho\/\",\"name\":\"Chino Sandoval: \u201cPed\u00ed hablar con Pinto, pero se cerr\u00f3 y no escuch\u00f3\u201d -\",\"isPartOf\":{\"@id\":\"https:\/\/futbolhoy.co\/#website\"},\"primaryImageOfPage\":{\"@id\":\"https:\/\/futbolhoy.co\/index.php\/2023\/07\/11\/chino-sandoval-pedi-hablar-con-pinto-pero-se-cerro-y-no-escucho\/#primaryimage\"},\"image\":{\"@id\":\"https:\/\/futbolhoy.co\/index.php\/2023\/07\/11\/chino-sandoval-pedi-hablar-con-pinto-pero-se-cerro-y-no-escucho\/#primaryimage\"},\"thumbnailUrl\":\"https:\/\/futbolhoy.co\/wp-content\/uploads\/2023\/07\/F0nofg1WIAA2PO8.jpg\",\"datePublished\":\"2023-07-11T13:52:37+00:00\",\"dateModified\":\"2023-07-11T21:28:24+00:00\",\"breadcrumb\":{\"@id\":\"https:\/\/futbolhoy.co\/index.php\/2023\/07\/11\/chino-sandoval-pedi-hablar-con-pinto-pero-se-cerro-y-no-escucho\/#breadcrumb\"},\"inLanguage\":\"es\",\"potentialAction\":[{\"@type\":\"ReadAction\",\"target\":[\"https:\/\/futbolhoy.co\/index.php\/2023\/07\/11\/chino-sandoval-pedi-hablar-con-pinto-pero-se-cerro-y-no-escucho\/\"]}]},{\"@type\":\"ImageObject\",\"inLanguage\":\"es\",\"@id\":\"https:\/\/futbolhoy.co\/index.php\/2023\/07\/11\/chino-sandoval-pedi-hablar-con-pinto-pero-se-cerro-y-no-escucho\/#primaryimage\",\"url\":\"https:\/\/futbolhoy.co\/wp-content\/uploads\/2023\/07\/F0nofg1WIAA2PO8.jpg\",\"contentUrl\":\"https:\/\/futbolhoy.co\/wp-content\/uploads\/2023\/07\/F0nofg1WIAA2PO8.jpg\",\"width\":1636,\"height\":1437},{\"@type\":\"BreadcrumbList\",\"@id\":\"https:\/\/futbolhoy.co\/index.php\/2023\/07\/11\/chino-sandoval-pedi-hablar-con-pinto-pero-se-cerro-y-no-escucho\/#breadcrumb\",\"itemListElement\":[{\"@type\":\"ListItem\",\"position\":1,\"name\":\"Portada\",\"item\":\"https:\/\/futbolhoy.co\/\"},{\"@type\":\"ListItem\",\"position\":2,\"name\":\"Chino Sandoval: \u201cPed\u00ed hablar con Pinto, pero se cerr\u00f3 y no escuch\u00f3\u201d\"}]},{\"@type\":\"WebSite\",\"@id\":\"https:\/\/futbolhoy.co\/#website\",\"url\":\"https:\/\/futbolhoy.co\/\",\"name\":\"FutbolHoy\",\"description\":\"\",\"publisher\":{\"@id\":\"https:\/\/futbolhoy.co\/#organization\"},\"potentialAction\":[{\"@type\":\"SearchAction\",\"target\":{\"@type\":\"EntryPoint\",\"urlTemplate\":\"https:\/\/futbolhoy.co\/?s={search_term_string}\"},\"query-input\":{\"@type\":\"PropertyValueSpecification\",\"valueRequired\":true,\"valueName\":\"search_term_string\"}}],\"inLanguage\":\"es\"},{\"@type\":\"Organization\",\"@id\":\"https:\/\/futbolhoy.co\/#organization\",\"name\":\"Futbolhoy.co\",\"url\":\"https:\/\/futbolhoy.co\/\",\"logo\":{\"@type\":\"ImageObject\",\"inLanguage\":\"es\",\"@id\":\"https:\/\/futbolhoy.co\/#\/schema\/logo\/image\/\",\"url\":\"https:\/\/futbolhoy.co\/wp-content\/uploads\/2018\/08\/17426380_1906371736249227_6326180412931521141_n.jpg\",\"contentUrl\":\"https:\/\/futbolhoy.co\/wp-content\/uploads\/2018\/08\/17426380_1906371736249227_6326180412931521141_n.jpg\",\"width\":960,\"height\":960,\"caption\":\"Futbolhoy.co\"},\"image\":{\"@id\":\"https:\/\/futbolhoy.co\/#\/schema\/logo\/image\/\"},\"sameAs\":[\"https:\/\/www.facebook.com\/FutbolHoyCol\/\",\"https:\/\/x.com\/FutbolHoyCol\",\"https:\/\/www.instagram.com\/futbolhoycol\/\"]},{\"@type\":\"Person\",\"@id\":\"https:\/\/futbolhoy.co\/#\/schema\/person\/1721b69355b6623eaff15ac7b92d4cc3\",\"name\":\"contenido\",\"image\":{\"@type\":\"ImageObject\",\"inLanguage\":\"es\",\"@id\":\"https:\/\/futbolhoy.co\/#\/schema\/person\/image\/\",\"url\":\"https:\/\/secure.gravatar.com\/avatar\/4f656d3256f5134f466206e7c3941518?s=96&d=mm&r=g\",\"contentUrl\":\"https:\/\/secure.gravatar.com\/avatar\/4f656d3256f5134f466206e7c3941518?s=96&d=mm&r=g\",\"caption\":\"contenido\"}}]}<\/script>\n<!-- \/ Yoast SEO plugin. -->","yoast_head_json":{"title":"Chino Sandoval: \u201cPed\u00ed hablar con Pinto, pero se cerr\u00f3 y no escuch\u00f3\u201d -","robots":{"index":"index","follow":"follow","max-snippet":"max-snippet:-1","max-image-preview":"max-image-preview:large","max-video-preview":"max-video-preview:-1"},"canonical":"https:\/\/futbolhoy.co\/index.php\/2023\/07\/11\/chino-sandoval-pedi-hablar-con-pinto-pero-se-cerro-y-no-escucho\/","og_locale":"es_ES","og_type":"article","og_title":"Chino Sandoval: \u201cPed\u00ed hablar con Pinto, pero se cerr\u00f3 y no escuch\u00f3\u201d -","og_description":"La pol\u00e9mica salida del profesor Jorge Luis Pinto del Deportivo Cali desencaden\u00f3 la realidad de que una de las razones por las que se fue se trat\u00f3 de la llegada de Luis \u2018Chino\u2019 Sandoval, el jugador que durante el semestre pasado sali\u00f3 por actos de indisciplina del Junior.\u00a0 En entrevista con El Alargue de Caracol [&hellip;]","og_url":"https:\/\/futbolhoy.co\/index.php\/2023\/07\/11\/chino-sandoval-pedi-hablar-con-pinto-pero-se-cerro-y-no-escucho\/","article_publisher":"https:\/\/www.facebook.com\/FutbolHoyCol\/","article_published_time":"2023-07-11T13:52:37+00:00","article_modified_time":"2023-07-11T21:28:24+00:00","og_image":[{"width":1636,"height":1437,"url":"https:\/\/futbolhoy.co\/wp-content\/uploads\/2023\/07\/F0nofg1WIAA2PO8.jpg","type":"image\/jpeg"}],"author":"contenido","twitter_card":"summary_large_image","twitter_creator":"@FutbolHoyCol","twitter_site":"@FutbolHoyCol","twitter_misc":{"Escrito por":"contenido","Tiempo de lectura":"1 minuto"},"schema":{"@context":"https:\/\/schema.org","@graph":[{"@type":"Article","@id":"https:\/\/futbolhoy.co\/index.php\/2023\/07\/11\/chino-sandoval-pedi-hablar-con-pinto-pero-se-cerro-y-no-escucho\/#article","isPartOf":{"@id":"https:\/\/futbolhoy.co\/index.php\/2023\/07\/11\/chino-sandoval-pedi-hablar-con-pinto-pero-se-cerro-y-no-escucho\/"},"author":{"name":"contenido","@id":"https:\/\/futbolhoy.co\/#\/schema\/person\/1721b69355b6623eaff15ac7b92d4cc3"},"headline":"Chino Sandoval: \u201cPed\u00ed hablar con Pinto, pero se cerr\u00f3 y no escuch\u00f3\u201d","datePublished":"2023-07-11T13:52:37+00:00","dateModified":"2023-07-11T21:28:24+00:00","mainEntityOfPage":{"@id":"https:\/\/futbolhoy.co\/index.php\/2023\/07\/11\/chino-sandoval-pedi-hablar-con-pinto-pero-se-cerro-y-no-escucho\/"},"wordCount":311,"commentCount":0,"publisher":{"@id":"https:\/\/futbolhoy.co\/#organization"},"image":{"@id":"https:\/\/futbolhoy.co\/index.php\/2023\/07\/11\/chino-sandoval-pedi-hablar-con-pinto-pero-se-cerro-y-no-escucho\/#primaryimage"},"thumbnailUrl":"https:\/\/futbolhoy.co\/wp-content\/uploads\/2023\/07\/F0nofg1WIAA2PO8.jpg","articleSection":["Liga BetPlay"],"inLanguage":"es","potentialAction":[{"@type":"CommentAction","name":"Comment","target":["https:\/\/futbolhoy.co\/index.php\/2023\/07\/11\/chino-sandoval-pedi-hablar-con-pinto-pero-se-cerro-y-no-escucho\/#respond"]}]},{"@type":"WebPage","@id":"https:\/\/futbolhoy.co\/index.php\/2023\/07\/11\/chino-sandoval-pedi-hablar-con-pinto-pero-se-cerro-y-no-escucho\/","url":"https:\/\/futbolhoy.co\/index.php\/2023\/07\/11\/chino-sandoval-pedi-hablar-con-pinto-pero-se-cerro-y-no-escucho\/","name":"Chino Sandoval: \u201cPed\u00ed hablar con Pinto, pero se cerr\u00f3 y no escuch\u00f3\u201d -","isPartOf":{"@id":"https:\/\/futbolhoy.co\/#website"},"primaryImageOfPage":{"@id":"https:\/\/futbolhoy.co\/index.php\/2023\/07\/11\/chino-sandoval-pedi-hablar-con-pinto-pero-se-cerro-y-no-escucho\/#primaryimage"},"image":{"@id":"https:\/\/futbolhoy.co\/index.php\/2023\/07\/11\/chino-sandoval-pedi-hablar-con-pinto-pero-se-cerro-y-no-escucho\/#primaryimage"},"thumbnailUrl":"https:\/\/futbolhoy.co\/wp-content\/uploads\/2023\/07\/F0nofg1WIAA2PO8.jpg","datePublished":"2023-07-11T13:52:37+00:00","dateModified":"2023-07-11T21:28:24+00:00","breadcrumb":{"@id":"https:\/\/futbolhoy.co\/index.php\/2023\/07\/11\/chino-sandoval-pedi-hablar-con-pinto-pero-se-cerro-y-no-escucho\/#breadcrumb"},"inLanguage":"es","potentialAction":[{"@type":"ReadAction","target":["https:\/\/futbolhoy.co\/index.php\/2023\/07\/11\/chino-sandoval-pedi-hablar-con-pinto-pero-se-cerro-y-no-escucho\/"]}]},{"@type":"ImageObject","inLanguage":"es","@id":"https:\/\/futbolhoy.co\/index.php\/2023\/07\/11\/chino-sandoval-pedi-hablar-con-pinto-pero-se-cerro-y-no-escucho\/#primaryimage","url":"https:\/\/futbolhoy.co\/wp-content\/uploads\/2023\/07\/F0nofg1WIAA2PO8.jpg","contentUrl":"https:\/\/futbolhoy.co\/wp-content\/uploads\/2023\/07\/F0nofg1WIAA2PO8.jpg","width":1636,"height":1437},{"@type":"BreadcrumbList","@id":"https:\/\/futbolhoy.co\/index.php\/2023\/07\/11\/chino-sandoval-pedi-hablar-con-pinto-pero-se-cerro-y-no-escucho\/#breadcrumb","itemListElement":[{"@type":"ListItem","position":1,"name":"Portada","item":"https:\/\/futbolhoy.co\/"},{"@type":"ListItem","position":2,"name":"Chino Sandoval: \u201cPed\u00ed hablar con Pinto, pero se cerr\u00f3 y no escuch\u00f3\u201d"}]},{"@type":"WebSite","@id":"https:\/\/futbolhoy.co\/#website","url":"https:\/\/futbolhoy.co\/","name":"FutbolHoy","description":"","publisher":{"@id":"https:\/\/futbolhoy.co\/#organization"},"potentialAction":[{"@type":"SearchAction","target":{"@type":"EntryPoint","urlTemplate":"https:\/\/futbolhoy.co\/?s={search_term_string}"},"query-input":{"@type":"PropertyValueSpecification","valueRequired":true,"valueName":"search_term_string"}}],"inLanguage":"es"},{"@type":"Organization","@id":"https:\/\/futbolhoy.co\/#organization","name":"Futbolhoy.co","url":"https:\/\/futbolhoy.co\/","logo":{"@type":"ImageObject","inLanguage":"es","@id":"https:\/\/futbolhoy.co\/#\/schema\/logo\/image\/","url":"https:\/\/futbolhoy.co\/wp-content\/uploads\/2018\/08\/17426380_1906371736249227_6326180412931521141_n.jpg","contentUrl":"https:\/\/futbolhoy.co\/wp-content\/uploads\/2018\/08\/17426380_1906371736249227_6326180412931521141_n.jpg","width":960,"height":960,"caption":"Futbolhoy.co"},"image":{"@id":"https:\/\/futbolhoy.co\/#\/schema\/logo\/image\/"},"sameAs":["https:\/\/www.facebook.com\/FutbolHoyCol\/","https:\/\/x.com\/FutbolHoyCol","https:\/\/www.instagram.com\/futbolhoycol\/"]},{"@type":"Person","@id":"https:\/\/futbolhoy.co\/#\/schema\/person\/1721b69355b6623eaff15ac7b92d4cc3","name":"contenido","image":{"@type":"ImageObject","inLanguage":"es","@id":"https:\/\/futbolhoy.co\/#\/schema\/person\/image\/","url":"https:\/\/secure.gravatar.com\/avatar\/4f656d3256f5134f466206e7c3941518?s=96&d=mm&r=g","contentUrl":"https:\/\/secure.gravatar.com\/avatar\/4f656d3256f5134f466206e7c3941518?s=96&d=mm&r=g","caption":"contenido"}}]}},"publishpress_future_action":{"enabled":false,"date":"2026-05-05 12:16:50","action":"change-status","newStatus":"draft","terms":[],"taxonomy":"category","extraData":[]},"publishpress_future_workflow_manual_trigger":{"enabledWorkflows":[]},"_links":{"self":[{"href":"https:\/\/futbolhoy.co\/index.php\/wp-json\/wp\/v2\/posts\/96959","targetHints":{"allow":["GET"]}}],"collection":[{"href":"https:\/\/futbolhoy.co\/index.php\/wp-json\/wp\/v2\/posts"}],"about":[{"href":"https:\/\/futbolhoy.co\/index.php\/wp-json\/wp\/v2\/types\/post"}],"author":[{"embeddable":true,"href":"https:\/\/futbolhoy.co\/index.php\/wp-json\/wp\/v2\/users\/4"}],"replies":[{"embeddable":true,"href":"https:\/\/futbolhoy.co\/index.php\/wp-json\/wp\/v2\/comments?post=96959"}],"version-history":[{"count":1,"href":"https:\/\/futbolhoy.co\/index.php\/wp-json\/wp\/v2\/posts\/96959\/revisions"}],"predecessor-version":[{"id":96960,"href":"https:\/\/futbolhoy.co\/index.php\/wp-json\/wp\/v2\/posts\/96959\/revisions\/96960"}],"wp:featuredmedia":[{"embeddable":true,"href":"https:\/\/futbolhoy.co\/index.php\/wp-json\/wp\/v2\/media\/96927"}],"wp:attachment":[{"href":"https:\/\/futbolhoy.co\/index.php\/wp-json\/wp\/v2\/media?parent=96959"}],"wp:term":[{"taxonomy":"category","embeddable":true,"href":"https:\/\/futbolhoy.co\/index.php\/wp-json\/wp\/v2\/categories?post=96959"},{"taxonomy":"post_tag","embeddable":true,"href":"https:\/\/futbolhoy.co\/index.php\/wp-json\/wp\/v2\/tags?post=96959"}],"curies":[{"name":"wp","href":"https:\/\/api.w.org\/{rel}","templated":true}]}}