{"id":96961,"date":"2023-07-11T07:35:16","date_gmt":"2023-07-11T12:35:16","guid":{"rendered":"https:\/\/futbolhoy.co\/?p=96961"},"modified":"2023-07-11T13:28:07","modified_gmt":"2023-07-11T18:28:07","slug":"con-56-anos-miura-renueva-y-seguira-jugando-futbol-profesional","status":"publish","type":"post","link":"https:\/\/futbolhoy.co\/index.php\/2023\/07\/11\/con-56-anos-miura-renueva-y-seguira-jugando-futbol-profesional\/","title":{"rendered":"Con 56 a\u00f1os, Miura renueva y seguir\u00e1 jugando f\u00fatbol profesional"},"content":{"rendered":"<p style=\"font-weight: 400; text-align: justify;\"><span style=\"font-family: helvetica, arial, sans-serif;\"><span style=\"font-weight: 400;\">El jugador m\u00e1s longevo del mundo seguir\u00e1 activo en la pr\u00f3xima temporada. <\/span><b>El Oliveirense confirm\u00f3 que Kazu Miura <\/b><span style=\"font-weight: 400;\">seguir\u00e1 jugando tras renovar su contrato.\u00a0<\/span><\/span><\/p>\n<p style=\"font-weight: 400; text-align: justify;\"><span style=\"font-family: helvetica, arial, sans-serif;\"><span style=\"font-weight: 400;\">Se trata de la temporada n\u00famero 38 como jugador activo, con lo que <\/span><b>Miura cumplir\u00e1 sus 57 a\u00f1os<\/b><span style=\"font-weight: 400;\"> siendo futbolista y jugando para el Oliveirense de la Segunda Divisi\u00f3n de Portugal.\u00a0<\/span><\/span><\/p>\n<p style=\"font-weight: 400; text-align: justify;\"><span style=\"font-family: helvetica, arial, sans-serif;\"><span style=\"font-weight: 400;\">El futbolista japon\u00e9s <\/span><b>no tiene pensado por ahora hablar de su retiro <\/b><span style=\"font-weight: 400;\">profesional.\u00a0<\/span><\/span><\/p>\n<p style=\"font-weight: 400; text-align: justify;\"><span style=\"font-family: helvetica, arial, sans-serif;\"><span style=\"font-weight: 400;\">En total, <\/span><b>Miura<\/b><span style=\"font-weight: 400;\"> ha vestido la camiseta de 16 clubes en el mundo, pasando por pa\u00edses como Brasil, Croacia, Italia, Australia, Portugal y, por supuesto, Jap\u00f3n, este \u00faltimo donde tambi\u00e9n visti\u00f3 la camiseta de la <\/span><b>Selecci\u00f3n.\u00a0<\/b><\/span><\/p>\n","protected":false},"excerpt":{"rendered":"<p>El jugador m\u00e1s longevo del mundo seguir\u00e1 activo en la pr\u00f3xima temporada. El Oliveirense confirm\u00f3 que Kazu Miura seguir\u00e1 jugando tras renovar su contrato.\u00a0 Se trata de la temporada n\u00famero 38 como jugador activo, con lo que Miura cumplir\u00e1 sus 57 a\u00f1os siendo futbolista y jugando para el Oliveirense de la Segunda Divisi\u00f3n de Portugal.\u00a0 [&hellip;]<\/p>\n","protected":false},"author":4,"featured_media":96962,"comment_status":"open","ping_status":"open","sticky":false,"template":"","format":"standard","meta":{"_acf_changed":false,"footnotes":""},"categories":[152],"tags":[],"class_list":{"0":"post-96961","1":"post","2":"type-post","3":"status-publish","4":"format-standard","5":"has-post-thumbnail","7":"category-mundo-futbol"},"acf":[],"yoast_head":"<!-- This site is optimized with the Yoast SEO plugin v26.8 - https:\/\/yoast.com\/product\/yoast-seo-wordpress\/ -->\n<title>Con 56 a\u00f1os, Miura renueva y seguir\u00e1 jugando f\u00fatbol profesional -<\/title>\n<meta name=\"robots\" content=\"index, follow, max-snippet:-1, max-image-preview:large, max-video-preview:-1\" \/>\n<link rel=\"canonical\" href=\"https:\/\/futbolhoy.co\/index.php\/2023\/07\/11\/con-56-anos-miura-renueva-y-seguira-jugando-futbol-profesional\/\" \/>\n<meta property=\"og:locale\" content=\"es_ES\" \/>\n<meta property=\"og:type\" content=\"article\" \/>\n<meta property=\"og:title\" content=\"Con 56 a\u00f1os, Miura renueva y seguir\u00e1 jugando f\u00fatbol profesional -\" \/>\n<meta property=\"og:description\" content=\"El jugador m\u00e1s longevo del mundo seguir\u00e1 activo en la pr\u00f3xima temporada. El Oliveirense confirm\u00f3 que Kazu Miura seguir\u00e1 jugando tras renovar su contrato.\u00a0 Se trata de la temporada n\u00famero 38 como jugador activo, con lo que Miura cumplir\u00e1 sus 57 a\u00f1os siendo futbolista y jugando para el Oliveirense de la Segunda Divisi\u00f3n de Portugal.\u00a0 [&hellip;]\" \/>\n<meta property=\"og:url\" content=\"https:\/\/futbolhoy.co\/index.php\/2023\/07\/11\/con-56-anos-miura-renueva-y-seguira-jugando-futbol-profesional\/\" \/>\n<meta property=\"article:publisher\" content=\"https:\/\/www.facebook.com\/FutbolHoyCol\/\" \/>\n<meta property=\"article:published_time\" content=\"2023-07-11T12:35:16+00:00\" \/>\n<meta property=\"article:modified_time\" content=\"2023-07-11T18:28:07+00:00\" \/>\n<meta property=\"og:image\" content=\"https:\/\/futbolhoy.co\/wp-content\/uploads\/2023\/07\/IMG_5049.jpeg\" \/>\n\t<meta property=\"og:image:width\" content=\"1200\" \/>\n\t<meta property=\"og:image:height\" content=\"859\" \/>\n\t<meta property=\"og:image:type\" content=\"image\/jpeg\" \/>\n<meta name=\"author\" content=\"contenido\" \/>\n<meta name=\"twitter:card\" content=\"summary_large_image\" \/>\n<meta name=\"twitter:creator\" content=\"@FutbolHoyCol\" \/>\n<meta name=\"twitter:site\" content=\"@FutbolHoyCol\" \/>\n<meta name=\"twitter:label1\" content=\"Escrito por\" \/>\n\t<meta name=\"twitter:data1\" content=\"contenido\" \/>\n\t<meta name=\"twitter:label2\" content=\"Tiempo de lectura\" \/>\n\t<meta name=\"twitter:data2\" content=\"1 minuto\" \/>\n<script type=\"application\/ld+json\" class=\"yoast-schema-graph\">{\"@context\":\"https:\/\/schema.org\",\"@graph\":[{\"@type\":\"Article\",\"@id\":\"https:\/\/futbolhoy.co\/index.php\/2023\/07\/11\/con-56-anos-miura-renueva-y-seguira-jugando-futbol-profesional\/#article\",\"isPartOf\":{\"@id\":\"https:\/\/futbolhoy.co\/index.php\/2023\/07\/11\/con-56-anos-miura-renueva-y-seguira-jugando-futbol-profesional\/\"},\"author\":{\"name\":\"contenido\",\"@id\":\"https:\/\/futbolhoy.co\/#\/schema\/person\/1721b69355b6623eaff15ac7b92d4cc3\"},\"headline\":\"Con 56 a\u00f1os, Miura renueva y seguir\u00e1 jugando f\u00fatbol profesional\",\"datePublished\":\"2023-07-11T12:35:16+00:00\",\"dateModified\":\"2023-07-11T18:28:07+00:00\",\"mainEntityOfPage\":{\"@id\":\"https:\/\/futbolhoy.co\/index.php\/2023\/07\/11\/con-56-anos-miura-renueva-y-seguira-jugando-futbol-profesional\/\"},\"wordCount\":122,\"commentCount\":0,\"publisher\":{\"@id\":\"https:\/\/futbolhoy.co\/#organization\"},\"image\":{\"@id\":\"https:\/\/futbolhoy.co\/index.php\/2023\/07\/11\/con-56-anos-miura-renueva-y-seguira-jugando-futbol-profesional\/#primaryimage\"},\"thumbnailUrl\":\"https:\/\/futbolhoy.co\/wp-content\/uploads\/2023\/07\/IMG_5049.jpeg\",\"articleSection\":[\"Mundo Futbol\"],\"inLanguage\":\"es\",\"potentialAction\":[{\"@type\":\"CommentAction\",\"name\":\"Comment\",\"target\":[\"https:\/\/futbolhoy.co\/index.php\/2023\/07\/11\/con-56-anos-miura-renueva-y-seguira-jugando-futbol-profesional\/#respond\"]}]},{\"@type\":\"WebPage\",\"@id\":\"https:\/\/futbolhoy.co\/index.php\/2023\/07\/11\/con-56-anos-miura-renueva-y-seguira-jugando-futbol-profesional\/\",\"url\":\"https:\/\/futbolhoy.co\/index.php\/2023\/07\/11\/con-56-anos-miura-renueva-y-seguira-jugando-futbol-profesional\/\",\"name\":\"Con 56 a\u00f1os, Miura renueva y seguir\u00e1 jugando f\u00fatbol profesional -\",\"isPartOf\":{\"@id\":\"https:\/\/futbolhoy.co\/#website\"},\"primaryImageOfPage\":{\"@id\":\"https:\/\/futbolhoy.co\/index.php\/2023\/07\/11\/con-56-anos-miura-renueva-y-seguira-jugando-futbol-profesional\/#primaryimage\"},\"image\":{\"@id\":\"https:\/\/futbolhoy.co\/index.php\/2023\/07\/11\/con-56-anos-miura-renueva-y-seguira-jugando-futbol-profesional\/#primaryimage\"},\"thumbnailUrl\":\"https:\/\/futbolhoy.co\/wp-content\/uploads\/2023\/07\/IMG_5049.jpeg\",\"datePublished\":\"2023-07-11T12:35:16+00:00\",\"dateModified\":\"2023-07-11T18:28:07+00:00\",\"breadcrumb\":{\"@id\":\"https:\/\/futbolhoy.co\/index.php\/2023\/07\/11\/con-56-anos-miura-renueva-y-seguira-jugando-futbol-profesional\/#breadcrumb\"},\"inLanguage\":\"es\",\"potentialAction\":[{\"@type\":\"ReadAction\",\"target\":[\"https:\/\/futbolhoy.co\/index.php\/2023\/07\/11\/con-56-anos-miura-renueva-y-seguira-jugando-futbol-profesional\/\"]}]},{\"@type\":\"ImageObject\",\"inLanguage\":\"es\",\"@id\":\"https:\/\/futbolhoy.co\/index.php\/2023\/07\/11\/con-56-anos-miura-renueva-y-seguira-jugando-futbol-profesional\/#primaryimage\",\"url\":\"https:\/\/futbolhoy.co\/wp-content\/uploads\/2023\/07\/IMG_5049.jpeg\",\"contentUrl\":\"https:\/\/futbolhoy.co\/wp-content\/uploads\/2023\/07\/IMG_5049.jpeg\",\"width\":1200,\"height\":859},{\"@type\":\"BreadcrumbList\",\"@id\":\"https:\/\/futbolhoy.co\/index.php\/2023\/07\/11\/con-56-anos-miura-renueva-y-seguira-jugando-futbol-profesional\/#breadcrumb\",\"itemListElement\":[{\"@type\":\"ListItem\",\"position\":1,\"name\":\"Portada\",\"item\":\"https:\/\/futbolhoy.co\/\"},{\"@type\":\"ListItem\",\"position\":2,\"name\":\"Con 56 a\u00f1os, Miura renueva y seguir\u00e1 jugando f\u00fatbol profesional\"}]},{\"@type\":\"WebSite\",\"@id\":\"https:\/\/futbolhoy.co\/#website\",\"url\":\"https:\/\/futbolhoy.co\/\",\"name\":\"FutbolHoy\",\"description\":\"\",\"publisher\":{\"@id\":\"https:\/\/futbolhoy.co\/#organization\"},\"potentialAction\":[{\"@type\":\"SearchAction\",\"target\":{\"@type\":\"EntryPoint\",\"urlTemplate\":\"https:\/\/futbolhoy.co\/?s={search_term_string}\"},\"query-input\":{\"@type\":\"PropertyValueSpecification\",\"valueRequired\":true,\"valueName\":\"search_term_string\"}}],\"inLanguage\":\"es\"},{\"@type\":\"Organization\",\"@id\":\"https:\/\/futbolhoy.co\/#organization\",\"name\":\"Futbolhoy.co\",\"url\":\"https:\/\/futbolhoy.co\/\",\"logo\":{\"@type\":\"ImageObject\",\"inLanguage\":\"es\",\"@id\":\"https:\/\/futbolhoy.co\/#\/schema\/logo\/image\/\",\"url\":\"https:\/\/futbolhoy.co\/wp-content\/uploads\/2018\/08\/17426380_1906371736249227_6326180412931521141_n.jpg\",\"contentUrl\":\"https:\/\/futbolhoy.co\/wp-content\/uploads\/2018\/08\/17426380_1906371736249227_6326180412931521141_n.jpg\",\"width\":960,\"height\":960,\"caption\":\"Futbolhoy.co\"},\"image\":{\"@id\":\"https:\/\/futbolhoy.co\/#\/schema\/logo\/image\/\"},\"sameAs\":[\"https:\/\/www.facebook.com\/FutbolHoyCol\/\",\"https:\/\/x.com\/FutbolHoyCol\",\"https:\/\/www.instagram.com\/futbolhoycol\/\"]},{\"@type\":\"Person\",\"@id\":\"https:\/\/futbolhoy.co\/#\/schema\/person\/1721b69355b6623eaff15ac7b92d4cc3\",\"name\":\"contenido\",\"image\":{\"@type\":\"ImageObject\",\"inLanguage\":\"es\",\"@id\":\"https:\/\/futbolhoy.co\/#\/schema\/person\/image\/\",\"url\":\"https:\/\/secure.gravatar.com\/avatar\/4f656d3256f5134f466206e7c3941518?s=96&d=mm&r=g\",\"contentUrl\":\"https:\/\/secure.gravatar.com\/avatar\/4f656d3256f5134f466206e7c3941518?s=96&d=mm&r=g\",\"caption\":\"contenido\"}}]}<\/script>\n<!-- \/ Yoast SEO plugin. -->","yoast_head_json":{"title":"Con 56 a\u00f1os, Miura renueva y seguir\u00e1 jugando f\u00fatbol profesional -","robots":{"index":"index","follow":"follow","max-snippet":"max-snippet:-1","max-image-preview":"max-image-preview:large","max-video-preview":"max-video-preview:-1"},"canonical":"https:\/\/futbolhoy.co\/index.php\/2023\/07\/11\/con-56-anos-miura-renueva-y-seguira-jugando-futbol-profesional\/","og_locale":"es_ES","og_type":"article","og_title":"Con 56 a\u00f1os, Miura renueva y seguir\u00e1 jugando f\u00fatbol profesional -","og_description":"El jugador m\u00e1s longevo del mundo seguir\u00e1 activo en la pr\u00f3xima temporada. El Oliveirense confirm\u00f3 que Kazu Miura seguir\u00e1 jugando tras renovar su contrato.\u00a0 Se trata de la temporada n\u00famero 38 como jugador activo, con lo que Miura cumplir\u00e1 sus 57 a\u00f1os siendo futbolista y jugando para el Oliveirense de la Segunda Divisi\u00f3n de Portugal.\u00a0 [&hellip;]","og_url":"https:\/\/futbolhoy.co\/index.php\/2023\/07\/11\/con-56-anos-miura-renueva-y-seguira-jugando-futbol-profesional\/","article_publisher":"https:\/\/www.facebook.com\/FutbolHoyCol\/","article_published_time":"2023-07-11T12:35:16+00:00","article_modified_time":"2023-07-11T18:28:07+00:00","og_image":[{"width":1200,"height":859,"url":"https:\/\/futbolhoy.co\/wp-content\/uploads\/2023\/07\/IMG_5049.jpeg","type":"image\/jpeg"}],"author":"contenido","twitter_card":"summary_large_image","twitter_creator":"@FutbolHoyCol","twitter_site":"@FutbolHoyCol","twitter_misc":{"Escrito por":"contenido","Tiempo de lectura":"1 minuto"},"schema":{"@context":"https:\/\/schema.org","@graph":[{"@type":"Article","@id":"https:\/\/futbolhoy.co\/index.php\/2023\/07\/11\/con-56-anos-miura-renueva-y-seguira-jugando-futbol-profesional\/#article","isPartOf":{"@id":"https:\/\/futbolhoy.co\/index.php\/2023\/07\/11\/con-56-anos-miura-renueva-y-seguira-jugando-futbol-profesional\/"},"author":{"name":"contenido","@id":"https:\/\/futbolhoy.co\/#\/schema\/person\/1721b69355b6623eaff15ac7b92d4cc3"},"headline":"Con 56 a\u00f1os, Miura renueva y seguir\u00e1 jugando f\u00fatbol profesional","datePublished":"2023-07-11T12:35:16+00:00","dateModified":"2023-07-11T18:28:07+00:00","mainEntityOfPage":{"@id":"https:\/\/futbolhoy.co\/index.php\/2023\/07\/11\/con-56-anos-miura-renueva-y-seguira-jugando-futbol-profesional\/"},"wordCount":122,"commentCount":0,"publisher":{"@id":"https:\/\/futbolhoy.co\/#organization"},"image":{"@id":"https:\/\/futbolhoy.co\/index.php\/2023\/07\/11\/con-56-anos-miura-renueva-y-seguira-jugando-futbol-profesional\/#primaryimage"},"thumbnailUrl":"https:\/\/futbolhoy.co\/wp-content\/uploads\/2023\/07\/IMG_5049.jpeg","articleSection":["Mundo Futbol"],"inLanguage":"es","potentialAction":[{"@type":"CommentAction","name":"Comment","target":["https:\/\/futbolhoy.co\/index.php\/2023\/07\/11\/con-56-anos-miura-renueva-y-seguira-jugando-futbol-profesional\/#respond"]}]},{"@type":"WebPage","@id":"https:\/\/futbolhoy.co\/index.php\/2023\/07\/11\/con-56-anos-miura-renueva-y-seguira-jugando-futbol-profesional\/","url":"https:\/\/futbolhoy.co\/index.php\/2023\/07\/11\/con-56-anos-miura-renueva-y-seguira-jugando-futbol-profesional\/","name":"Con 56 a\u00f1os, Miura renueva y seguir\u00e1 jugando f\u00fatbol profesional -","isPartOf":{"@id":"https:\/\/futbolhoy.co\/#website"},"primaryImageOfPage":{"@id":"https:\/\/futbolhoy.co\/index.php\/2023\/07\/11\/con-56-anos-miura-renueva-y-seguira-jugando-futbol-profesional\/#primaryimage"},"image":{"@id":"https:\/\/futbolhoy.co\/index.php\/2023\/07\/11\/con-56-anos-miura-renueva-y-seguira-jugando-futbol-profesional\/#primaryimage"},"thumbnailUrl":"https:\/\/futbolhoy.co\/wp-content\/uploads\/2023\/07\/IMG_5049.jpeg","datePublished":"2023-07-11T12:35:16+00:00","dateModified":"2023-07-11T18:28:07+00:00","breadcrumb":{"@id":"https:\/\/futbolhoy.co\/index.php\/2023\/07\/11\/con-56-anos-miura-renueva-y-seguira-jugando-futbol-profesional\/#breadcrumb"},"inLanguage":"es","potentialAction":[{"@type":"ReadAction","target":["https:\/\/futbolhoy.co\/index.php\/2023\/07\/11\/con-56-anos-miura-renueva-y-seguira-jugando-futbol-profesional\/"]}]},{"@type":"ImageObject","inLanguage":"es","@id":"https:\/\/futbolhoy.co\/index.php\/2023\/07\/11\/con-56-anos-miura-renueva-y-seguira-jugando-futbol-profesional\/#primaryimage","url":"https:\/\/futbolhoy.co\/wp-content\/uploads\/2023\/07\/IMG_5049.jpeg","contentUrl":"https:\/\/futbolhoy.co\/wp-content\/uploads\/2023\/07\/IMG_5049.jpeg","width":1200,"height":859},{"@type":"BreadcrumbList","@id":"https:\/\/futbolhoy.co\/index.php\/2023\/07\/11\/con-56-anos-miura-renueva-y-seguira-jugando-futbol-profesional\/#breadcrumb","itemListElement":[{"@type":"ListItem","position":1,"name":"Portada","item":"https:\/\/futbolhoy.co\/"},{"@type":"ListItem","position":2,"name":"Con 56 a\u00f1os, Miura renueva y seguir\u00e1 jugando f\u00fatbol profesional"}]},{"@type":"WebSite","@id":"https:\/\/futbolhoy.co\/#website","url":"https:\/\/futbolhoy.co\/","name":"FutbolHoy","description":"","publisher":{"@id":"https:\/\/futbolhoy.co\/#organization"},"potentialAction":[{"@type":"SearchAction","target":{"@type":"EntryPoint","urlTemplate":"https:\/\/futbolhoy.co\/?s={search_term_string}"},"query-input":{"@type":"PropertyValueSpecification","valueRequired":true,"valueName":"search_term_string"}}],"inLanguage":"es"},{"@type":"Organization","@id":"https:\/\/futbolhoy.co\/#organization","name":"Futbolhoy.co","url":"https:\/\/futbolhoy.co\/","logo":{"@type":"ImageObject","inLanguage":"es","@id":"https:\/\/futbolhoy.co\/#\/schema\/logo\/image\/","url":"https:\/\/futbolhoy.co\/wp-content\/uploads\/2018\/08\/17426380_1906371736249227_6326180412931521141_n.jpg","contentUrl":"https:\/\/futbolhoy.co\/wp-content\/uploads\/2018\/08\/17426380_1906371736249227_6326180412931521141_n.jpg","width":960,"height":960,"caption":"Futbolhoy.co"},"image":{"@id":"https:\/\/futbolhoy.co\/#\/schema\/logo\/image\/"},"sameAs":["https:\/\/www.facebook.com\/FutbolHoyCol\/","https:\/\/x.com\/FutbolHoyCol","https:\/\/www.instagram.com\/futbolhoycol\/"]},{"@type":"Person","@id":"https:\/\/futbolhoy.co\/#\/schema\/person\/1721b69355b6623eaff15ac7b92d4cc3","name":"contenido","image":{"@type":"ImageObject","inLanguage":"es","@id":"https:\/\/futbolhoy.co\/#\/schema\/person\/image\/","url":"https:\/\/secure.gravatar.com\/avatar\/4f656d3256f5134f466206e7c3941518?s=96&d=mm&r=g","contentUrl":"https:\/\/secure.gravatar.com\/avatar\/4f656d3256f5134f466206e7c3941518?s=96&d=mm&r=g","caption":"contenido"}}]}},"publishpress_future_action":{"enabled":false,"date":"2026-05-05 13:56:08","action":"change-status","newStatus":"draft","terms":[],"taxonomy":"category","extraData":[]},"publishpress_future_workflow_manual_trigger":{"enabledWorkflows":[]},"_links":{"self":[{"href":"https:\/\/futbolhoy.co\/index.php\/wp-json\/wp\/v2\/posts\/96961","targetHints":{"allow":["GET"]}}],"collection":[{"href":"https:\/\/futbolhoy.co\/index.php\/wp-json\/wp\/v2\/posts"}],"about":[{"href":"https:\/\/futbolhoy.co\/index.php\/wp-json\/wp\/v2\/types\/post"}],"author":[{"embeddable":true,"href":"https:\/\/futbolhoy.co\/index.php\/wp-json\/wp\/v2\/users\/4"}],"replies":[{"embeddable":true,"href":"https:\/\/futbolhoy.co\/index.php\/wp-json\/wp\/v2\/comments?post=96961"}],"version-history":[{"count":1,"href":"https:\/\/futbolhoy.co\/index.php\/wp-json\/wp\/v2\/posts\/96961\/revisions"}],"predecessor-version":[{"id":96963,"href":"https:\/\/futbolhoy.co\/index.php\/wp-json\/wp\/v2\/posts\/96961\/revisions\/96963"}],"wp:featuredmedia":[{"embeddable":true,"href":"https:\/\/futbolhoy.co\/index.php\/wp-json\/wp\/v2\/media\/96962"}],"wp:attachment":[{"href":"https:\/\/futbolhoy.co\/index.php\/wp-json\/wp\/v2\/media?parent=96961"}],"wp:term":[{"taxonomy":"category","embeddable":true,"href":"https:\/\/futbolhoy.co\/index.php\/wp-json\/wp\/v2\/categories?post=96961"},{"taxonomy":"post_tag","embeddable":true,"href":"https:\/\/futbolhoy.co\/index.php\/wp-json\/wp\/v2\/tags?post=96961"}],"curies":[{"name":"wp","href":"https:\/\/api.w.org\/{rel}","templated":true}]}}