{"id":9730,"date":"2017-11-14T07:21:46","date_gmt":"2017-11-14T12:21:46","guid":{"rendered":"http:\/\/futbolhoy.co\/?p=9730"},"modified":"2018-07-02T11:33:23","modified_gmt":"2018-07-02T16:33:23","slug":"federacion-italiana-decidira-el-miercoles-suerte-de-su-tecnico","status":"publish","type":"post","link":"https:\/\/futbolhoy.co\/index.php\/2017\/11\/14\/federacion-italiana-decidira-el-miercoles-suerte-de-su-tecnico\/","title":{"rendered":"Federaci\u00f3n italiana decidir\u00e1 el mi\u00e9rcoles suerte de su t\u00e9cnico"},"content":{"rendered":"<p style=\"font-weight: 400; text-align: justify;\">La Federaci\u00f3n Italiana de F\u00fatbol se reunir\u00e1 este mi\u00e9rcoles en Roma para \u00abhacer un an\u00e1lisis profundo y decidir el futuro\u00bb de la Azzurra, eliminada en el repechaje de acceso del Mundial-2018, anunci\u00f3 Carlo Tavecchio, presidente de la entidad.<\/p>\n<p style=\"font-weight: 400; text-align: justify;\">\u00abEstamos profundamente afectados y decepcionados por esta eliminaci\u00f3n para el Mundial. Es un fracaso deportivo que necesita soluciones compartidas por todos y por ello he convocado para ma\u00f1ana (mi\u00e9rcoles) una reuni\u00f3n (&#8230;.) para hacer un an\u00e1lisis profundo y decidir las opciones para el futuro\u00bb, dijo el dirigente.<\/p>\n<p style=\"font-weight: 400; text-align: justify;\">Italia empat\u00f3 0-0 con Suecia, resultado que priv\u00f3 a la Azzurra de acudir a Rusia-2018 despu\u00e9s de la derrota 1-0 en la ida.<\/p>\n<p style=\"font-weight: 400; text-align: justify;\">Es la primera ocasi\u00f3n desde 1958 en que Italia, cuatro veces campeona del mundo, no participar\u00e1 en un Mundial.<\/p>\n","protected":false},"excerpt":{"rendered":"<p>La Federaci\u00f3n Italiana de F\u00fatbol se reunir\u00e1 este mi\u00e9rcoles en Roma para \u00abhacer un an\u00e1lisis profundo y decidir el futuro\u00bb de la Azzurra, eliminada en el repechaje de acceso del Mundial-2018, anunci\u00f3 Carlo Tavecchio, presidente de la entidad. \u00abEstamos profundamente afectados y decepcionados por esta eliminaci\u00f3n para el Mundial. Es un fracaso deportivo que necesita [&hellip;]<\/p>\n","protected":false},"author":5,"featured_media":9726,"comment_status":"open","ping_status":"closed","sticky":false,"template":"","format":"standard","meta":{"_acf_changed":false,"footnotes":""},"categories":[152],"tags":[],"class_list":{"0":"post-9730","1":"post","2":"type-post","3":"status-publish","4":"format-standard","5":"has-post-thumbnail","7":"category-mundo-futbol"},"acf":[],"_links":{"self":[{"href":"https:\/\/futbolhoy.co\/index.php\/wp-json\/wp\/v2\/posts\/9730","targetHints":{"allow":["GET"]}}],"collection":[{"href":"https:\/\/futbolhoy.co\/index.php\/wp-json\/wp\/v2\/posts"}],"about":[{"href":"https:\/\/futbolhoy.co\/index.php\/wp-json\/wp\/v2\/types\/post"}],"author":[{"embeddable":true,"href":"https:\/\/futbolhoy.co\/index.php\/wp-json\/wp\/v2\/users\/5"}],"replies":[{"embeddable":true,"href":"https:\/\/futbolhoy.co\/index.php\/wp-json\/wp\/v2\/comments?post=9730"}],"version-history":[{"count":1,"href":"https:\/\/futbolhoy.co\/index.php\/wp-json\/wp\/v2\/posts\/9730\/revisions"}],"predecessor-version":[{"id":9731,"href":"https:\/\/futbolhoy.co\/index.php\/wp-json\/wp\/v2\/posts\/9730\/revisions\/9731"}],"wp:featuredmedia":[{"embeddable":true,"href":"https:\/\/futbolhoy.co\/index.php\/wp-json\/wp\/v2\/media\/9726"}],"wp:attachment":[{"href":"https:\/\/futbolhoy.co\/index.php\/wp-json\/wp\/v2\/media?parent=9730"}],"wp:term":[{"taxonomy":"category","embeddable":true,"href":"https:\/\/futbolhoy.co\/index.php\/wp-json\/wp\/v2\/categories?post=9730"},{"taxonomy":"post_tag","embeddable":true,"href":"https:\/\/futbolhoy.co\/index.php\/wp-json\/wp\/v2\/tags?post=9730"}],"curies":[{"name":"wp","href":"https:\/\/api.w.org\/{rel}","templated":true}]}}