{"id":97407,"date":"2023-07-25T06:43:26","date_gmt":"2023-07-25T11:43:26","guid":{"rendered":"https:\/\/futbolhoy.co\/?p=97407"},"modified":"2023-07-25T20:40:50","modified_gmt":"2023-07-26T01:40:50","slug":"video-reviva-los-goles-del-triunfo-de-la-seleccion-en-el-mundial-femenino","status":"publish","type":"post","link":"https:\/\/futbolhoy.co\/index.php\/2023\/07\/25\/video-reviva-los-goles-del-triunfo-de-la-seleccion-en-el-mundial-femenino\/","title":{"rendered":"Video: reviva los goles del triunfo de la Selecci\u00f3n en el Mundial Femenino"},"content":{"rendered":"<p style=\"font-weight: 400; text-align: justify;\"><span style=\"font-family: helvetica, arial, sans-serif;\"><span style=\"font-weight: 400;\">La <\/span><b>Selecci\u00f3n Colombia arranc\u00f3 con pie derecho el Mundial Femenino de Australia y Nueva Zelanda<\/b><span style=\"font-weight: 400;\"> tras vencer 2-0 a Corea del Sur este lunes en su debut, en el Sydney Football Stadium.\u00a0<\/span><\/span><\/p>\n<p style=\"font-weight: 400; text-align: justify;\"><span style=\"font-family: helvetica, arial, sans-serif;\"><b>Catalina Usme abri\u00f3 el marcador <\/b><span style=\"font-weight: 400;\">para las colombianas al minuto 30 tras una falta dentro del \u00e1rea coreana por parte de Shim Seo-yeon, que termin\u00f3 convirtiendo de penal la m\u00e1xima goleadora hist\u00f3rica de la Tricolor.<\/span><\/span><\/p>\n<blockquote class=\"twitter-tweet\">\n<p dir=\"ltr\" lang=\"es\">\u00a1GOOOOOOOL! \u26bd\ufe0f<\/p>\n<p>Cel\u00e9bralo Colombia, apoyen a sus &#8216;superpoderosas&#8217; \ud83c\udde8\ud83c\uddf4<\/p>\n<p>La goleadora de la &#8216;Tricolor&#8217; abre el marcador en S\u00eddney, Cata Usme es la encargada de cobrar el penal y con maestr\u00eda anota el 1-0 a favor de Colombia.<a href=\"https:\/\/twitter.com\/hashtag\/MundialFemeninoEnDSPORTS?src=hash&amp;ref_src=twsrc%5Etfw\">#MundialFemeninoEnDSPORTS<\/a>. <a href=\"https:\/\/t.co\/IGIErzE5hB\">pic.twitter.com\/IGIErzE5hB<\/a><\/p>\n<p>\u2014 DSportsCo (@DIRECTVSportsCo) <a href=\"https:\/\/twitter.com\/DIRECTVSportsCo\/status\/1683667294868709378?ref_src=twsrc%5Etfw\">July 25, 2023<\/a><\/p><\/blockquote>\n<p><script async src=\"https:\/\/platform.twitter.com\/widgets.js\" charset=\"utf-8\"><\/script><\/p>\n<p style=\"font-weight: 400; text-align: justify;\"><span style=\"font-family: helvetica, arial, sans-serif;\"><span style=\"font-weight: 400;\">El segundo gol de la <\/span><b>Selecci\u00f3n lo marc\u00f3 Linda Caicedo<\/b><span style=\"font-weight: 400;\">, tras un error de la arquera coreana, <\/span><b>Young Geul-yoon. <\/b><span style=\"font-weight: 400;\">La jugadora del Real Madrid remat\u00f3 tras una jugada individual para el 2-0.<br \/>\n<\/span><\/span><\/p>\n<blockquote class=\"twitter-tweet\">\n<p dir=\"ltr\" lang=\"es\">\u00a1B\u00c1ILALO LINDA! \u26bd\ufe0f<\/p>\n<p>GOOOOOOLAZO, en jugada individual Linda Caicedo a sus 18 a\u00f1os anota el 2-0 para Colombia que le gana parcialmente a Corea del Sur en el <a href=\"https:\/\/twitter.com\/hashtag\/MundialFemeninoEnDSPORTS?src=hash&amp;ref_src=twsrc%5Etfw\">#MundialFemeninoEnDSPORTS<\/a>.<\/p>\n<p>\u00bfQu\u00e9 opinas de este gol?<\/p>\n<p>\ud83c\udf99\ufe0f <a href=\"https:\/\/twitter.com\/titopuccettic?ref_src=twsrc%5Etfw\">@titopuccettic<\/a> &#8211; <a href=\"https:\/\/twitter.com\/SVargasOK?ref_src=twsrc%5Etfw\">@SVargasOK<\/a> <a href=\"https:\/\/t.co\/dxVAKBCszt\">pic.twitter.com\/dxVAKBCszt<\/a><\/p>\n<p>\u2014 DSportsCo (@DIRECTVSportsCo) <a href=\"https:\/\/twitter.com\/DIRECTVSportsCo\/status\/1683670022952976385?ref_src=twsrc%5Etfw\">July 25, 2023<\/a><\/p><\/blockquote>\n<p><script async src=\"https:\/\/platform.twitter.com\/widgets.js\" charset=\"utf-8\"><\/script><\/p>\n<p style=\"font-weight: 400; text-align: justify;\"><span style=\"font-family: helvetica, arial, sans-serif;\"><span style=\"font-weight: 400;\">Esta es la primera vez que la Selecci\u00f3n Colombia debuta con victoria en una <\/span><b>Copa del Mundo Femenina.\u00a0<\/b><\/span><\/p>\n<p style=\"font-weight: 400; text-align: justify;\"><span style=\"font-family: helvetica, arial, sans-serif;\"><span style=\"font-weight: 400;\">As\u00ed mismo, Linda Caicedo se convirti\u00f3 en la primera jugadora colombiana, incluyendo hombres y mujeres, que marca en los <\/span><b>Mundiales Sub-17, Sub-20<\/b><span style=\"font-weight: 400;\"> y <\/span><b>mayores<\/b><span style=\"font-weight: 400;\">.\u00a0<\/span><\/span><\/p>\n","protected":false},"excerpt":{"rendered":"<p>La Selecci\u00f3n Colombia arranc\u00f3 con pie derecho el Mundial Femenino de Australia y Nueva Zelanda tras vencer 2-0 a Corea del Sur este lunes en su debut, en el Sydney Football Stadium.\u00a0 Catalina Usme abri\u00f3 el marcador para las colombianas al minuto 30 tras una falta dentro del \u00e1rea coreana por parte de Shim Seo-yeon, [&hellip;]<\/p>\n","protected":false},"author":4,"featured_media":97408,"comment_status":"open","ping_status":"closed","sticky":false,"template":"","format":"standard","meta":{"_acf_changed":false,"footnotes":""},"categories":[418],"tags":[],"class_list":{"0":"post-97407","1":"post","2":"type-post","3":"status-publish","4":"format-standard","5":"has-post-thumbnail","7":"category-colombia"},"acf":[],"_links":{"self":[{"href":"https:\/\/futbolhoy.co\/index.php\/wp-json\/wp\/v2\/posts\/97407","targetHints":{"allow":["GET"]}}],"collection":[{"href":"https:\/\/futbolhoy.co\/index.php\/wp-json\/wp\/v2\/posts"}],"about":[{"href":"https:\/\/futbolhoy.co\/index.php\/wp-json\/wp\/v2\/types\/post"}],"author":[{"embeddable":true,"href":"https:\/\/futbolhoy.co\/index.php\/wp-json\/wp\/v2\/users\/4"}],"replies":[{"embeddable":true,"href":"https:\/\/futbolhoy.co\/index.php\/wp-json\/wp\/v2\/comments?post=97407"}],"version-history":[{"count":2,"href":"https:\/\/futbolhoy.co\/index.php\/wp-json\/wp\/v2\/posts\/97407\/revisions"}],"predecessor-version":[{"id":97439,"href":"https:\/\/futbolhoy.co\/index.php\/wp-json\/wp\/v2\/posts\/97407\/revisions\/97439"}],"wp:featuredmedia":[{"embeddable":true,"href":"https:\/\/futbolhoy.co\/index.php\/wp-json\/wp\/v2\/media\/97408"}],"wp:attachment":[{"href":"https:\/\/futbolhoy.co\/index.php\/wp-json\/wp\/v2\/media?parent=97407"}],"wp:term":[{"taxonomy":"category","embeddable":true,"href":"https:\/\/futbolhoy.co\/index.php\/wp-json\/wp\/v2\/categories?post=97407"},{"taxonomy":"post_tag","embeddable":true,"href":"https:\/\/futbolhoy.co\/index.php\/wp-json\/wp\/v2\/tags?post=97407"}],"curies":[{"name":"wp","href":"https:\/\/api.w.org\/{rel}","templated":true}]}}