{"id":97410,"date":"2023-07-25T07:31:20","date_gmt":"2023-07-25T12:31:20","guid":{"rendered":"https:\/\/futbolhoy.co\/?p=97410"},"modified":"2023-07-26T17:16:27","modified_gmt":"2023-07-26T22:16:27","slug":"linda-nunca-pense-llegar-a-competir-tanto-con-mi-seleccion","status":"publish","type":"post","link":"https:\/\/futbolhoy.co\/index.php\/2023\/07\/25\/linda-nunca-pense-llegar-a-competir-tanto-con-mi-seleccion\/","title":{"rendered":"Linda: \u201cNunca pens\u00e9 llegar a competir tanto con mi Selecci\u00f3n\u201d"},"content":{"rendered":"<p style=\"font-weight: 400; text-align: justify;\"><span style=\"font-family: helvetica, arial, sans-serif;\"><b>Linda Caicedo<\/b><span style=\"font-weight: 400;\"> fue la mejor jugadora del partido ante Corea del Sur, en el debut de la Selecci\u00f3n Colombia en el <\/span><b>Mundial Femenino de Australia y Nueva Zelanda<\/b><span style=\"font-weight: 400;\">. Esta fue la primera vez de la delantera en una Copa Mundo de Mayores.\u00a0<\/span><\/span><\/p>\n<p style=\"font-weight: 400; text-align: justify;\"><span style=\"font-family: helvetica, arial, sans-serif;\"><span style=\"font-weight: 400;\">La jugadora del <\/span><b>Real Madrid <\/b><span style=\"font-weight: 400;\">confes\u00f3 que nunca pens\u00f3 \u201cllegar a competir tanto\u201d con la Selecci\u00f3n Colombia, tras haber sido elegida <\/span><b>MVP<\/b><span style=\"font-weight: 400;\"> en el duelo en el que marc\u00f3 el segundo gol del triunfo 2-0 de la <\/span><b>Tricolor<\/b><span style=\"font-weight: 400;\">.\u00a0<\/span><\/span><\/p>\n<p style=\"font-weight: 400; text-align: justify;\"><span style=\"font-family: helvetica, arial, sans-serif;\"><span style=\"font-weight: 400;\">\u00abLos colombianos me han dado su confianza, y <\/span><b>siento que estoy respald\u00e1ndolos<\/b><span style=\"font-weight: 400;\"> en el campo dando lo mejor de m\u00ed\u00bb, dijo la jugadora en declaraciones tras el partido.<\/span><\/span><\/p>\n<p style=\"font-weight: 400; text-align: justify;\"><span style=\"font-family: helvetica, arial, sans-serif;\"><span style=\"font-weight: 400;\">Linda Caicedo se convirti\u00f3 en la primera futbolista que consigue marcar en la <\/span><b>Copa del Mundo Sub-17, Sub-20 y Mayores<\/b><span style=\"font-weight: 400;\">, tanto en hombres como mujeres.\u00a0<\/span><\/span><\/p>\n<p style=\"font-weight: 400; text-align: justify;\"><span style=\"font-family: helvetica, arial, sans-serif;\"><span style=\"font-weight: 400;\">\u00ab<\/span><b>Se lo dedico a mi familia<\/b><span style=\"font-weight: 400;\">, a todos los que me acompa\u00f1an, a mi pareja y a los que d\u00eda a d\u00eda est\u00e1n ah\u00ed aport\u00e1ndome lo mejor\u00bb, declar\u00f3.\u00a0<\/span><\/span><\/p>\n<blockquote class=\"twitter-tweet\">\n<p dir=\"ltr\" lang=\"es\">\u00a1B\u00c1ILALO LINDA! \u26bd\ufe0f<\/p>\n<p>GOOOOOOLAZO, en jugada individual Linda Caicedo a sus 18 a\u00f1os anota el 2-0 para Colombia que le gana parcialmente a Corea del Sur en el <a href=\"https:\/\/twitter.com\/hashtag\/MundialFemeninoEnDSPORTS?src=hash&amp;ref_src=twsrc%5Etfw\">#MundialFemeninoEnDSPORTS<\/a>.<\/p>\n<p>\u00bfQu\u00e9 opinas de este gol?<\/p>\n<p>\ud83c\udf99\ufe0f <a href=\"https:\/\/twitter.com\/titopuccettic?ref_src=twsrc%5Etfw\">@titopuccettic<\/a> &#8211; <a href=\"https:\/\/twitter.com\/SVargasOK?ref_src=twsrc%5Etfw\">@SVargasOK<\/a> <a href=\"https:\/\/t.co\/dxVAKBCszt\">pic.twitter.com\/dxVAKBCszt<\/a><\/p>\n<p>\u2014 DSportsCo (@DIRECTVSportsCo) <a href=\"https:\/\/twitter.com\/DIRECTVSportsCo\/status\/1683670022952976385?ref_src=twsrc%5Etfw\">July 25, 2023<\/a><\/p><\/blockquote>\n<p><script async src=\"https:\/\/platform.twitter.com\/widgets.js\" charset=\"utf-8\"><\/script><\/p>\n","protected":false},"excerpt":{"rendered":"<p>Linda Caicedo fue la mejor jugadora del partido ante Corea del Sur, en el debut de la Selecci\u00f3n Colombia en el Mundial Femenino de Australia y Nueva Zelanda. Esta fue la primera vez de la delantera en una Copa Mundo de Mayores.\u00a0 La jugadora del Real Madrid confes\u00f3 que nunca pens\u00f3 \u201cllegar a competir tanto\u201d [&hellip;]<\/p>\n","protected":false},"author":4,"featured_media":97411,"comment_status":"open","ping_status":"closed","sticky":false,"template":"","format":"standard","meta":{"_acf_changed":false,"footnotes":""},"categories":[418],"tags":[],"class_list":{"0":"post-97410","1":"post","2":"type-post","3":"status-publish","4":"format-standard","5":"has-post-thumbnail","7":"category-colombia"},"acf":[],"_links":{"self":[{"href":"https:\/\/futbolhoy.co\/index.php\/wp-json\/wp\/v2\/posts\/97410","targetHints":{"allow":["GET"]}}],"collection":[{"href":"https:\/\/futbolhoy.co\/index.php\/wp-json\/wp\/v2\/posts"}],"about":[{"href":"https:\/\/futbolhoy.co\/index.php\/wp-json\/wp\/v2\/types\/post"}],"author":[{"embeddable":true,"href":"https:\/\/futbolhoy.co\/index.php\/wp-json\/wp\/v2\/users\/4"}],"replies":[{"embeddable":true,"href":"https:\/\/futbolhoy.co\/index.php\/wp-json\/wp\/v2\/comments?post=97410"}],"version-history":[{"count":2,"href":"https:\/\/futbolhoy.co\/index.php\/wp-json\/wp\/v2\/posts\/97410\/revisions"}],"predecessor-version":[{"id":97453,"href":"https:\/\/futbolhoy.co\/index.php\/wp-json\/wp\/v2\/posts\/97410\/revisions\/97453"}],"wp:featuredmedia":[{"embeddable":true,"href":"https:\/\/futbolhoy.co\/index.php\/wp-json\/wp\/v2\/media\/97411"}],"wp:attachment":[{"href":"https:\/\/futbolhoy.co\/index.php\/wp-json\/wp\/v2\/media?parent=97410"}],"wp:term":[{"taxonomy":"category","embeddable":true,"href":"https:\/\/futbolhoy.co\/index.php\/wp-json\/wp\/v2\/categories?post=97410"},{"taxonomy":"post_tag","embeddable":true,"href":"https:\/\/futbolhoy.co\/index.php\/wp-json\/wp\/v2\/tags?post=97410"}],"curies":[{"name":"wp","href":"https:\/\/api.w.org\/{rel}","templated":true}]}}