{"id":97413,"date":"2023-07-25T09:31:26","date_gmt":"2023-07-25T14:31:26","guid":{"rendered":"https:\/\/futbolhoy.co\/?p=97413"},"modified":"2023-07-26T19:43:54","modified_gmt":"2023-07-27T00:43:54","slug":"el-record-que-linda-caicedo-rompio-con-la-seleccion","status":"publish","type":"post","link":"https:\/\/futbolhoy.co\/index.php\/2023\/07\/25\/el-record-que-linda-caicedo-rompio-con-la-seleccion\/","title":{"rendered":"El r\u00e9cord que Linda Caicedo rompi\u00f3 con la Selecci\u00f3n"},"content":{"rendered":"<p style=\"font-weight: 400; text-align: justify;\"><span style=\"font-family: helvetica, arial, sans-serif;\"><b>Linda Caicedo fue la jugadora del partido <\/b><span style=\"font-weight: 400;\">ante Corea del Sur, en el debut de la <\/span><b>Selecci\u00f3n Colombia<\/b><span style=\"font-weight: 400;\"> en el Mundial Femenino de Australia y Nueva Zelanda, pero adem\u00e1s consigui\u00f3 romper una <\/span><b>marca \u00fanica en nuestro pa\u00eds.\u00a0<\/b><\/span><\/p>\n<p style=\"font-weight: 400; text-align: justify;\"><span style=\"font-family: helvetica, arial, sans-serif;\"><span style=\"font-weight: 400;\">La delantera del Real Madrid marc\u00f3 el segundo gol de la victoria 2-0 de la Selecci\u00f3n Colombia ante Corea del Sur y con esto se convirti\u00f3 en la primera futbolista en anotar gol en <\/span><b>los Mundiales Sub-17, Sub-20 y de Mayores<\/b><span style=\"font-weight: 400;\">, incluyendo en la categor\u00eda masculina y femenina.\u00a0<\/span><\/span><\/p>\n<p style=\"font-weight: 400; text-align: justify;\"><span style=\"font-family: helvetica, arial, sans-serif;\"><span style=\"font-weight: 400;\">\u00abLos colombianos me han dado su confianza, y <\/span><b>siento que estoy respald\u00e1ndolos<\/b><span style=\"font-weight: 400;\"> en el campo dando lo mejor de m\u00ed\u00bb, dijo la jugadora en declaraciones tras el partido.<\/span><\/span><\/p>\n<p style=\"font-weight: 400; text-align: justify;\"><span style=\"font-family: helvetica, arial, sans-serif;\"><span style=\"font-weight: 400;\">\u00ab<\/span><b>Se lo dedico a mi familia<\/b><span style=\"font-weight: 400;\">, a todos los que me acompa\u00f1an, a mi pareja y a los que d\u00eda a d\u00eda est\u00e1n ah\u00ed aport\u00e1ndome lo mejor\u00bb, a\u00f1adi\u00f3.\u00a0<\/span><\/span><\/p>\n","protected":false},"excerpt":{"rendered":"<p>Linda Caicedo fue la jugadora del partido ante Corea del Sur, en el debut de la Selecci\u00f3n Colombia en el Mundial Femenino de Australia y Nueva Zelanda, pero adem\u00e1s consigui\u00f3 romper una marca \u00fanica en nuestro pa\u00eds.\u00a0 La delantera del Real Madrid marc\u00f3 el segundo gol de la victoria 2-0 de la Selecci\u00f3n Colombia ante [&hellip;]<\/p>\n","protected":false},"author":4,"featured_media":97414,"comment_status":"open","ping_status":"closed","sticky":false,"template":"","format":"standard","meta":{"_acf_changed":false,"footnotes":""},"categories":[418],"tags":[],"class_list":{"0":"post-97413","1":"post","2":"type-post","3":"status-publish","4":"format-standard","5":"has-post-thumbnail","7":"category-colombia"},"acf":[],"_links":{"self":[{"href":"https:\/\/futbolhoy.co\/index.php\/wp-json\/wp\/v2\/posts\/97413","targetHints":{"allow":["GET"]}}],"collection":[{"href":"https:\/\/futbolhoy.co\/index.php\/wp-json\/wp\/v2\/posts"}],"about":[{"href":"https:\/\/futbolhoy.co\/index.php\/wp-json\/wp\/v2\/types\/post"}],"author":[{"embeddable":true,"href":"https:\/\/futbolhoy.co\/index.php\/wp-json\/wp\/v2\/users\/4"}],"replies":[{"embeddable":true,"href":"https:\/\/futbolhoy.co\/index.php\/wp-json\/wp\/v2\/comments?post=97413"}],"version-history":[{"count":1,"href":"https:\/\/futbolhoy.co\/index.php\/wp-json\/wp\/v2\/posts\/97413\/revisions"}],"predecessor-version":[{"id":97415,"href":"https:\/\/futbolhoy.co\/index.php\/wp-json\/wp\/v2\/posts\/97413\/revisions\/97415"}],"wp:featuredmedia":[{"embeddable":true,"href":"https:\/\/futbolhoy.co\/index.php\/wp-json\/wp\/v2\/media\/97414"}],"wp:attachment":[{"href":"https:\/\/futbolhoy.co\/index.php\/wp-json\/wp\/v2\/media?parent=97413"}],"wp:term":[{"taxonomy":"category","embeddable":true,"href":"https:\/\/futbolhoy.co\/index.php\/wp-json\/wp\/v2\/categories?post=97413"},{"taxonomy":"post_tag","embeddable":true,"href":"https:\/\/futbolhoy.co\/index.php\/wp-json\/wp\/v2\/tags?post=97413"}],"curies":[{"name":"wp","href":"https:\/\/api.w.org\/{rel}","templated":true}]}}