{"id":97416,"date":"2023-07-25T16:46:19","date_gmt":"2023-07-25T21:46:19","guid":{"rendered":"https:\/\/futbolhoy.co\/?p=97416"},"modified":"2023-07-26T15:42:07","modified_gmt":"2023-07-26T20:42:07","slug":"johan-mojica-a-un-paso-de-cambiar-de-equipo-en-espana","status":"publish","type":"post","link":"https:\/\/futbolhoy.co\/index.php\/2023\/07\/25\/johan-mojica-a-un-paso-de-cambiar-de-equipo-en-espana\/","title":{"rendered":"Johan Mojica, a un paso de cambiar de equipo en Espa\u00f1a"},"content":{"rendered":"<p style=\"text-align: justify;\"><span style=\"font-family: helvetica, arial, sans-serif;\"><strong>Johan Mojica<\/strong> estar\u00eda muy cerca de concretar su salida del <strong>Villarreal<\/strong> de <strong>Espa\u00f1a<\/strong> y de llegar al <strong>Osasuna,<\/strong> equipo que recibi\u00f3 la buena noticia que finalmente s\u00ed disputar\u00e1 la <strong>Conference<\/strong> <strong>League<\/strong> tras un inconveniente con la <strong>UEFA<\/strong>.<\/span><\/p>\n<p style=\"text-align: justify;\"><span style=\"font-family: helvetica, arial, sans-serif;\">La informaci\u00f3n la dio a conocer le medio <em>Relevo<\/em>, que asegur\u00f3 en su publicaci\u00f3n que la vinculaci\u00f3n se dar\u00e1 mediante una f\u00f3rmula de \u201csalario m\u00e1s amortizaci\u00f3n. Es lo que pagar\u00e1 Osasuna por hacerse con el lateral zurdo\u201d. El entrenador Jagoba Arrasate ten\u00eda un hueco en esa posici\u00f3n tras la salida de <strong>Manu<\/strong> <strong>S\u00e1nchez<\/strong> con destino al <strong>Celta de Vigo,<\/strong> pero ser\u00e1 el jugador de la <strong>Selecci\u00f3n Colombia<\/strong> el que llene ese espacio.<\/span><\/p>\n<p style=\"text-align: justify;\"><span style=\"font-family: helvetica, arial, sans-serif;\">Mojica, de 30 a\u00f1os, no tuvo su mejor paso por el Submarino Amarillo, con el que disput\u00f3 17 partidos de <strong>Liga<\/strong> y 7 de Conference League, aportando s\u00f3lo una asistencia en el torneo internacional. Sus caracter\u00edsticas se adaptan al esquema utilizando en Osasuna, donde los laterales son profundos y env\u00edan centros al \u00e1rea.<\/span><\/p>\n<p style=\"text-align: justify;\"><span style=\"font-family: helvetica, arial, sans-serif;\">El anuncio se har\u00eda oficial en los pr\u00f3ximos d\u00edas y se convertir\u00eda en el tercer fichaje del cuadro <strong>subcampe\u00f3n<\/strong> de la<strong> Copa del Rey.<\/strong> Ser\u00eda el s\u00e9ptimo club del cale\u00f1o en <strong>Europa<\/strong>.<\/span><\/p>\n","protected":false},"excerpt":{"rendered":"<p>Johan Mojica estar\u00eda muy cerca de concretar su salida del Villarreal de Espa\u00f1a y de llegar al Osasuna, equipo que recibi\u00f3 la buena noticia que finalmente s\u00ed disputar\u00e1 la Conference League tras un inconveniente con la UEFA. La informaci\u00f3n la dio a conocer le medio Relevo, que asegur\u00f3 en su publicaci\u00f3n que la vinculaci\u00f3n se [&hellip;]<\/p>\n","protected":false},"author":4,"featured_media":86018,"comment_status":"open","ping_status":"closed","sticky":false,"template":"","format":"standard","meta":{"_acf_changed":false,"footnotes":""},"categories":[152],"tags":[],"class_list":{"0":"post-97416","1":"post","2":"type-post","3":"status-publish","4":"format-standard","5":"has-post-thumbnail","7":"category-mundo-futbol"},"acf":[],"_links":{"self":[{"href":"https:\/\/futbolhoy.co\/index.php\/wp-json\/wp\/v2\/posts\/97416","targetHints":{"allow":["GET"]}}],"collection":[{"href":"https:\/\/futbolhoy.co\/index.php\/wp-json\/wp\/v2\/posts"}],"about":[{"href":"https:\/\/futbolhoy.co\/index.php\/wp-json\/wp\/v2\/types\/post"}],"author":[{"embeddable":true,"href":"https:\/\/futbolhoy.co\/index.php\/wp-json\/wp\/v2\/users\/4"}],"replies":[{"embeddable":true,"href":"https:\/\/futbolhoy.co\/index.php\/wp-json\/wp\/v2\/comments?post=97416"}],"version-history":[{"count":1,"href":"https:\/\/futbolhoy.co\/index.php\/wp-json\/wp\/v2\/posts\/97416\/revisions"}],"predecessor-version":[{"id":97417,"href":"https:\/\/futbolhoy.co\/index.php\/wp-json\/wp\/v2\/posts\/97416\/revisions\/97417"}],"wp:featuredmedia":[{"embeddable":true,"href":"https:\/\/futbolhoy.co\/index.php\/wp-json\/wp\/v2\/media\/86018"}],"wp:attachment":[{"href":"https:\/\/futbolhoy.co\/index.php\/wp-json\/wp\/v2\/media?parent=97416"}],"wp:term":[{"taxonomy":"category","embeddable":true,"href":"https:\/\/futbolhoy.co\/index.php\/wp-json\/wp\/v2\/categories?post=97416"},{"taxonomy":"post_tag","embeddable":true,"href":"https:\/\/futbolhoy.co\/index.php\/wp-json\/wp\/v2\/tags?post=97416"}],"curies":[{"name":"wp","href":"https:\/\/api.w.org\/{rel}","templated":true}]}}