{"id":97418,"date":"2023-07-25T18:52:56","date_gmt":"2023-07-25T23:52:56","guid":{"rendered":"https:\/\/futbolhoy.co\/?p=97418"},"modified":"2023-07-26T08:37:17","modified_gmt":"2023-07-26T13:37:17","slug":"alberto-suarez-deja-de-ser-el-dt-de-envigado","status":"publish","type":"post","link":"https:\/\/futbolhoy.co\/index.php\/2023\/07\/25\/alberto-suarez-deja-de-ser-el-dt-de-envigado\/","title":{"rendered":"Alberto Su\u00e1rez deja de ser el DT de Envigado"},"content":{"rendered":"<p style=\"text-align: justify;\"><span style=\"font-family: helvetica, arial, sans-serif;\">La aventura de <strong>Alberto<\/strong> <strong>Su\u00e1rez<\/strong> al mando de <strong>Envigado<\/strong> ha finalizado. As\u00ed lo dio a conocer de manera sorpresiva el club por medio de un comunicado compartido a trav\u00e9s de sus redes sociales, en el que adem\u00e1s informan que <strong>Andr\u00e9s Orozco<\/strong> y <strong>Jhonny Ram\u00edrez<\/strong> asumir\u00e1n de manera interina. Se trata del primer equipo que se queda sin entrenador en apenas dos fechas.<\/span><\/p>\n<p style=\"text-align: justify;\"><span style=\"font-family: helvetica, arial, sans-serif;\">\u201cEnvigado informa que ha llegado a un acuerdo para la terminaci\u00f3n del contrato con el cuerpo t\u00e9cnico del plantel profesional. La instituci\u00f3n anuncia que, a partir de la fecha, Alberto Su\u00e1rez,<strong> Carlos Ram\u00edrez y \u00c1lvaro Medina<\/strong> no hacen parte de la Cantera de H\u00e9roes\u201d, anunciaron.<\/span><\/p>\n<p style=\"text-align: justify;\"><span style=\"font-family: helvetica, arial, sans-serif;\">Si bien no dieron a conocer las razones, habr\u00eda pasado por la mala racha que tra\u00eda el equipo desde el semestre anterior, donde solo consiguieron 4 triunfos. El \u00faltimo data del 13 de abril ante<strong> Deportes Tolima.<\/strong><\/span><\/p>\n<p style=\"text-align: justify;\"><span style=\"font-family: helvetica, arial, sans-serif;\">En su paso por el cuadro antioque\u00f1o, Su\u00e1rez, de 62 a\u00f1os dirigi\u00f3 70 partidos, con un saldo de 22 victorias, 21 empates, 27 derrotas para un rendimiento del 41 %.<\/span><\/p>\n","protected":false},"excerpt":{"rendered":"<p>La aventura de Alberto Su\u00e1rez al mando de Envigado ha finalizado. As\u00ed lo dio a conocer de manera sorpresiva el club por medio de un comunicado compartido a trav\u00e9s de sus redes sociales, en el que adem\u00e1s informan que Andr\u00e9s Orozco y Jhonny Ram\u00edrez asumir\u00e1n de manera interina. Se trata del primer equipo que se [&hellip;]<\/p>\n","protected":false},"author":4,"featured_media":97429,"comment_status":"open","ping_status":"closed","sticky":false,"template":"","format":"standard","meta":{"_acf_changed":false,"footnotes":""},"categories":[7],"tags":[],"class_list":{"0":"post-97418","1":"post","2":"type-post","3":"status-publish","4":"format-standard","5":"has-post-thumbnail","7":"category-liga-betplay"},"acf":[],"_links":{"self":[{"href":"https:\/\/futbolhoy.co\/index.php\/wp-json\/wp\/v2\/posts\/97418","targetHints":{"allow":["GET"]}}],"collection":[{"href":"https:\/\/futbolhoy.co\/index.php\/wp-json\/wp\/v2\/posts"}],"about":[{"href":"https:\/\/futbolhoy.co\/index.php\/wp-json\/wp\/v2\/types\/post"}],"author":[{"embeddable":true,"href":"https:\/\/futbolhoy.co\/index.php\/wp-json\/wp\/v2\/users\/4"}],"replies":[{"embeddable":true,"href":"https:\/\/futbolhoy.co\/index.php\/wp-json\/wp\/v2\/comments?post=97418"}],"version-history":[{"count":1,"href":"https:\/\/futbolhoy.co\/index.php\/wp-json\/wp\/v2\/posts\/97418\/revisions"}],"predecessor-version":[{"id":97430,"href":"https:\/\/futbolhoy.co\/index.php\/wp-json\/wp\/v2\/posts\/97418\/revisions\/97430"}],"wp:featuredmedia":[{"embeddable":true,"href":"https:\/\/futbolhoy.co\/index.php\/wp-json\/wp\/v2\/media\/97429"}],"wp:attachment":[{"href":"https:\/\/futbolhoy.co\/index.php\/wp-json\/wp\/v2\/media?parent=97418"}],"wp:term":[{"taxonomy":"category","embeddable":true,"href":"https:\/\/futbolhoy.co\/index.php\/wp-json\/wp\/v2\/categories?post=97418"},{"taxonomy":"post_tag","embeddable":true,"href":"https:\/\/futbolhoy.co\/index.php\/wp-json\/wp\/v2\/tags?post=97418"}],"curies":[{"name":"wp","href":"https:\/\/api.w.org\/{rel}","templated":true}]}}