{"id":9742,"date":"2017-11-14T19:02:53","date_gmt":"2017-11-15T00:02:53","guid":{"rendered":"http:\/\/futbolhoy.co\/?p=9742"},"modified":"2017-11-15T17:07:31","modified_gmt":"2017-11-15T22:07:31","slug":"barcelona-hace-seguimiento-al-cucho-hernandez","status":"publish","type":"post","link":"https:\/\/futbolhoy.co\/index.php\/2017\/11\/14\/barcelona-hace-seguimiento-al-cucho-hernandez\/","title":{"rendered":"Barcelona hace seguimiento al \u201ccucho\u201d Hern\u00e1ndez"},"content":{"rendered":"<p style=\"font-weight: 400; text-align: justify;\">El juvenil goleador colombiano\u00a0<strong>Juan Camilo \u201cCucho\u201d Hern\u00e1ndez<\/strong>es observado desde el Suramericano sub-20 de Ecuador, por el<strong>Barcelona<\/strong>\u00a0de Espa\u00f1a, revel\u00f3\u00a0<strong>Mundo Deportivo<\/strong>.<\/p>\n<p style=\"font-weight: 400; text-align: justify;\">Los derechos deportivos de Hern\u00e1ndez, quien cumple con una buena campa\u00f1a con Huesca en la segunda divisi\u00f3n ib\u00e9rica, pertenecen al\u00a0<strong>Watford<\/strong>\u00a0de Inglaterra que lo tiene cedido.<\/p>\n<p style=\"font-weight: 400; text-align: justify;\">El colombiano, con 18 a\u00f1os, suma tres dobletes en la temporada.<\/p>\n","protected":false},"excerpt":{"rendered":"<p>El juvenil goleador colombiano\u00a0Juan Camilo \u201cCucho\u201d Hern\u00e1ndezes observado desde el Suramericano sub-20 de Ecuador, por elBarcelona\u00a0de Espa\u00f1a, revel\u00f3\u00a0Mundo Deportivo. Los derechos deportivos de Hern\u00e1ndez, quien cumple con una buena campa\u00f1a con Huesca en la segunda divisi\u00f3n ib\u00e9rica, pertenecen al\u00a0Watford\u00a0de Inglaterra que lo tiene cedido. El colombiano, con 18 a\u00f1os, suma tres dobletes en la temporada.<\/p>\n","protected":false},"author":5,"featured_media":9737,"comment_status":"open","ping_status":"closed","sticky":false,"template":"","format":"standard","meta":{"_acf_changed":false,"footnotes":""},"categories":[152],"tags":[],"class_list":{"0":"post-9742","1":"post","2":"type-post","3":"status-publish","4":"format-standard","5":"has-post-thumbnail","7":"category-mundo-futbol"},"acf":[],"_links":{"self":[{"href":"https:\/\/futbolhoy.co\/index.php\/wp-json\/wp\/v2\/posts\/9742","targetHints":{"allow":["GET"]}}],"collection":[{"href":"https:\/\/futbolhoy.co\/index.php\/wp-json\/wp\/v2\/posts"}],"about":[{"href":"https:\/\/futbolhoy.co\/index.php\/wp-json\/wp\/v2\/types\/post"}],"author":[{"embeddable":true,"href":"https:\/\/futbolhoy.co\/index.php\/wp-json\/wp\/v2\/users\/5"}],"replies":[{"embeddable":true,"href":"https:\/\/futbolhoy.co\/index.php\/wp-json\/wp\/v2\/comments?post=9742"}],"version-history":[{"count":1,"href":"https:\/\/futbolhoy.co\/index.php\/wp-json\/wp\/v2\/posts\/9742\/revisions"}],"predecessor-version":[{"id":9743,"href":"https:\/\/futbolhoy.co\/index.php\/wp-json\/wp\/v2\/posts\/9742\/revisions\/9743"}],"wp:featuredmedia":[{"embeddable":true,"href":"https:\/\/futbolhoy.co\/index.php\/wp-json\/wp\/v2\/media\/9737"}],"wp:attachment":[{"href":"https:\/\/futbolhoy.co\/index.php\/wp-json\/wp\/v2\/media?parent=9742"}],"wp:term":[{"taxonomy":"category","embeddable":true,"href":"https:\/\/futbolhoy.co\/index.php\/wp-json\/wp\/v2\/categories?post=9742"},{"taxonomy":"post_tag","embeddable":true,"href":"https:\/\/futbolhoy.co\/index.php\/wp-json\/wp\/v2\/tags?post=9742"}],"curies":[{"name":"wp","href":"https:\/\/api.w.org\/{rel}","templated":true}]}}