{"id":97446,"date":"2023-07-26T08:38:45","date_gmt":"2023-07-26T13:38:45","guid":{"rendered":"https:\/\/futbolhoy.co\/?p=97446"},"modified":"2023-07-26T22:27:11","modified_gmt":"2023-07-27T03:27:11","slug":"falcao-interesa-en-la-liga-arabe","status":"publish","type":"post","link":"https:\/\/futbolhoy.co\/index.php\/2023\/07\/26\/falcao-interesa-en-la-liga-arabe\/","title":{"rendered":"Falcao interesa en la Liga \u00c1rabe"},"content":{"rendered":"<p style=\"font-weight: 400; text-align: justify;\"><span style=\"font-family: helvetica, arial, sans-serif;\"><b>Falcao Garc\u00eda <\/b><span style=\"font-weight: 400;\">es otro de los futbolistas que interesan en la Liga de Arabia Saudita y podr\u00eda jugar esta temporada con <\/span><b>Cristiano Ronaldo, Karim Benzema <\/b><span style=\"font-weight: 400;\">y m\u00e1s Estrellas que se han dejado encantar por los \u00e1rabes.\u00a0<\/span><\/span><\/p>\n<p style=\"font-weight: 400; text-align: justify;\"><span style=\"font-family: helvetica, arial, sans-serif;\"><span style=\"font-weight: 400;\">La continuidad de Falcao en el Rayo Vallecano parec\u00eda un hecho luego que el colombiano <\/span><b>empezara la pretemporada <\/b><span style=\"font-weight: 400;\">con los espa\u00f1oles, incluso regresando a la n\u00f3mina titular en un juego de pretemporada, adem\u00e1s de las palabras del t\u00e9cnico Francisco, quien destac\u00f3 que contar\u00eda con el Tigre en esta campa\u00f1a.\u00a0<\/span><\/span><\/p>\n<p style=\"font-weight: 400; text-align: justify;\"><span style=\"font-family: helvetica, arial, sans-serif;\"><span style=\"font-weight: 400;\">Sin embargo, <\/span><b>todo podr\u00eda dar un giro inesperado<\/b><span style=\"font-weight: 400;\"> luego de que Fabrizio Romano confirmar\u00e1 que el delantero colombiano est\u00e1 siendo de inter\u00e9s en la liga de Arabia.\u00a0<\/span><\/span><\/p>\n<p style=\"font-weight: 400; text-align: justify;\"><span style=\"font-family: helvetica, arial, sans-serif;\"><b>\u201cRadamel Falcao<\/b><span style=\"font-weight: 400;\">, uno m\u00e1s para ver para la liga saud\u00ed este verano. Entendiendo que los clubes saud\u00edes han iniciado contactos para explorar posibles movimientos. Las discusiones se llevar\u00e1n a cabo, ya que el plan para traer estrellas no se detiene y <\/span><b>Falcao est\u00e1 incluido en la lista\u201d, <\/b><span style=\"font-weight: 400;\">asegur\u00f3 el experto en fichajes.\u00a0<\/span><\/span><\/p>\n<p style=\"font-weight: 400; text-align: justify;\"><span style=\"font-family: helvetica, arial, sans-serif;\"><span style=\"font-weight: 400;\">Lo cierto por ahora es que <\/span><b>Falcao<\/b><span style=\"font-weight: 400;\"> es parte del <\/span><b>Rayo Vallecano <\/b><span style=\"font-weight: 400;\">y lo ser\u00eda por lo menos toda la temporada, pero ante la posibilidad de ser <\/span><b>m\u00e1s protagonista en Arabia<\/b><span style=\"font-weight: 400;\">, la oferta ser\u00eda tentadora para el colombiano.\u00a0<\/span><\/span><\/p>\n","protected":false},"excerpt":{"rendered":"<p>Falcao Garc\u00eda es otro de los futbolistas que interesan en la Liga de Arabia Saudita y podr\u00eda jugar esta temporada con Cristiano Ronaldo, Karim Benzema y m\u00e1s Estrellas que se han dejado encantar por los \u00e1rabes.\u00a0 La continuidad de Falcao en el Rayo Vallecano parec\u00eda un hecho luego que el colombiano empezara la pretemporada con [&hellip;]<\/p>\n","protected":false},"author":4,"featured_media":97447,"comment_status":"open","ping_status":"closed","sticky":false,"template":"","format":"standard","meta":{"_acf_changed":false,"footnotes":""},"categories":[418],"tags":[],"class_list":{"0":"post-97446","1":"post","2":"type-post","3":"status-publish","4":"format-standard","5":"has-post-thumbnail","7":"category-colombia"},"acf":[],"_links":{"self":[{"href":"https:\/\/futbolhoy.co\/index.php\/wp-json\/wp\/v2\/posts\/97446","targetHints":{"allow":["GET"]}}],"collection":[{"href":"https:\/\/futbolhoy.co\/index.php\/wp-json\/wp\/v2\/posts"}],"about":[{"href":"https:\/\/futbolhoy.co\/index.php\/wp-json\/wp\/v2\/types\/post"}],"author":[{"embeddable":true,"href":"https:\/\/futbolhoy.co\/index.php\/wp-json\/wp\/v2\/users\/4"}],"replies":[{"embeddable":true,"href":"https:\/\/futbolhoy.co\/index.php\/wp-json\/wp\/v2\/comments?post=97446"}],"version-history":[{"count":2,"href":"https:\/\/futbolhoy.co\/index.php\/wp-json\/wp\/v2\/posts\/97446\/revisions"}],"predecessor-version":[{"id":97460,"href":"https:\/\/futbolhoy.co\/index.php\/wp-json\/wp\/v2\/posts\/97446\/revisions\/97460"}],"wp:featuredmedia":[{"embeddable":true,"href":"https:\/\/futbolhoy.co\/index.php\/wp-json\/wp\/v2\/media\/97447"}],"wp:attachment":[{"href":"https:\/\/futbolhoy.co\/index.php\/wp-json\/wp\/v2\/media?parent=97446"}],"wp:term":[{"taxonomy":"category","embeddable":true,"href":"https:\/\/futbolhoy.co\/index.php\/wp-json\/wp\/v2\/categories?post=97446"},{"taxonomy":"post_tag","embeddable":true,"href":"https:\/\/futbolhoy.co\/index.php\/wp-json\/wp\/v2\/tags?post=97446"}],"curies":[{"name":"wp","href":"https:\/\/api.w.org\/{rel}","templated":true}]}}