{"id":97449,"date":"2023-07-26T15:48:28","date_gmt":"2023-07-26T20:48:28","guid":{"rendered":"https:\/\/futbolhoy.co\/?p=97449"},"modified":"2023-07-27T08:07:47","modified_gmt":"2023-07-27T13:07:47","slug":"colombiano-debuta-con-el-primer-equipo-del-manchester-united","status":"publish","type":"post","link":"https:\/\/futbolhoy.co\/index.php\/2023\/07\/26\/colombiano-debuta-con-el-primer-equipo-del-manchester-united\/","title":{"rendered":"Colombiano debuta con el primer equipo del Manchester United"},"content":{"rendered":"<p style=\"text-align: justify;\"><span style=\"font-family: helvetica, arial, sans-serif;\">El delantero <strong>Mateo Mej\u00eda<\/strong> se convirti\u00f3 en el segundo colombiano en vestir los colores del <strong>Manchester United,<\/strong> tras <strong>Falcao<\/strong> (2014-2015). El joven futbolista realiz\u00f3 su debut con el primer equipo en el amistoso ante Wrexham que fue derrota para los Diablos Rojos por 3-1.<\/span><\/p>\n<p style=\"text-align: justify;\"><span style=\"font-family: helvetica, arial, sans-serif;\">Mej\u00eda, de 20 a\u00f1os, nacido en <strong>Espa\u00f1a<\/strong> y de padres colombianos, ingres\u00f3 al minuto 68 en reemplazo de <strong>Shola Shoretire,<\/strong> otro de los juveniles que convoc\u00f3<strong> Erik ten Hag<\/strong> para la pretemporada.<\/span><\/p>\n<p style=\"text-align: justify;\"><span style=\"font-family: helvetica, arial, sans-serif;\">Al futbolista colombiano le renovaron recientemente su contrato, luego de haber destacado durante el \u00faltimo a\u00f1o con el equipo Sub-21. Ante la cantidad de partidos que se avecina, se espera que sea tenido en cuenta en algunas convocatorias y realice su debut oficial en uno de los equipos m\u00e1s grandes del mundo.<\/span><\/p>\n<p style=\"text-align: justify;\"><span style=\"font-family: helvetica, arial, sans-serif;\">Manchester United inicia la <strong>Premier League<\/strong> el lunes 14 de agosto. Mientras tanto, afrontar\u00e1 duelos de preparaci\u00f3n ante <strong>Real Madrid, Lens<\/strong> y <strong>Athletic Bilbao.<\/strong><\/span><\/p>\n","protected":false},"excerpt":{"rendered":"<p>El delantero Mateo Mej\u00eda se convirti\u00f3 en el segundo colombiano en vestir los colores del Manchester United, tras Falcao (2014-2015). El joven futbolista realiz\u00f3 su debut con el primer equipo en el amistoso ante Wrexham que fue derrota para los Diablos Rojos por 3-1. Mej\u00eda, de 20 a\u00f1os, nacido en Espa\u00f1a y de padres colombianos, [&hellip;]<\/p>\n","protected":false},"author":4,"featured_media":97450,"comment_status":"open","ping_status":"closed","sticky":false,"template":"","format":"standard","meta":{"_acf_changed":false,"footnotes":""},"categories":[152],"tags":[],"class_list":{"0":"post-97449","1":"post","2":"type-post","3":"status-publish","4":"format-standard","5":"has-post-thumbnail","7":"category-mundo-futbol"},"acf":[],"_links":{"self":[{"href":"https:\/\/futbolhoy.co\/index.php\/wp-json\/wp\/v2\/posts\/97449","targetHints":{"allow":["GET"]}}],"collection":[{"href":"https:\/\/futbolhoy.co\/index.php\/wp-json\/wp\/v2\/posts"}],"about":[{"href":"https:\/\/futbolhoy.co\/index.php\/wp-json\/wp\/v2\/types\/post"}],"author":[{"embeddable":true,"href":"https:\/\/futbolhoy.co\/index.php\/wp-json\/wp\/v2\/users\/4"}],"replies":[{"embeddable":true,"href":"https:\/\/futbolhoy.co\/index.php\/wp-json\/wp\/v2\/comments?post=97449"}],"version-history":[{"count":1,"href":"https:\/\/futbolhoy.co\/index.php\/wp-json\/wp\/v2\/posts\/97449\/revisions"}],"predecessor-version":[{"id":97451,"href":"https:\/\/futbolhoy.co\/index.php\/wp-json\/wp\/v2\/posts\/97449\/revisions\/97451"}],"wp:featuredmedia":[{"embeddable":true,"href":"https:\/\/futbolhoy.co\/index.php\/wp-json\/wp\/v2\/media\/97450"}],"wp:attachment":[{"href":"https:\/\/futbolhoy.co\/index.php\/wp-json\/wp\/v2\/media?parent=97449"}],"wp:term":[{"taxonomy":"category","embeddable":true,"href":"https:\/\/futbolhoy.co\/index.php\/wp-json\/wp\/v2\/categories?post=97449"},{"taxonomy":"post_tag","embeddable":true,"href":"https:\/\/futbolhoy.co\/index.php\/wp-json\/wp\/v2\/tags?post=97449"}],"curies":[{"name":"wp","href":"https:\/\/api.w.org\/{rel}","templated":true}]}}