{"id":97452,"date":"2023-07-26T17:20:16","date_gmt":"2023-07-26T22:20:16","guid":{"rendered":"https:\/\/futbolhoy.co\/?p=97452"},"modified":"2023-07-27T10:34:35","modified_gmt":"2023-07-27T15:34:35","slug":"johan-mojica-es-nuevo-jugador-de-osasuna","status":"publish","type":"post","link":"https:\/\/futbolhoy.co\/index.php\/2023\/07\/26\/johan-mojica-es-nuevo-jugador-de-osasuna\/","title":{"rendered":"Johan Mojica es nuevo jugador de Osasuna"},"content":{"rendered":"<p style=\"text-align: justify;\"><span style=\"font-family: helvetica, arial, sans-serif;\"><strong>Johan Mojica<\/strong> deja el <strong>Villarreal<\/strong> y se suma a la disciplina de <strong>Osasuna,<\/strong> club que jugar\u00e1 la pr\u00f3xima temporada <strong>Conference League.<\/strong> El movimiento es un pr\u00e9stamo por una temporada sin opci\u00f3n de compra.<\/span><\/p>\n<p style=\"text-align: justify;\"><span style=\"font-family: helvetica, arial, sans-serif;\">\u00abEl <strong>Club Atl\u00e9tico Osasuna<\/strong> ha alcanzado un acuerdo con el <strong>Villarreal Club de F\u00fatbol<\/strong> para la cesi\u00f3n de Johan Mojica para la temporada 2023-2024. La operaci\u00f3n no incluir\u00e1 opci\u00f3n de compra para la entidad &#8216;rojilla\u2019, que abonar\u00e1 100.000 \u20ac al club &#8216;groguet\u2019 en concepto del pr\u00e9stamo\u201d, anunci\u00f3 el cuadro de Pamplona.<\/span><\/p>\n<p style=\"text-align: justify;\"><span style=\"font-family: helvetica, arial, sans-serif;\">El lateral de 30 a\u00f1os, llegar\u00e1 a su nuevo club el pr\u00f3ximo lunes y ser\u00e1 presentado el martes en el estadio El <strong>Sadar.<\/strong> Mojica ser\u00e1 el encargado de ocupar el vac\u00edo en el lateral que dej\u00f3 Manu S\u00e1nchez, quien puso rumbo al Celta de Vigo.<\/span><\/p>\n<p style=\"text-align: justify;\"><span style=\"font-family: helvetica, arial, sans-serif;\">En su paso por Villarreal disput\u00f3 17 partidos por Liga y 7 por Conference League, aportando solo una asistencia, por lo que no tuvo una muy destacada en el equipo con el que tiene contrato hasta 2026.<\/span><\/p>\n","protected":false},"excerpt":{"rendered":"<p>Johan Mojica deja el Villarreal y se suma a la disciplina de Osasuna, club que jugar\u00e1 la pr\u00f3xima temporada Conference League. El movimiento es un pr\u00e9stamo por una temporada sin opci\u00f3n de compra. \u00abEl Club Atl\u00e9tico Osasuna ha alcanzado un acuerdo con el Villarreal Club de F\u00fatbol para la cesi\u00f3n de Johan Mojica para la [&hellip;]<\/p>\n","protected":false},"author":4,"featured_media":97454,"comment_status":"open","ping_status":"closed","sticky":false,"template":"","format":"standard","meta":{"_acf_changed":false,"footnotes":""},"categories":[152],"tags":[],"class_list":{"0":"post-97452","1":"post","2":"type-post","3":"status-publish","4":"format-standard","5":"has-post-thumbnail","7":"category-mundo-futbol"},"acf":[],"_links":{"self":[{"href":"https:\/\/futbolhoy.co\/index.php\/wp-json\/wp\/v2\/posts\/97452","targetHints":{"allow":["GET"]}}],"collection":[{"href":"https:\/\/futbolhoy.co\/index.php\/wp-json\/wp\/v2\/posts"}],"about":[{"href":"https:\/\/futbolhoy.co\/index.php\/wp-json\/wp\/v2\/types\/post"}],"author":[{"embeddable":true,"href":"https:\/\/futbolhoy.co\/index.php\/wp-json\/wp\/v2\/users\/4"}],"replies":[{"embeddable":true,"href":"https:\/\/futbolhoy.co\/index.php\/wp-json\/wp\/v2\/comments?post=97452"}],"version-history":[{"count":1,"href":"https:\/\/futbolhoy.co\/index.php\/wp-json\/wp\/v2\/posts\/97452\/revisions"}],"predecessor-version":[{"id":97455,"href":"https:\/\/futbolhoy.co\/index.php\/wp-json\/wp\/v2\/posts\/97452\/revisions\/97455"}],"wp:featuredmedia":[{"embeddable":true,"href":"https:\/\/futbolhoy.co\/index.php\/wp-json\/wp\/v2\/media\/97454"}],"wp:attachment":[{"href":"https:\/\/futbolhoy.co\/index.php\/wp-json\/wp\/v2\/media?parent=97452"}],"wp:term":[{"taxonomy":"category","embeddable":true,"href":"https:\/\/futbolhoy.co\/index.php\/wp-json\/wp\/v2\/categories?post=97452"},{"taxonomy":"post_tag","embeddable":true,"href":"https:\/\/futbolhoy.co\/index.php\/wp-json\/wp\/v2\/tags?post=97452"}],"curies":[{"name":"wp","href":"https:\/\/api.w.org\/{rel}","templated":true}]}}