{"id":97456,"date":"2023-07-26T19:47:04","date_gmt":"2023-07-27T00:47:04","guid":{"rendered":"https:\/\/futbolhoy.co\/?p=97456"},"modified":"2023-07-27T11:06:05","modified_gmt":"2023-07-27T16:06:05","slug":"james-rodriguez-llegaria-al-futbol-de-brasil","status":"publish","type":"post","link":"https:\/\/futbolhoy.co\/index.php\/2023\/07\/26\/james-rodriguez-llegaria-al-futbol-de-brasil\/","title":{"rendered":"James Rodr\u00edguez llegar\u00eda al f\u00fatbol de Brasil"},"content":{"rendered":"<p style=\"text-align: justify;\"><span style=\"font-family: helvetica, arial, sans-serif;\"><strong>James Rodr\u00edguez<\/strong> estar\u00eda cerca de llegar al<strong> Sao Paulo de Brasil.<\/strong> As\u00ed lo dio a conocer el periodista <strong>Vene Casagrande,<\/strong> quien adem\u00e1s inform\u00f3 que el colombiano ya le dio el \u201cs\u00ed\u201d a la instituci\u00f3n paulista.<\/span><\/p>\n<p style=\"text-align: justify;\"><span style=\"font-family: helvetica, arial, sans-serif;\">Posteriormente, el jugador de 32 a\u00f1os public\u00f3 en su cuenta de Instagram una foto en la que se le ve en un avi\u00f3n y acompa\u00f1\u00f3 el mensaje con un emoji de ojos. Ante esto, hinchas de <strong>Sao Paulo<\/strong> respondieron d\u00e1ndole la eventual bienvenida.<\/span><\/p>\n<p style=\"text-align: justify;\"><span style=\"font-family: helvetica, arial, sans-serif;\">James se presentar\u00eda en las instalaciones del cuadro Tricolor el jueves para terminar de concretar su vinculaci\u00f3n por dos los pr\u00f3ximos dos a\u00f1os.<\/span><\/p>\n<p style=\"text-align: justify;\"><span style=\"font-family: helvetica, arial, sans-serif;\">\u201cS\u00e3o Paulo a\u00fan no trata a James Rodr\u00edguez como \u2018contratado\u2019 porque todav\u00eda van a empezar a intercambiar documentos, pero los representantes del mediocampista y el propio jugador ya llegaron a un acuerdo con la directiva tricolor para la firma del v\u00ednculo. Entonces, cuesti\u00f3n de tiempo\u201d, agreg\u00f3 el periodista brasile\u00f1o.<\/span><\/p>\n<p style=\"text-align: justify;\"><span style=\"font-family: helvetica, arial, sans-serif;\">En caso de concretar el acuerdo, ser\u00eda el d\u00e9cimo club del cucute\u00f1o, quien se encuentra como agente libre desde abril luego de rescindir su contrato con Olympiacos. Desde entonces, ha estado en vacaciones en <strong>Colombia<\/strong> y <strong>Estados Unidos,<\/strong> as\u00ed como solucionando situaciones administrativas en el pa\u00eds.<\/span><\/p>\n","protected":false},"excerpt":{"rendered":"<p>James Rodr\u00edguez estar\u00eda cerca de llegar al Sao Paulo de Brasil. As\u00ed lo dio a conocer el periodista Vene Casagrande, quien adem\u00e1s inform\u00f3 que el colombiano ya le dio el \u201cs\u00ed\u201d a la instituci\u00f3n paulista. Posteriormente, el jugador de 32 a\u00f1os public\u00f3 en su cuenta de Instagram una foto en la que se le ve [&hellip;]<\/p>\n","protected":false},"author":4,"featured_media":87230,"comment_status":"open","ping_status":"closed","sticky":false,"template":"","format":"standard","meta":{"_acf_changed":false,"footnotes":""},"categories":[152],"tags":[],"class_list":{"0":"post-97456","1":"post","2":"type-post","3":"status-publish","4":"format-standard","5":"has-post-thumbnail","7":"category-mundo-futbol"},"acf":[],"_links":{"self":[{"href":"https:\/\/futbolhoy.co\/index.php\/wp-json\/wp\/v2\/posts\/97456","targetHints":{"allow":["GET"]}}],"collection":[{"href":"https:\/\/futbolhoy.co\/index.php\/wp-json\/wp\/v2\/posts"}],"about":[{"href":"https:\/\/futbolhoy.co\/index.php\/wp-json\/wp\/v2\/types\/post"}],"author":[{"embeddable":true,"href":"https:\/\/futbolhoy.co\/index.php\/wp-json\/wp\/v2\/users\/4"}],"replies":[{"embeddable":true,"href":"https:\/\/futbolhoy.co\/index.php\/wp-json\/wp\/v2\/comments?post=97456"}],"version-history":[{"count":1,"href":"https:\/\/futbolhoy.co\/index.php\/wp-json\/wp\/v2\/posts\/97456\/revisions"}],"predecessor-version":[{"id":97457,"href":"https:\/\/futbolhoy.co\/index.php\/wp-json\/wp\/v2\/posts\/97456\/revisions\/97457"}],"wp:featuredmedia":[{"embeddable":true,"href":"https:\/\/futbolhoy.co\/index.php\/wp-json\/wp\/v2\/media\/87230"}],"wp:attachment":[{"href":"https:\/\/futbolhoy.co\/index.php\/wp-json\/wp\/v2\/media?parent=97456"}],"wp:term":[{"taxonomy":"category","embeddable":true,"href":"https:\/\/futbolhoy.co\/index.php\/wp-json\/wp\/v2\/categories?post=97456"},{"taxonomy":"post_tag","embeddable":true,"href":"https:\/\/futbolhoy.co\/index.php\/wp-json\/wp\/v2\/tags?post=97456"}],"curies":[{"name":"wp","href":"https:\/\/api.w.org\/{rel}","templated":true}]}}