{"id":97458,"date":"2023-07-26T21:34:34","date_gmt":"2023-07-27T02:34:34","guid":{"rendered":"https:\/\/futbolhoy.co\/?p=97458"},"modified":"2023-07-27T16:38:56","modified_gmt":"2023-07-27T21:38:56","slug":"linda-caicedo-prende-las-alarmas-en-la-seleccion-colombia","status":"publish","type":"post","link":"https:\/\/futbolhoy.co\/index.php\/2023\/07\/26\/linda-caicedo-prende-las-alarmas-en-la-seleccion-colombia\/","title":{"rendered":"Linda Caicedo prende las alarmas en la Selecci\u00f3n Colombia"},"content":{"rendered":"<p style=\"text-align: justify;\"><span style=\"font-family: helvetica, arial, sans-serif;\"><strong>Linda Caicedo<\/strong> se descompens\u00f3 en medio del entrenamiento de este jueves en suelo australiano, que sirvi\u00f3 de preparaci\u00f3n para el duelo ante <strong>Alemania<\/strong> en la segunda fecha del <strong>Grupo<\/strong> <strong>H<\/strong> del <strong>Mundial.<\/strong><\/span><\/p>\n<p style=\"text-align: justify;\"><span style=\"font-family: helvetica, arial, sans-serif;\">Seg\u00fan la informaci\u00f3n que se pudo conocer, la futbolista de 18 a\u00f1os se llev\u00f3 las manos al pecho, luego se arrodill\u00f3 y posteriormente de desvaneci\u00f3. De inmediato acudi\u00f3 el cuerpo m\u00e9dico de la <strong>Selecci\u00f3n Colombia<\/strong> para atender la emergencia, que al parecer no habr\u00eda sido de gravedad.<\/span><\/p>\n<p style=\"text-align: justify;\"><span style=\"font-family: helvetica, arial, sans-serif;\">Los medios de comunicaci\u00f3n que se encontraban presenciando la pr\u00e1ctica fueron retirados de las tribunas por solicitud del grupo t\u00e9cnico. <\/span><\/p>\n<p style=\"text-align: justify;\"><span style=\"font-family: helvetica, arial, sans-serif;\">La <strong>Federaci\u00f3n Colombiana de F\u00fatbol<\/strong> no se ha pronunciado al respecto de momento. Pero no se descartar\u00eda que la futbolista del <strong>Real Madrid<\/strong> no haga parte del encuentro ante las teutonas por tratarse de una eventual situaci\u00f3n card\u00edaca.<\/span><\/p>\n","protected":false},"excerpt":{"rendered":"<p>Linda Caicedo se descompens\u00f3 en medio del entrenamiento de este jueves en suelo australiano, que sirvi\u00f3 de preparaci\u00f3n para el duelo ante Alemania en la segunda fecha del Grupo H del Mundial. Seg\u00fan la informaci\u00f3n que se pudo conocer, la futbolista de 18 a\u00f1os se llev\u00f3 las manos al pecho, luego se arrodill\u00f3 y posteriormente [&hellip;]<\/p>\n","protected":false},"author":4,"featured_media":97411,"comment_status":"open","ping_status":"closed","sticky":false,"template":"","format":"standard","meta":{"_acf_changed":false,"footnotes":""},"categories":[418],"tags":[],"class_list":{"0":"post-97458","1":"post","2":"type-post","3":"status-publish","4":"format-standard","5":"has-post-thumbnail","7":"category-colombia"},"acf":[],"_links":{"self":[{"href":"https:\/\/futbolhoy.co\/index.php\/wp-json\/wp\/v2\/posts\/97458","targetHints":{"allow":["GET"]}}],"collection":[{"href":"https:\/\/futbolhoy.co\/index.php\/wp-json\/wp\/v2\/posts"}],"about":[{"href":"https:\/\/futbolhoy.co\/index.php\/wp-json\/wp\/v2\/types\/post"}],"author":[{"embeddable":true,"href":"https:\/\/futbolhoy.co\/index.php\/wp-json\/wp\/v2\/users\/4"}],"replies":[{"embeddable":true,"href":"https:\/\/futbolhoy.co\/index.php\/wp-json\/wp\/v2\/comments?post=97458"}],"version-history":[{"count":1,"href":"https:\/\/futbolhoy.co\/index.php\/wp-json\/wp\/v2\/posts\/97458\/revisions"}],"predecessor-version":[{"id":97459,"href":"https:\/\/futbolhoy.co\/index.php\/wp-json\/wp\/v2\/posts\/97458\/revisions\/97459"}],"wp:featuredmedia":[{"embeddable":true,"href":"https:\/\/futbolhoy.co\/index.php\/wp-json\/wp\/v2\/media\/97411"}],"wp:attachment":[{"href":"https:\/\/futbolhoy.co\/index.php\/wp-json\/wp\/v2\/media?parent=97458"}],"wp:term":[{"taxonomy":"category","embeddable":true,"href":"https:\/\/futbolhoy.co\/index.php\/wp-json\/wp\/v2\/categories?post=97458"},{"taxonomy":"post_tag","embeddable":true,"href":"https:\/\/futbolhoy.co\/index.php\/wp-json\/wp\/v2\/tags?post=97458"}],"curies":[{"name":"wp","href":"https:\/\/api.w.org\/{rel}","templated":true}]}}