{"id":97461,"date":"2023-07-26T21:00:03","date_gmt":"2023-07-27T02:00:03","guid":{"rendered":"https:\/\/futbolhoy.co\/?p=97461"},"modified":"2023-07-27T14:26:47","modified_gmt":"2023-07-27T19:26:47","slug":"nacional-deja-encaminada-la-eliminatoria-por-copa","status":"publish","type":"post","link":"https:\/\/futbolhoy.co\/index.php\/2023\/07\/26\/nacional-deja-encaminada-la-eliminatoria-por-copa\/","title":{"rendered":"Nacional deja encaminada la eliminatoria por Copa"},"content":{"rendered":"<p style=\"text-align: justify;\"><span style=\"font-family: helvetica, arial, sans-serif;\">Nacional venci\u00f3 en el <strong>Pascual Guerrero<\/strong> a <strong>Am\u00e9rica de Cali<\/strong> por 1-3 en el partido de ida de la <strong>Copa Colombia,<\/strong> resultado que lo deja bien parado para el partido de vuelta en <strong>Medell\u00edn.<\/strong><\/span><\/p>\n<p style=\"text-align: justify;\"><span style=\"font-family: helvetica, arial, sans-serif;\"><strong>\u00d3scar Perea<\/strong> abri\u00f3 el marcador para la visita al minuto 2 tras ingresar por zona izquierda. Sobre el 11\u2019, <strong>Carlos Darwin Quintero<\/strong> tuvo la oportunidad de igualar desde el punto penal, pero ataj\u00f3 bien le arquero <\/span><span style=\"font-family: helvetica, arial, sans-serif;\"><strong>Harlen Castillo.<\/strong> Sin embargo, instantes m\u00e1s tarde el encargado de la igualdad fue <strong>Jader Qui\u00f1ones.<\/strong><\/span><\/p>\n<p style=\"text-align: justify;\"><span style=\"font-family: helvetica, arial, sans-serif;\">Previo al final del primer tiempo, los antioque\u00f1os ampliaron la ventaja con un gol de Nelson Deossa de gran calidad para vencer a <strong>Diego Novoa.<\/strong> Finalmente, fue <strong>\u00c1lvaro \u00c1ngulo<\/strong> el que al minuto 75 sentenci\u00f3 el encuentro.<\/span><\/p>\n<p style=\"text-align: justify;\"><span style=\"font-family: helvetica, arial, sans-serif;\">El juego de vuelta ser\u00e1 el jueves 17 de agosto en el <strong>Atanasio Girardot<\/strong> desde las 8:30 de la noche.<\/span><\/p>\n","protected":false},"excerpt":{"rendered":"<p>Nacional venci\u00f3 en el Pascual Guerrero a Am\u00e9rica de Cali por 1-3 en el partido de ida de la Copa Colombia, resultado que lo deja bien parado para el partido de vuelta en Medell\u00edn. \u00d3scar Perea abri\u00f3 el marcador para la visita al minuto 2 tras ingresar por zona izquierda. Sobre el 11\u2019, Carlos Darwin [&hellip;]<\/p>\n","protected":false},"author":4,"featured_media":97462,"comment_status":"open","ping_status":"closed","sticky":false,"template":"","format":"standard","meta":{"_acf_changed":false,"footnotes":""},"categories":[1162],"tags":[],"class_list":{"0":"post-97461","1":"post","2":"type-post","3":"status-publish","4":"format-standard","5":"has-post-thumbnail","7":"category-copa-betplay"},"acf":[],"_links":{"self":[{"href":"https:\/\/futbolhoy.co\/index.php\/wp-json\/wp\/v2\/posts\/97461","targetHints":{"allow":["GET"]}}],"collection":[{"href":"https:\/\/futbolhoy.co\/index.php\/wp-json\/wp\/v2\/posts"}],"about":[{"href":"https:\/\/futbolhoy.co\/index.php\/wp-json\/wp\/v2\/types\/post"}],"author":[{"embeddable":true,"href":"https:\/\/futbolhoy.co\/index.php\/wp-json\/wp\/v2\/users\/4"}],"replies":[{"embeddable":true,"href":"https:\/\/futbolhoy.co\/index.php\/wp-json\/wp\/v2\/comments?post=97461"}],"version-history":[{"count":1,"href":"https:\/\/futbolhoy.co\/index.php\/wp-json\/wp\/v2\/posts\/97461\/revisions"}],"predecessor-version":[{"id":97463,"href":"https:\/\/futbolhoy.co\/index.php\/wp-json\/wp\/v2\/posts\/97461\/revisions\/97463"}],"wp:featuredmedia":[{"embeddable":true,"href":"https:\/\/futbolhoy.co\/index.php\/wp-json\/wp\/v2\/media\/97462"}],"wp:attachment":[{"href":"https:\/\/futbolhoy.co\/index.php\/wp-json\/wp\/v2\/media?parent=97461"}],"wp:term":[{"taxonomy":"category","embeddable":true,"href":"https:\/\/futbolhoy.co\/index.php\/wp-json\/wp\/v2\/categories?post=97461"},{"taxonomy":"post_tag","embeddable":true,"href":"https:\/\/futbolhoy.co\/index.php\/wp-json\/wp\/v2\/tags?post=97461"}],"curies":[{"name":"wp","href":"https:\/\/api.w.org\/{rel}","templated":true}]}}