{"id":97464,"date":"2023-07-27T08:09:49","date_gmt":"2023-07-27T13:09:49","guid":{"rendered":"https:\/\/futbolhoy.co\/?p=97464"},"modified":"2023-07-27T18:17:12","modified_gmt":"2023-07-27T23:17:12","slug":"diego-godin-le-dice-adios-al-futbol","status":"publish","type":"post","link":"https:\/\/futbolhoy.co\/index.php\/2023\/07\/27\/diego-godin-le-dice-adios-al-futbol\/","title":{"rendered":"Diego Godin le dice adi\u00f3s al f\u00fatbol"},"content":{"rendered":"<p style=\"font-weight: 400; text-align: justify;\"><span style=\"font-family: helvetica, arial, sans-serif;\"><span style=\"font-weight: 400;\">El uruguayo <\/span><b>Diego Godin tom\u00f3 la decisi\u00f3n de decirle adi\u00f3s <\/b><span style=\"font-weight: 400;\">al f\u00fatbol profesional, luego de <\/span><b>m\u00e1s de 20 a\u00f1os<\/b><span style=\"font-weight: 400;\"> defendiendo los colores de clubes en Europa, Sudam\u00e9rica y con la Selecci\u00f3n de su pa\u00eds.\u00a0<\/span><\/span><\/p>\n<p style=\"font-weight: 400; text-align: justify;\"><span style=\"font-family: helvetica, arial, sans-serif;\"><span style=\"font-weight: 400;\">El defensor acord\u00f3 su salida de <\/span><b>V\u00e9lez<\/b><span style=\"font-weight: 400;\">, club al que lleg\u00f3 en 2022 y no pudo encontrar continuidad, por lo que a <\/span><b>sus 37 a\u00f1os opt\u00f3 por colgar las botas<\/b><span style=\"font-weight: 400;\"> y decirle adi\u00f3s al f\u00fatbol, aunque medios internacionales apuntaban a que el defensa ten\u00eda una propuesta de Nacional de Montevideo.\u00a0<\/span><\/span><\/p>\n<p style=\"font-weight: 400; text-align: justify;\"><span style=\"font-family: helvetica, arial, sans-serif;\"><span style=\"font-weight: 400;\">El pr\u00f3ximo domingo ante Hurac\u00e1n <\/span><b>Godin disputar\u00e1 su \u00faltimo <\/b><span style=\"font-weight: 400;\">partido como profesional.\u00a0<\/span><\/span><\/p>\n<p style=\"font-weight: 400; text-align: justify;\"><span style=\"font-family: helvetica, arial, sans-serif;\"><span style=\"font-weight: 400;\">Godin debut\u00f3 en <\/span><b>Cerro<\/b><span style=\"font-weight: 400;\"> y visti\u00f3 durante su carrera las camisetas de Nacional, Villarreal, Atl\u00e9tico de Madrid, Inter de Mil\u00e1n, Cagliari, Atl\u00e9tico Mineiro, V\u00e9lez y la Selecci\u00f3n de Uruguay, con la que disput\u00f3 cuatro Mundiales.<\/span><\/span><\/p>\n<p style=\"font-weight: 400; text-align: justify;\"><span style=\"font-family: helvetica, arial, sans-serif;\"><span style=\"font-weight: 400;\">Con los charr\u00faas <\/span><b>Godin consigui\u00f3 disputar 161 partidos<\/b><span style=\"font-weight: 400;\"> y anot\u00f3 8 goles, mientras que en clubes marc\u00f3 44 en m\u00e1s de 700 partidos durante su carrera.\u00a0<\/span><\/span><\/p>\n","protected":false},"excerpt":{"rendered":"<p>El uruguayo Diego Godin tom\u00f3 la decisi\u00f3n de decirle adi\u00f3s al f\u00fatbol profesional, luego de m\u00e1s de 20 a\u00f1os defendiendo los colores de clubes en Europa, Sudam\u00e9rica y con la Selecci\u00f3n de su pa\u00eds.\u00a0 El defensor acord\u00f3 su salida de V\u00e9lez, club al que lleg\u00f3 en 2022 y no pudo encontrar continuidad, por lo que [&hellip;]<\/p>\n","protected":false},"author":4,"featured_media":97465,"comment_status":"open","ping_status":"closed","sticky":false,"template":"","format":"standard","meta":{"_acf_changed":false,"footnotes":""},"categories":[152],"tags":[],"class_list":{"0":"post-97464","1":"post","2":"type-post","3":"status-publish","4":"format-standard","5":"has-post-thumbnail","7":"category-mundo-futbol"},"acf":[],"_links":{"self":[{"href":"https:\/\/futbolhoy.co\/index.php\/wp-json\/wp\/v2\/posts\/97464","targetHints":{"allow":["GET"]}}],"collection":[{"href":"https:\/\/futbolhoy.co\/index.php\/wp-json\/wp\/v2\/posts"}],"about":[{"href":"https:\/\/futbolhoy.co\/index.php\/wp-json\/wp\/v2\/types\/post"}],"author":[{"embeddable":true,"href":"https:\/\/futbolhoy.co\/index.php\/wp-json\/wp\/v2\/users\/4"}],"replies":[{"embeddable":true,"href":"https:\/\/futbolhoy.co\/index.php\/wp-json\/wp\/v2\/comments?post=97464"}],"version-history":[{"count":1,"href":"https:\/\/futbolhoy.co\/index.php\/wp-json\/wp\/v2\/posts\/97464\/revisions"}],"predecessor-version":[{"id":97466,"href":"https:\/\/futbolhoy.co\/index.php\/wp-json\/wp\/v2\/posts\/97464\/revisions\/97466"}],"wp:featuredmedia":[{"embeddable":true,"href":"https:\/\/futbolhoy.co\/index.php\/wp-json\/wp\/v2\/media\/97465"}],"wp:attachment":[{"href":"https:\/\/futbolhoy.co\/index.php\/wp-json\/wp\/v2\/media?parent=97464"}],"wp:term":[{"taxonomy":"category","embeddable":true,"href":"https:\/\/futbolhoy.co\/index.php\/wp-json\/wp\/v2\/categories?post=97464"},{"taxonomy":"post_tag","embeddable":true,"href":"https:\/\/futbolhoy.co\/index.php\/wp-json\/wp\/v2\/tags?post=97464"}],"curies":[{"name":"wp","href":"https:\/\/api.w.org\/{rel}","templated":true}]}}