{"id":97467,"date":"2023-07-27T10:36:25","date_gmt":"2023-07-27T15:36:25","guid":{"rendered":"https:\/\/futbolhoy.co\/?p=97467"},"modified":"2023-07-27T21:54:30","modified_gmt":"2023-07-28T02:54:30","slug":"como-le-fue-a-james-jugando-en-sudamerica-aqui-estan-sus-numeros","status":"publish","type":"post","link":"https:\/\/futbolhoy.co\/index.php\/2023\/07\/27\/como-le-fue-a-james-jugando-en-sudamerica-aqui-estan-sus-numeros\/","title":{"rendered":"\u00bfC\u00f3mo le fue a James jugando en Sudam\u00e9rica? Aqu\u00ed est\u00e1n sus n\u00fameros"},"content":{"rendered":"<p style=\"font-weight: 400; text-align: justify;\"><span style=\"font-family: helvetica, arial, sans-serif;\"><span style=\"font-weight: 400;\">James Rodr\u00edguez ser\u00eda oficializado muy pronto como nuevo jugador del <\/span><b>S\u00e3o Paulo<\/b><span style=\"font-weight: 400;\">, equipo brasile\u00f1o con el que en 10 de la Selecci\u00f3n Colombia jugar\u00eda la <\/span><b>Copa Sudamericana.\u00a0<\/b><\/span><\/p>\n<p style=\"font-weight: 400; text-align: justify;\"><span style=\"font-family: helvetica, arial, sans-serif;\"><span style=\"font-weight: 400;\">Desde Brasil, <\/span><b>Vene Casagrande, periodista de SBT Sports, <\/b><span style=\"font-weight: 400;\">inform\u00f3 que el cuadro paulista est\u00e1 a la espera de hacer oficial la contrataci\u00f3n del colombiano, que este mismo jueves llegar\u00eda a firmar.\u00a0<\/span><\/span><\/p>\n<p style=\"font-weight: 400; text-align: justify;\"><span style=\"font-family: helvetica, arial, sans-serif;\"><span style=\"font-weight: 400;\">As\u00ed las cosas, <\/span><b>S\u00e3o Paulo ser\u00e1 el tercer equipo <\/b><span style=\"font-weight: 400;\">de James Rodr\u00edguez en Sudam\u00e9rica y su regreso, precisamente, a este continente.\u00a0<\/span><\/span><\/p>\n<p style=\"font-weight: 400; text-align: justify;\"><span style=\"font-family: helvetica, arial, sans-serif;\"><b>Los n\u00fameros de James en Suram\u00e9rica\u00a0<\/b><\/span><\/p>\n<p style=\"font-weight: 400; text-align: justify;\"><span style=\"font-family: helvetica, arial, sans-serif;\"><span style=\"font-weight: 400;\">Su debut profesional fue en <\/span><b>Envigado en 2006, <\/b><span style=\"font-weight: 400;\">donde disput\u00f3 un total de 30 partidos y marc\u00f3 9 goles en dos a\u00f1os en la <\/span><b>Cantera de H\u00e9roes<\/b><span style=\"font-weight: 400;\">, antes de salir al exterior.\u00a0<\/span><\/span><\/p>\n<p style=\"font-weight: 400; text-align: justify;\"><span style=\"font-family: helvetica, arial, sans-serif;\"><span style=\"font-weight: 400;\">El <\/span><b>segundo club de James <\/b><span style=\"font-weight: 400;\">en su carrera fue extranjero. Banfield contrat\u00f3 al volante y consigui\u00f3 que se fijaran en \u00e9l desde Portugal, en <\/span><b>Porto<\/b><span style=\"font-weight: 400;\">, donde dio el gran salto al f\u00fatbol europeo.\u00a0<\/span><\/span><\/p>\n<p style=\"font-weight: 400; text-align: justify;\"><span style=\"font-family: helvetica, arial, sans-serif;\"><span style=\"font-weight: 400;\">En el equipo argentino James disput\u00f3 51 partidos, en los que marc\u00f3 10 goles y asisti\u00f3 en 8 oportunidades. Adem\u00e1s se <\/span><b>consagr\u00f3 campe\u00f3n de la Liga Argentina en 2010.\u00a0<\/b><\/span><\/p>\n","protected":false},"excerpt":{"rendered":"<p>James Rodr\u00edguez ser\u00eda oficializado muy pronto como nuevo jugador del S\u00e3o Paulo, equipo brasile\u00f1o con el que en 10 de la Selecci\u00f3n Colombia jugar\u00eda la Copa Sudamericana.\u00a0 Desde Brasil, Vene Casagrande, periodista de SBT Sports, inform\u00f3 que el cuadro paulista est\u00e1 a la espera de hacer oficial la contrataci\u00f3n del colombiano, que este mismo jueves [&hellip;]<\/p>\n","protected":false},"author":4,"featured_media":97470,"comment_status":"open","ping_status":"closed","sticky":false,"template":"","format":"standard","meta":{"_acf_changed":false,"footnotes":""},"categories":[418],"tags":[],"class_list":{"0":"post-97467","1":"post","2":"type-post","3":"status-publish","4":"format-standard","5":"has-post-thumbnail","7":"category-colombia"},"acf":[],"_links":{"self":[{"href":"https:\/\/futbolhoy.co\/index.php\/wp-json\/wp\/v2\/posts\/97467","targetHints":{"allow":["GET"]}}],"collection":[{"href":"https:\/\/futbolhoy.co\/index.php\/wp-json\/wp\/v2\/posts"}],"about":[{"href":"https:\/\/futbolhoy.co\/index.php\/wp-json\/wp\/v2\/types\/post"}],"author":[{"embeddable":true,"href":"https:\/\/futbolhoy.co\/index.php\/wp-json\/wp\/v2\/users\/4"}],"replies":[{"embeddable":true,"href":"https:\/\/futbolhoy.co\/index.php\/wp-json\/wp\/v2\/comments?post=97467"}],"version-history":[{"count":1,"href":"https:\/\/futbolhoy.co\/index.php\/wp-json\/wp\/v2\/posts\/97467\/revisions"}],"predecessor-version":[{"id":97469,"href":"https:\/\/futbolhoy.co\/index.php\/wp-json\/wp\/v2\/posts\/97467\/revisions\/97469"}],"wp:featuredmedia":[{"embeddable":true,"href":"https:\/\/futbolhoy.co\/index.php\/wp-json\/wp\/v2\/media\/97470"}],"wp:attachment":[{"href":"https:\/\/futbolhoy.co\/index.php\/wp-json\/wp\/v2\/media?parent=97467"}],"wp:term":[{"taxonomy":"category","embeddable":true,"href":"https:\/\/futbolhoy.co\/index.php\/wp-json\/wp\/v2\/categories?post=97467"},{"taxonomy":"post_tag","embeddable":true,"href":"https:\/\/futbolhoy.co\/index.php\/wp-json\/wp\/v2\/tags?post=97467"}],"curies":[{"name":"wp","href":"https:\/\/api.w.org\/{rel}","templated":true}]}}