{"id":97471,"date":"2023-07-27T12:38:33","date_gmt":"2023-07-27T17:38:33","guid":{"rendered":"https:\/\/futbolhoy.co\/?p=97471"},"modified":"2023-07-28T09:27:37","modified_gmt":"2023-07-28T14:27:37","slug":"uefa-toma-decision-sobre-barcelona-puede-o-no-jugar-champions","status":"publish","type":"post","link":"https:\/\/futbolhoy.co\/index.php\/2023\/07\/27\/uefa-toma-decision-sobre-barcelona-puede-o-no-jugar-champions\/","title":{"rendered":"UEFA toma decisi\u00f3n sobre Barcelona: \u00bfPuede o no jugar Champions?"},"content":{"rendered":"<p style=\"font-weight: 400; text-align: justify;\"><span style=\"font-family: helvetica, arial, sans-serif;\"><span style=\"font-weight: 400;\">El \u00d3rgano de Apelaci\u00f3n de la UEFA anunci\u00f3 la decisi\u00f3n tomada sobre si el <\/span><b>Barcelona<\/b><span style=\"font-weight: 400;\"> puede jugar la pr\u00f3xima <\/span><b>Champions League,<\/b><span style=\"font-weight: 400;\"> en medio de las investigaciones por el caso Negreira.\u00a0<\/span><\/span><\/p>\n<p style=\"font-weight: 400; text-align: justify;\"><span style=\"font-family: helvetica, arial, sans-serif;\"><span style=\"font-weight: 400;\">\u201cEl FC Barcelona es <\/span><b>admitido provisionalmente <\/b><span style=\"font-weight: 400;\">para participar en las competiciones de clubes de la UEFA 2023\/2024. Se reserva una futura decisi\u00f3n sobre la admisi\u00f3n\/exclusi\u00f3n de las competiciones de clubes de la UEFA\u00bb, public\u00f3 el m\u00e1ximo organismo del f\u00fatbol europeo.\u00a0<\/span><\/span><\/p>\n<p style=\"font-weight: 400; text-align: justify;\"><span style=\"font-family: helvetica, arial, sans-serif;\"><span style=\"font-weight: 400;\">No obstante, la <\/span><b>UEFA pidi\u00f3 al equipo cul\u00e9 \u00abmantener informados<\/b><span style=\"font-weight: 400;\"> a los EDI del avance de las investigaciones en curso de forma proactiva y de facilitar a los EDI todos los documentos e informaci\u00f3n que soliciten\u00bb.\u00a0<\/span><\/span><\/p>\n<p style=\"font-weight: 400; text-align: justify;\"><span style=\"font-weight: 400; font-family: helvetica, arial, sans-serif;\">As\u00ed las cosas, el Barcelona podr\u00e1 jugar al Champions League, que dar\u00e1 inicio en su fase de grupos el pr\u00f3ximo 19 de septiembre y tendr\u00e1 la final el pr\u00f3ximo a\u00f1o en Wembley el 1 de junio.\u00a0<\/span><\/p>\n","protected":false},"excerpt":{"rendered":"<p>El \u00d3rgano de Apelaci\u00f3n de la UEFA anunci\u00f3 la decisi\u00f3n tomada sobre si el Barcelona puede jugar la pr\u00f3xima Champions League, en medio de las investigaciones por el caso Negreira.\u00a0 \u201cEl FC Barcelona es admitido provisionalmente para participar en las competiciones de clubes de la UEFA 2023\/2024. Se reserva una futura decisi\u00f3n sobre la admisi\u00f3n\/exclusi\u00f3n [&hellip;]<\/p>\n","protected":false},"author":4,"featured_media":97474,"comment_status":"open","ping_status":"closed","sticky":false,"template":"","format":"standard","meta":{"_acf_changed":false,"footnotes":""},"categories":[152],"tags":[],"class_list":{"0":"post-97471","1":"post","2":"type-post","3":"status-publish","4":"format-standard","5":"has-post-thumbnail","7":"category-mundo-futbol"},"acf":[],"_links":{"self":[{"href":"https:\/\/futbolhoy.co\/index.php\/wp-json\/wp\/v2\/posts\/97471","targetHints":{"allow":["GET"]}}],"collection":[{"href":"https:\/\/futbolhoy.co\/index.php\/wp-json\/wp\/v2\/posts"}],"about":[{"href":"https:\/\/futbolhoy.co\/index.php\/wp-json\/wp\/v2\/types\/post"}],"author":[{"embeddable":true,"href":"https:\/\/futbolhoy.co\/index.php\/wp-json\/wp\/v2\/users\/4"}],"replies":[{"embeddable":true,"href":"https:\/\/futbolhoy.co\/index.php\/wp-json\/wp\/v2\/comments?post=97471"}],"version-history":[{"count":1,"href":"https:\/\/futbolhoy.co\/index.php\/wp-json\/wp\/v2\/posts\/97471\/revisions"}],"predecessor-version":[{"id":97475,"href":"https:\/\/futbolhoy.co\/index.php\/wp-json\/wp\/v2\/posts\/97471\/revisions\/97475"}],"wp:featuredmedia":[{"embeddable":true,"href":"https:\/\/futbolhoy.co\/index.php\/wp-json\/wp\/v2\/media\/97474"}],"wp:attachment":[{"href":"https:\/\/futbolhoy.co\/index.php\/wp-json\/wp\/v2\/media?parent=97471"}],"wp:term":[{"taxonomy":"category","embeddable":true,"href":"https:\/\/futbolhoy.co\/index.php\/wp-json\/wp\/v2\/categories?post=97471"},{"taxonomy":"post_tag","embeddable":true,"href":"https:\/\/futbolhoy.co\/index.php\/wp-json\/wp\/v2\/tags?post=97471"}],"curies":[{"name":"wp","href":"https:\/\/api.w.org\/{rel}","templated":true}]}}