{"id":98102,"date":"2023-08-15T10:00:44","date_gmt":"2023-08-15T15:00:44","guid":{"rendered":"https:\/\/futbolhoy.co\/?p=98102"},"modified":"2023-08-16T07:27:34","modified_gmt":"2023-08-16T12:27:34","slug":"sebastian-villa-llegaria-al-futbol-de-turquia","status":"publish","type":"post","link":"https:\/\/futbolhoy.co\/index.php\/2023\/08\/15\/sebastian-villa-llegaria-al-futbol-de-turquia\/","title":{"rendered":"Sebasti\u00e1n Villa llegar\u00eda al f\u00fatbol de Turqu\u00eda"},"content":{"rendered":"<p style=\"text-align: justify;\"><span style=\"font-family: helvetica, arial, sans-serif;\"><strong>Sebasti\u00e1n Villa<\/strong> se convertir\u00eda en futbolista del <strong>Kasimpasa<\/strong> de <strong>Turqu\u00eda.<\/strong> El colombiano llegar\u00eda en condici\u00f3n de agente libre, sin embargo, no se encuentra en ese estado, ya que no ha rescindido su contrato con <strong>Boca Juniors,<\/strong> club con el que tiene v\u00ednculo hasta 2024.<\/span><\/p>\n<p style=\"text-align: justify;\"><span style=\"font-family: helvetica, arial, sans-serif;\"><strong>C\u00e9sar Luis Merlo,<\/strong> periodista argentino, dio a conocer que el antioque\u00f1o alcanz\u00f3 un acuerdo de palabra con el club turco por los pr\u00f3ximos dos a\u00f1os. No obstante, se meter\u00eda en problemas legales con Boca Juniors.<\/span><\/p>\n<p style=\"text-align: justify;\"><span style=\"font-family: helvetica, arial, sans-serif;\">El equipo Xeneize, que prev\u00e9 que Villa ya est\u00e1 en suelo europeo para firmar su contrato, demandar\u00eda al jugador y al Kasimpasa por la operaci\u00f3n, partiendo que el jugador figura en su plantel y adem\u00e1s tiene una cl\u00e1usula de 40 millones de d\u00f3lares.<\/span><\/p>\n<p style=\"text-align: justify;\"><span style=\"font-family: helvetica, arial, sans-serif;\">Villa busc\u00f3 la manera de quedar con el pase en la mano, pero desde el cuadro Xeneize no estuvieron dispuestos a abrir esa posibilidad. Ahora entrar\u00edan en un l\u00edo jur\u00eddico donde ser\u00e1 la <strong>FIFA<\/strong> la encargada de mediar y emitir un fallo.<\/span><\/p>\n","protected":false},"excerpt":{"rendered":"<p>Sebasti\u00e1n Villa se convertir\u00eda en futbolista del Kasimpasa de Turqu\u00eda. El colombiano llegar\u00eda en condici\u00f3n de agente libre, sin embargo, no se encuentra en ese estado, ya que no ha rescindido su contrato con Boca Juniors, club con el que tiene v\u00ednculo hasta 2024. C\u00e9sar Luis Merlo, periodista argentino, dio a conocer que el antioque\u00f1o [&hellip;]<\/p>\n","protected":false},"author":4,"featured_media":76189,"comment_status":"open","ping_status":"closed","sticky":false,"template":"","format":"standard","meta":{"_acf_changed":false,"footnotes":""},"categories":[152],"tags":[],"class_list":{"0":"post-98102","1":"post","2":"type-post","3":"status-publish","4":"format-standard","5":"has-post-thumbnail","7":"category-mundo-futbol"},"acf":[],"_links":{"self":[{"href":"https:\/\/futbolhoy.co\/index.php\/wp-json\/wp\/v2\/posts\/98102","targetHints":{"allow":["GET"]}}],"collection":[{"href":"https:\/\/futbolhoy.co\/index.php\/wp-json\/wp\/v2\/posts"}],"about":[{"href":"https:\/\/futbolhoy.co\/index.php\/wp-json\/wp\/v2\/types\/post"}],"author":[{"embeddable":true,"href":"https:\/\/futbolhoy.co\/index.php\/wp-json\/wp\/v2\/users\/4"}],"replies":[{"embeddable":true,"href":"https:\/\/futbolhoy.co\/index.php\/wp-json\/wp\/v2\/comments?post=98102"}],"version-history":[{"count":1,"href":"https:\/\/futbolhoy.co\/index.php\/wp-json\/wp\/v2\/posts\/98102\/revisions"}],"predecessor-version":[{"id":98103,"href":"https:\/\/futbolhoy.co\/index.php\/wp-json\/wp\/v2\/posts\/98102\/revisions\/98103"}],"wp:featuredmedia":[{"embeddable":true,"href":"https:\/\/futbolhoy.co\/index.php\/wp-json\/wp\/v2\/media\/76189"}],"wp:attachment":[{"href":"https:\/\/futbolhoy.co\/index.php\/wp-json\/wp\/v2\/media?parent=98102"}],"wp:term":[{"taxonomy":"category","embeddable":true,"href":"https:\/\/futbolhoy.co\/index.php\/wp-json\/wp\/v2\/categories?post=98102"},{"taxonomy":"post_tag","embeddable":true,"href":"https:\/\/futbolhoy.co\/index.php\/wp-json\/wp\/v2\/tags?post=98102"}],"curies":[{"name":"wp","href":"https:\/\/api.w.org\/{rel}","templated":true}]}}