{"id":98149,"date":"2023-08-17T14:14:19","date_gmt":"2023-08-17T19:14:19","guid":{"rendered":"https:\/\/futbolhoy.co\/?p=98149"},"modified":"2023-08-18T11:10:23","modified_gmt":"2023-08-18T16:10:23","slug":"bolillo-gomez-deja-el-junior-este-seria-su-reemplazante","status":"publish","type":"post","link":"https:\/\/futbolhoy.co\/index.php\/2023\/08\/17\/bolillo-gomez-deja-el-junior-este-seria-su-reemplazante\/","title":{"rendered":"Sin sorpresas: Bolillo G\u00f3mez deja el Junior y ya anunciaron reemplazo"},"content":{"rendered":"<p style=\"text-align: justify;\"><span style=\"font-family: helvetica, arial, sans-serif;\">Se hizo oficial, <strong>Hern\u00e1n Dar\u00edo \u2018Bolillo\u2019 G\u00f3mez<\/strong> dej\u00f3 el cargo de entrenador del <strong>Junior de Barranquilla<\/strong> luego de seis meses de haber aterrizado en la capital del <strong>Atl\u00e1ntico.<\/strong><\/span><\/p>\n<p style=\"text-align: justify;\"><span style=\"font-family: helvetica, arial, sans-serif;\">El antioque\u00f1o present\u00f3 la renuncia tras caer eliminado de los octavos de final de la <strong>Copa Colombia<\/strong> a manos del <strong>C\u00facuta Deportivo,<\/strong> resultado que sentenci\u00f3 su salida. Los malos resultados no le permitieron al cuadro Tibur\u00f3n aguantar m\u00e1s al Bolillo, luego de un inicio de 7 partidos en el semestre con 3 derrotas, 3 empates y solo una victoria, la lograda ante los Motilones que de poco sirvi\u00f3.<\/span><\/p>\n<p style=\"text-align: justify;\"><span style=\"font-family: helvetica, arial, sans-serif;\">Asimismo, en sus 20 encuentros dirigidos, el rendimiento logrado es de 46.6% con 19 goles marcados y 19 recibidos.<\/span><\/p>\n<p style=\"text-align: justify;\"><span style=\"font-family: helvetica, arial, sans-serif;\">Sin mayor sorpresa, Junior anunci\u00f3 que el encargado de reemplazarlo ser\u00eda <strong>Arturo Reyes,<\/strong> quien vivir\u00e1 su tercera etapa en el club. Es de mencionar que, tras su m\u00e1s reciente experiencia en la instituci\u00f3n, el t\u00e9cnico barranquillero no fue liquidado y qued\u00f3 de una u otra manera, ligado al equipo.<\/span><\/p>\n<blockquote class=\"twitter-tweet\">\n<p dir=\"ltr\" lang=\"pt\">\ud83d\udea8Comunicado oficial Junior FC.S.A. <a href=\"https:\/\/t.co\/aBdnhyKaBU\">pic.twitter.com\/aBdnhyKaBU<\/a><\/p>\n<p>\u2014 Junior FC (@JuniorClubSA) <a href=\"https:\/\/twitter.com\/JuniorClubSA\/status\/1692261453439311986?ref_src=twsrc%5Etfw\">August 17, 2023<\/a><\/p><\/blockquote>\n<p><script async src=\"https:\/\/platform.twitter.com\/widgets.js\" charset=\"utf-8\"><\/script><\/p>\n","protected":false},"excerpt":{"rendered":"<p>Se hizo oficial, Hern\u00e1n Dar\u00edo \u2018Bolillo\u2019 G\u00f3mez dej\u00f3 el cargo de entrenador del Junior de Barranquilla luego de seis meses de haber aterrizado en la capital del Atl\u00e1ntico. El antioque\u00f1o present\u00f3 la renuncia tras caer eliminado de los octavos de final de la Copa Colombia a manos del C\u00facuta Deportivo, resultado que sentenci\u00f3 su salida. [&hellip;]<\/p>\n","protected":false},"author":4,"featured_media":98151,"comment_status":"open","ping_status":"closed","sticky":false,"template":"","format":"standard","meta":{"_acf_changed":false,"footnotes":""},"categories":[7],"tags":[],"class_list":{"0":"post-98149","1":"post","2":"type-post","3":"status-publish","4":"format-standard","5":"has-post-thumbnail","7":"category-liga-betplay"},"acf":[],"_links":{"self":[{"href":"https:\/\/futbolhoy.co\/index.php\/wp-json\/wp\/v2\/posts\/98149","targetHints":{"allow":["GET"]}}],"collection":[{"href":"https:\/\/futbolhoy.co\/index.php\/wp-json\/wp\/v2\/posts"}],"about":[{"href":"https:\/\/futbolhoy.co\/index.php\/wp-json\/wp\/v2\/types\/post"}],"author":[{"embeddable":true,"href":"https:\/\/futbolhoy.co\/index.php\/wp-json\/wp\/v2\/users\/4"}],"replies":[{"embeddable":true,"href":"https:\/\/futbolhoy.co\/index.php\/wp-json\/wp\/v2\/comments?post=98149"}],"version-history":[{"count":3,"href":"https:\/\/futbolhoy.co\/index.php\/wp-json\/wp\/v2\/posts\/98149\/revisions"}],"predecessor-version":[{"id":98154,"href":"https:\/\/futbolhoy.co\/index.php\/wp-json\/wp\/v2\/posts\/98149\/revisions\/98154"}],"wp:featuredmedia":[{"embeddable":true,"href":"https:\/\/futbolhoy.co\/index.php\/wp-json\/wp\/v2\/media\/98151"}],"wp:attachment":[{"href":"https:\/\/futbolhoy.co\/index.php\/wp-json\/wp\/v2\/media?parent=98149"}],"wp:term":[{"taxonomy":"category","embeddable":true,"href":"https:\/\/futbolhoy.co\/index.php\/wp-json\/wp\/v2\/categories?post=98149"},{"taxonomy":"post_tag","embeddable":true,"href":"https:\/\/futbolhoy.co\/index.php\/wp-json\/wp\/v2\/tags?post=98149"}],"curies":[{"name":"wp","href":"https:\/\/api.w.org\/{rel}","templated":true}]}}