{"id":98156,"date":"2023-08-17T18:31:01","date_gmt":"2023-08-17T23:31:01","guid":{"rendered":"https:\/\/futbolhoy.co\/?p=98156"},"modified":"2023-08-18T11:09:49","modified_gmt":"2023-08-18T16:09:49","slug":"los-numeros-del-bolillo-gomez-que-sentenciaron-su-salida-de-junior","status":"publish","type":"post","link":"https:\/\/futbolhoy.co\/index.php\/2023\/08\/17\/los-numeros-del-bolillo-gomez-que-sentenciaron-su-salida-de-junior\/","title":{"rendered":"Los n\u00fameros del Bolillo G\u00f3mez que sentenciaron su salida de Junior"},"content":{"rendered":"<p style=\"font-weight: 400; text-align: justify;\"><span style=\"font-family: helvetica, arial, sans-serif;\"><b>Hern\u00e1n Dar\u00edo \u2018Bolillo\u2019 G\u00f3mez<\/b><span style=\"font-weight: 400;\"> no es m\u00e1s el t\u00e9cnico del Junior de Barranquilla tras quedar eliminado de la Copa Colombia <\/span><b>frente al C\u00facuta Deportivo<\/b><span style=\"font-weight: 400;\">, equipo de la B, sentenci\u00f3 su salida, pero tambi\u00e9n los malos resultados en sus seis meses con el Tibur\u00f3n.\u00a0<\/span><\/span><\/p>\n<p style=\"font-weight: 400; text-align: justify;\"><span style=\"font-family: helvetica, arial, sans-serif;\"><span style=\"font-weight: 400;\">Este mi\u00e9rcoles <\/span><b>Junior qued\u00f3 fuera de la Copa Colombia<\/b><span style=\"font-weight: 400;\"> en octavos de final a manos del C\u00facuta, en el mismo estadio <\/span><b>Metropolitano de Barranquilla<\/b><span style=\"font-weight: 400;\">, cuando ya los \u00e1nimos estaban caldeados entre hinchada y cuerpo t\u00e9cnico.\u00a0<\/span><\/span><\/p>\n<p style=\"font-weight: 400; text-align: justify;\"><span style=\"font-family: helvetica, arial, sans-serif;\"><span style=\"font-weight: 400;\">Cinco meses estuvo en el cargo <\/span><b>Hern\u00e1n Dar\u00edo G\u00f3mez<\/b><span style=\"font-weight: 400;\"> y ser\u00e1 reemplazado por Arturo Reyes, ir\u00f3nicamente el mismo t\u00e9cnico que el paisa reemplaz\u00f3.\u00a0<\/span><\/span><\/p>\n<p style=\"font-weight: 400; text-align: justify;\"><span style=\"font-family: helvetica, arial, sans-serif;\"><b>Los n\u00fameros del Bolillo que sentenciaron su salida:<\/b><\/span><\/p>\n<p style=\"font-weight: 400; text-align: justify;\"><span style=\"font-family: helvetica, arial, sans-serif;\"><span style=\"font-weight: 400;\">El t\u00e9cnico antioque\u00f1o dirigi\u00f3 20 partidos oficiales con el Junior, con un saldo de 7 victorias, 7 empates y 6 derrotas, y <\/span><b>un rendimiento del 47%<\/b><span style=\"font-weight: 400;\">.\u00a0 Adem\u00e1s, sus dirigidos marcaron 19 goles y recibi\u00f3 19.\u00a0<\/span><\/span><\/p>\n","protected":false},"excerpt":{"rendered":"<p>Hern\u00e1n Dar\u00edo \u2018Bolillo\u2019 G\u00f3mez no es m\u00e1s el t\u00e9cnico del Junior de Barranquilla tras quedar eliminado de la Copa Colombia frente al C\u00facuta Deportivo, equipo de la B, sentenci\u00f3 su salida, pero tambi\u00e9n los malos resultados en sus seis meses con el Tibur\u00f3n.\u00a0 Este mi\u00e9rcoles Junior qued\u00f3 fuera de la Copa Colombia en octavos de [&hellip;]<\/p>\n","protected":false},"author":4,"featured_media":96947,"comment_status":"open","ping_status":"closed","sticky":false,"template":"","format":"standard","meta":{"_acf_changed":false,"footnotes":""},"categories":[7],"tags":[],"class_list":{"0":"post-98156","1":"post","2":"type-post","3":"status-publish","4":"format-standard","5":"has-post-thumbnail","7":"category-liga-betplay"},"acf":[],"_links":{"self":[{"href":"https:\/\/futbolhoy.co\/index.php\/wp-json\/wp\/v2\/posts\/98156","targetHints":{"allow":["GET"]}}],"collection":[{"href":"https:\/\/futbolhoy.co\/index.php\/wp-json\/wp\/v2\/posts"}],"about":[{"href":"https:\/\/futbolhoy.co\/index.php\/wp-json\/wp\/v2\/types\/post"}],"author":[{"embeddable":true,"href":"https:\/\/futbolhoy.co\/index.php\/wp-json\/wp\/v2\/users\/4"}],"replies":[{"embeddable":true,"href":"https:\/\/futbolhoy.co\/index.php\/wp-json\/wp\/v2\/comments?post=98156"}],"version-history":[{"count":1,"href":"https:\/\/futbolhoy.co\/index.php\/wp-json\/wp\/v2\/posts\/98156\/revisions"}],"predecessor-version":[{"id":98157,"href":"https:\/\/futbolhoy.co\/index.php\/wp-json\/wp\/v2\/posts\/98156\/revisions\/98157"}],"wp:featuredmedia":[{"embeddable":true,"href":"https:\/\/futbolhoy.co\/index.php\/wp-json\/wp\/v2\/media\/96947"}],"wp:attachment":[{"href":"https:\/\/futbolhoy.co\/index.php\/wp-json\/wp\/v2\/media?parent=98156"}],"wp:term":[{"taxonomy":"category","embeddable":true,"href":"https:\/\/futbolhoy.co\/index.php\/wp-json\/wp\/v2\/categories?post=98156"},{"taxonomy":"post_tag","embeddable":true,"href":"https:\/\/futbolhoy.co\/index.php\/wp-json\/wp\/v2\/tags?post=98156"}],"curies":[{"name":"wp","href":"https:\/\/api.w.org\/{rel}","templated":true}]}}